{"id":4309,"date":"2018-09-24T16:07:03","date_gmt":"2018-09-24T21:07:03","guid":{"rendered":"http:\/\/tvalaire.com\/?p=4309"},"modified":"2018-11-14T16:08:03","modified_gmt":"2018-11-14T22:08:03","slug":"programa-inapam-a-la-fecha-ha-entregado-150-credenciales","status":"publish","type":"post","link":"http:\/\/tvalaire.com\/?p=4309","title":{"rendered":"PROGRAMA INAPAM A LA FECHA HA ENTREGADO 150 CREDENCIALES"},"content":{"rendered":"<p>&nbsp;<\/p>\n<ul>\n<li><b>En tres semanas la gente ha visitado el DIF para hacer el tr\u00e1mite <\/b><\/li>\n<\/ul>\n<ul>\n<li>La atenci\u00f3n es de 08:00 a 15:00 horas de lunes a viernes<\/li>\n<\/ul>\n<p>&nbsp;<\/p>\n<p><span style=\"font-weight: 400;\">Gracias a las gestiones de la Presidenta del Sistema para el Desarrollo Integral de la Familia (DIF) Liliana Flores Castro y la directora Brenda Roc\u00edo Orozco Torres, ahora las personas que tengan cumplidos 60 a\u00f1os ya pueden realizar el tr\u00e1mite para obtener su credencial del Instituto Nacional de las Personas Mayores (INAPAM).<\/span><\/p>\n<p><span style=\"font-weight: 400;\">La Presidenta del Sistema DIF coment\u00f3 que este es uno de los programas que m\u00e1s demanda tienen en la instituci\u00f3n, ya que los adultos al contar con su credencial se hacen acreedores a descuentos en pasajes, pagos de servicios y medicamentos.<\/span><\/p>\n<p><span style=\"font-weight: 400;\">\u201cLa credencial no tiene ning\u00fan costo y el tr\u00e1mite dura menos de 10 minutos, adem\u00e1s no tiene vigencia\u201d, puntualiz\u00f3 Flores Castro.<\/span><\/p>\n<p><span style=\"font-weight: 400;\">Al \u00e1rea que deben acudir las personas es al m\u00f3dulo de \u201cAdultos Mayores\u201d y llevar los siguientes documentos: dos copias de la CURP, dos copias de identificaci\u00f3n oficial y dos fotograf\u00edas tama\u00f1o infantil ya sean a color o blanco y negro.<\/span><\/p>\n<p><span style=\"font-weight: 400;\">Otro de los descuentos que se les hace a los beneficiaros de la credencial, es del 50% para tr\u00e1mites de visa y pasaporte, Liliana Flores hizo una invitaci\u00f3n a las personas que tengan el inter\u00e9s de obtener la credencial pueden comunicarse al tel\u00e9fono 52 201 22 para que les ofrezcan m\u00e1s informaci\u00f3n al respecto. <\/span><\/p>\n","protected":false},"excerpt":{"rendered":"<p>&nbsp; En tres semanas la gente ha visitado el DIF para hacer el tr\u00e1mite La&#8230;<\/p>\n","protected":false},"author":1,"featured_media":4310,"comment_status":"open","ping_status":"open","sticky":false,"template":"","format":"standard","meta":{"jetpack_post_was_ever_published":false,"_jetpack_newsletter_access":"","_jetpack_dont_email_post_to_subs":false,"_jetpack_newsletter_tier_id":0,"_jetpack_memberships_contains_paywalled_content":false,"_jetpack_memberships_contains_paid_content":false,"footnotes":"","jetpack_publicize_message":"","jetpack_publicize_feature_enabled":true,"jetpack_social_post_already_shared":false,"jetpack_social_options":{"image_generator_settings":{"template":"highway","enabled":false},"version":2}},"categories":[1],"tags":[15,36],"class_list":["post-4309","post","type-post","status-publish","format-standard","has-post-thumbnail","hentry","category-la-piedad","tag-la-piedad","tag-principales"],"jetpack_publicize_connections":[],"jetpack_sharing_enabled":true,"featured_image_urls":{"full":["http:\/\/tvalaire.com\/wp-content\/uploads\/2018\/11\/1-1.jpg",1024,683,false],"thumbnail":["http:\/\/tvalaire.com\/wp-content\/uploads\/2018\/11\/1-1-150x150.jpg",150,150,true],"medium":["http:\/\/tvalaire.com\/wp-content\/uploads\/2018\/11\/1-1-300x200.jpg",300,200,true],"medium_large":["http:\/\/tvalaire.com\/wp-content\/uploads\/2018\/11\/1-1-768x512.jpg",640,427,true],"large":["http:\/\/tvalaire.com\/wp-content\/uploads\/2018\/11\/1-1-1024x683.jpg",640,427,true],"post-slider-thumb-size":["http:\/\/tvalaire.com\/wp-content\/uploads\/2018\/11\/1-1.jpg",285,190,false],"post-category-slider-size":["http:\/\/tvalaire.com\/wp-content\/uploads\/2018\/11\/1-1.jpg",330,220,false],"1536x1536":["http:\/\/tvalaire.com\/wp-content\/uploads\/2018\/11\/1-1.jpg",1024,683,false],"2048x2048":["http:\/\/tvalaire.com\/wp-content\/uploads\/2018\/11\/1-1.jpg",1024,683,false],"newsium-slider-full":["http:\/\/tvalaire.com\/wp-content\/uploads\/2018\/11\/1-1.jpg",1024,683,false],"newsium-featured":["http:\/\/tvalaire.com\/wp-content\/uploads\/2018\/11\/1-1.jpg",1024,683,false],"newsium-medium":["http:\/\/tvalaire.com\/wp-content\/uploads\/2018\/11\/1-1.jpg",712,475,false]},"author_info":{"info":["tvalairenoti"]},"category_info":"<a href=\"http:\/\/tvalaire.com\/?cat=1\" rel=\"category\">La Piedad<\/a>","tag_info":"La Piedad","comment_count":"0","jetpack_featured_media_url":"http:\/\/tvalaire.com\/wp-content\/uploads\/2018\/11\/1-1.jpg","_links":{"self":[{"href":"http:\/\/tvalaire.com\/index.php?rest_route=\/wp\/v2\/posts\/4309"}],"collection":[{"href":"http:\/\/tvalaire.com\/index.php?rest_route=\/wp\/v2\/posts"}],"about":[{"href":"http:\/\/tvalaire.com\/index.php?rest_route=\/wp\/v2\/types\/post"}],"author":[{"embeddable":true,"href":"http:\/\/tvalaire.com\/index.php?rest_route=\/wp\/v2\/users\/1"}],"replies":[{"embeddable":true,"href":"http:\/\/tvalaire.com\/index.php?rest_route=%2Fwp%2Fv2%2Fcomments&post=4309"}],"version-history":[{"count":1,"href":"http:\/\/tvalaire.com\/index.php?rest_route=\/wp\/v2\/posts\/4309\/revisions"}],"predecessor-version":[{"id":4311,"href":"http:\/\/tvalaire.com\/index.php?rest_route=\/wp\/v2\/posts\/4309\/revisions\/4311"}],"wp:featuredmedia":[{"embeddable":true,"href":"http:\/\/tvalaire.com\/index.php?rest_route=\/wp\/v2\/media\/4310"}],"wp:attachment":[{"href":"http:\/\/tvalaire.com\/index.php?rest_route=%2Fwp%2Fv2%2Fmedia&parent=4309"}],"wp:term":[{"taxonomy":"category","embeddable":true,"href":"http:\/\/tvalaire.com\/index.php?rest_route=%2Fwp%2Fv2%2Fcategories&post=4309"},{"taxonomy":"post_tag","embeddable":true,"href":"http:\/\/tvalaire.com\/index.php?rest_route=%2Fwp%2Fv2%2Ftags&post=4309"}],"curies":[{"name":"wp","href":"https:\/\/api.w.org\/{rel}","templated":true}]}}