{"id":4303,"date":"2018-09-22T16:04:45","date_gmt":"2018-09-22T21:04:45","guid":{"rendered":"http:\/\/tvalaire.com\/?p=4303"},"modified":"2018-11-14T16:05:47","modified_gmt":"2018-11-14T22:05:47","slug":"el-gobierno-municipal-va-por-la-preservacion-del-medio-ambiente","status":"publish","type":"post","link":"http:\/\/tvalaire.com\/?p=4303","title":{"rendered":"EL GOBIERNO MUNICIPAL VA POR LA PRESERVACI\u00d3N DEL MEDIO AMBIENTE"},"content":{"rendered":"<ul>\n<li style=\"font-weight: 400;\"><span style=\"font-weight: 400;\">Inicio hoy la campa\u00f1a de reforestaci\u00f3n en Los Guajes<\/span><\/li>\n<li style=\"font-weight: 400;\"><span style=\"font-weight: 400;\">A la actividad se sumaron alumnos del Instituto Tecnol\u00f3gico y Personal de Grupo Merza<\/span><\/li>\n<\/ul>\n<p>&nbsp;<\/p>\n<p><span style=\"font-weight: 400;\">Con el fin de contribuir con la preservaci\u00f3n del medio ambiente en La Piedad, el alcalde Alex Espinoza inici\u00f3 hoy la campa\u00f1a de reforestaci\u00f3n en el pante\u00f3n de Los Guajes.<\/span><\/p>\n<p><span style=\"font-weight: 400;\">Y acompa\u00f1ado de su esposa e hijo, fue el primero en plantar uno de los \u00e1rboles que colocaron en el pante\u00f3n \u201cSalvador Cazares\u201d, donde se realiz\u00f3 el evento al que tambi\u00e9n acudieron habitantes de las comunidades pertenecientes a la tenencia; la coordinadora de ecolog\u00eda Tatiana Ayala; algunos regidores, directores, alumnos del Instituto Tecnol\u00f3gico y representantes de Grupo Merza que est\u00e1n sumados a esta acci\u00f3n.<\/span><\/p>\n<p><span style=\"font-weight: 400;\">Alex Espinoza destac\u00f3 que el hecho de iniciar el programa en esta comunidad lo hace por el compromiso que tiene con las mismas y con las cuales dijo ser un aliado.<\/span><\/p>\n<p><span style=\"font-weight: 400;\">Al t\u00e9rmino del acto personal del Gobierno Municipal, alumnos y personas de las comunidades procedieron con la plantaci\u00f3n de los arbolitos comprometi\u00e9ndose a su vez a cuidarlos y preservarlos para que todos obtengan su crecimiento y desarrollo para beneficio del lugar.<\/span><\/p>\n","protected":false},"excerpt":{"rendered":"<p>Inicio hoy la campa\u00f1a de reforestaci\u00f3n en Los Guajes A la actividad se sumaron alumnos&#8230;<\/p>\n","protected":false},"author":1,"featured_media":4304,"comment_status":"open","ping_status":"open","sticky":false,"template":"","format":"standard","meta":{"jetpack_post_was_ever_published":false,"_jetpack_newsletter_access":"","_jetpack_dont_email_post_to_subs":false,"_jetpack_newsletter_tier_id":0,"_jetpack_memberships_contains_paywalled_content":false,"_jetpack_memberships_contains_paid_content":false,"footnotes":"","jetpack_publicize_message":"","jetpack_publicize_feature_enabled":true,"jetpack_social_post_already_shared":false,"jetpack_social_options":{"image_generator_settings":{"template":"highway","enabled":false},"version":2}},"categories":[1],"tags":[15,36],"class_list":["post-4303","post","type-post","status-publish","format-standard","has-post-thumbnail","hentry","category-la-piedad","tag-la-piedad","tag-principales"],"jetpack_publicize_connections":[],"jetpack_sharing_enabled":true,"featured_image_urls":{"full":["http:\/\/tvalaire.com\/wp-content\/uploads\/2018\/11\/LRG-DCC08505.jpg",1920,1080,false],"thumbnail":["http:\/\/tvalaire.com\/wp-content\/uploads\/2018\/11\/LRG-DCC08505-150x150.jpg",150,150,true],"medium":["http:\/\/tvalaire.com\/wp-content\/uploads\/2018\/11\/LRG-DCC08505-300x169.jpg",300,169,true],"medium_large":["http:\/\/tvalaire.com\/wp-content\/uploads\/2018\/11\/LRG-DCC08505-768x432.jpg",640,360,true],"large":["http:\/\/tvalaire.com\/wp-content\/uploads\/2018\/11\/LRG-DCC08505-1024x576.jpg",640,360,true],"post-slider-thumb-size":["http:\/\/tvalaire.com\/wp-content\/uploads\/2018\/11\/LRG-DCC08505.jpg",330,186,false],"post-category-slider-size":["http:\/\/tvalaire.com\/wp-content\/uploads\/2018\/11\/LRG-DCC08505.jpg",330,186,false],"1536x1536":["http:\/\/tvalaire.com\/wp-content\/uploads\/2018\/11\/LRG-DCC08505.jpg",1536,864,false],"2048x2048":["http:\/\/tvalaire.com\/wp-content\/uploads\/2018\/11\/LRG-DCC08505.jpg",1920,1080,false],"newsium-slider-full":["http:\/\/tvalaire.com\/wp-content\/uploads\/2018\/11\/LRG-DCC08505.jpg",1280,720,false],"newsium-featured":["http:\/\/tvalaire.com\/wp-content\/uploads\/2018\/11\/LRG-DCC08505.jpg",1024,576,false],"newsium-medium":["http:\/\/tvalaire.com\/wp-content\/uploads\/2018\/11\/LRG-DCC08505.jpg",720,405,false]},"author_info":{"info":["tvalairenoti"]},"category_info":"<a href=\"http:\/\/tvalaire.com\/?cat=1\" rel=\"category\">La Piedad<\/a>","tag_info":"La Piedad","comment_count":"0","jetpack_featured_media_url":"http:\/\/tvalaire.com\/wp-content\/uploads\/2018\/11\/LRG-DCC08505.jpg","_links":{"self":[{"href":"http:\/\/tvalaire.com\/index.php?rest_route=\/wp\/v2\/posts\/4303"}],"collection":[{"href":"http:\/\/tvalaire.com\/index.php?rest_route=\/wp\/v2\/posts"}],"about":[{"href":"http:\/\/tvalaire.com\/index.php?rest_route=\/wp\/v2\/types\/post"}],"author":[{"embeddable":true,"href":"http:\/\/tvalaire.com\/index.php?rest_route=\/wp\/v2\/users\/1"}],"replies":[{"embeddable":true,"href":"http:\/\/tvalaire.com\/index.php?rest_route=%2Fwp%2Fv2%2Fcomments&post=4303"}],"version-history":[{"count":1,"href":"http:\/\/tvalaire.com\/index.php?rest_route=\/wp\/v2\/posts\/4303\/revisions"}],"predecessor-version":[{"id":4305,"href":"http:\/\/tvalaire.com\/index.php?rest_route=\/wp\/v2\/posts\/4303\/revisions\/4305"}],"wp:featuredmedia":[{"embeddable":true,"href":"http:\/\/tvalaire.com\/index.php?rest_route=\/wp\/v2\/media\/4304"}],"wp:attachment":[{"href":"http:\/\/tvalaire.com\/index.php?rest_route=%2Fwp%2Fv2%2Fmedia&parent=4303"}],"wp:term":[{"taxonomy":"category","embeddable":true,"href":"http:\/\/tvalaire.com\/index.php?rest_route=%2Fwp%2Fv2%2Fcategories&post=4303"},{"taxonomy":"post_tag","embeddable":true,"href":"http:\/\/tvalaire.com\/index.php?rest_route=%2Fwp%2Fv2%2Ftags&post=4303"}],"curies":[{"name":"wp","href":"https:\/\/api.w.org\/{rel}","templated":true}]}}