{"id":430,"date":"2017-02-14T10:22:58","date_gmt":"2017-02-14T16:22:58","guid":{"rendered":"http:\/\/tvalaire.com\/?p=430"},"modified":"2017-02-14T10:22:58","modified_gmt":"2017-02-14T16:22:58","slug":"domingos-populares-en-la-piedad-dedicados-al-amor","status":"publish","type":"post","link":"http:\/\/tvalaire.com\/?p=430","title":{"rendered":"DOMINGOS POPULARES EN LA PIEDAD DEDICADOS AL AMOR"},"content":{"rendered":"<p class=\"x_m_-7713803645752439845gmail-Standard\" align=\"center\">\n<p class=\"x_m_-7713803645752439845gmail-Standard\"><b>M\u00fasica rom\u00e1ntica, regalos y mucho danz\u00f3n formaron parte de los eventos que el Gobierno Municipal realiz\u00f3 el domingo en la Plaza Principal para celebrar el D\u00eda de San Valent\u00edn.<\/b><\/p>\n<p class=\"x_m_-7713803645752439845gmail-Standard\">Con el fin de no pasar desapercibido el D\u00eda de San Valent\u00edn, el Gobierno Municipal de La Piedad que preside Juan Manuel Estrada Medina, a trav\u00e9s de la direcci\u00f3n de Cultura llev\u00f3 a cabo un evento musical rom\u00e1ntico, para celebrar este d\u00eda.<\/p>\n<p class=\"x_m_-7713803645752439845gmail-Standard\">La celebraci\u00f3n se desarroll\u00f3 el pasado domingo a partir de las 17:00 horas en la Plaza Principal, en donde se present\u00f3 un ramillete de cantantes entre los que figuraron: Carlos Medel, Tiba Fuentes, Mauri el Potrillo y su Banda, Cananais de la Sierra, Niko Moreno y Mar\u00eda Margarita.<\/p>\n<p class=\"x_m_-7713803645752439845gmail-Standard\">Tambi\u00e9n se cont\u00f3 con la participaci\u00f3n del grupo \u201cAlegr\u00eda de Vivir\u201d del DIF Municipal correspondientes al grupo de Danz\u00f3n, quienes pusieron incluso a bailar al algunos de los asistentes que se encontraban en la Plaza Principal.<\/p>\n<p class=\"x_m_-7713803645752439845gmail-Standard\">Durante el evento, se regalaron rebozos y hasta prendas de vestir, las cuales fueron entregadas a las personas que asistieron a disfrutar del evento.<\/p>\n<p class=\"x_m_-7713803645752439845gmail-Standard\">Cabe destacar que conforme pasaron las horas, la poblaci\u00f3n se fue concentrando en el Teatro del Pueblo para disfrutar en pareja o en familia del ambiente que se gener\u00f3, ya que cada uno de los participantes interpret\u00f3 canciones de anta\u00f1o, melod\u00edas que fueron hechas para el amor y por el amor.<\/p>\n<p class=\"x_m_-7713803645752439845gmail-Standard\">De esta manera el Gobierno Municipal presidido por Juan Manuel Estrada Medina, celebr\u00f3 una de las festividades que se ha convertido en una tradici\u00f3n, la celebraci\u00f3n del D\u00eda de San Valent\u00edn en medio de un ambiente que fue coronado con la participaci\u00f3n de algunos de los artesanos locales quienes asistieron a la Plaza Principal a ofrecer varias art\u00edculos que servir\u00e1n para regalar este martes 14 de Febrero.<\/p>\n","protected":false},"excerpt":{"rendered":"<p>M\u00fasica rom\u00e1ntica, regalos y mucho danz\u00f3n formaron parte de los eventos que el Gobierno Municipal&#8230;<\/p>\n","protected":false},"author":1,"featured_media":431,"comment_status":"open","ping_status":"open","sticky":false,"template":"","format":"standard","meta":{"jetpack_post_was_ever_published":false,"_jetpack_newsletter_access":"","_jetpack_dont_email_post_to_subs":false,"_jetpack_newsletter_tier_id":0,"_jetpack_memberships_contains_paywalled_content":false,"_jetpack_memberships_contains_paid_content":false,"footnotes":"","jetpack_publicize_message":"","jetpack_publicize_feature_enabled":true,"jetpack_social_post_already_shared":false,"jetpack_social_options":{"image_generator_settings":{"template":"highway","enabled":false},"version":2}},"categories":[1],"tags":[15,36],"class_list":["post-430","post","type-post","status-publish","format-standard","has-post-thumbnail","hentry","category-la-piedad","tag-la-piedad","tag-principales"],"jetpack_publicize_connections":[],"jetpack_sharing_enabled":true,"featured_image_urls":{"full":["http:\/\/tvalaire.com\/wp-content\/uploads\/2017\/02\/1-6-4.jpg",1024,683,false],"thumbnail":["http:\/\/tvalaire.com\/wp-content\/uploads\/2017\/02\/1-6-4-150x150.jpg",150,150,true],"medium":["http:\/\/tvalaire.com\/wp-content\/uploads\/2017\/02\/1-6-4-300x200.jpg",300,200,true],"medium_large":["http:\/\/tvalaire.com\/wp-content\/uploads\/2017\/02\/1-6-4-768x512.jpg",640,427,true],"large":["http:\/\/tvalaire.com\/wp-content\/uploads\/2017\/02\/1-6-4-1024x683.jpg",640,427,true],"post-slider-thumb-size":["http:\/\/tvalaire.com\/wp-content\/uploads\/2017\/02\/1-6-4.jpg",285,190,false],"post-category-slider-size":["http:\/\/tvalaire.com\/wp-content\/uploads\/2017\/02\/1-6-4.jpg",330,220,false],"1536x1536":["http:\/\/tvalaire.com\/wp-content\/uploads\/2017\/02\/1-6-4.jpg",1024,683,false],"2048x2048":["http:\/\/tvalaire.com\/wp-content\/uploads\/2017\/02\/1-6-4.jpg",1024,683,false],"newsium-slider-full":["http:\/\/tvalaire.com\/wp-content\/uploads\/2017\/02\/1-6-4.jpg",1024,683,false],"newsium-featured":["http:\/\/tvalaire.com\/wp-content\/uploads\/2017\/02\/1-6-4.jpg",1024,683,false],"newsium-medium":["http:\/\/tvalaire.com\/wp-content\/uploads\/2017\/02\/1-6-4.jpg",712,475,false]},"author_info":{"info":["tvalairenoti"]},"category_info":"<a href=\"http:\/\/tvalaire.com\/?cat=1\" rel=\"category\">La Piedad<\/a>","tag_info":"La Piedad","comment_count":"0","jetpack_featured_media_url":"http:\/\/tvalaire.com\/wp-content\/uploads\/2017\/02\/1-6-4.jpg","_links":{"self":[{"href":"http:\/\/tvalaire.com\/index.php?rest_route=\/wp\/v2\/posts\/430"}],"collection":[{"href":"http:\/\/tvalaire.com\/index.php?rest_route=\/wp\/v2\/posts"}],"about":[{"href":"http:\/\/tvalaire.com\/index.php?rest_route=\/wp\/v2\/types\/post"}],"author":[{"embeddable":true,"href":"http:\/\/tvalaire.com\/index.php?rest_route=\/wp\/v2\/users\/1"}],"replies":[{"embeddable":true,"href":"http:\/\/tvalaire.com\/index.php?rest_route=%2Fwp%2Fv2%2Fcomments&post=430"}],"version-history":[{"count":1,"href":"http:\/\/tvalaire.com\/index.php?rest_route=\/wp\/v2\/posts\/430\/revisions"}],"predecessor-version":[{"id":433,"href":"http:\/\/tvalaire.com\/index.php?rest_route=\/wp\/v2\/posts\/430\/revisions\/433"}],"wp:featuredmedia":[{"embeddable":true,"href":"http:\/\/tvalaire.com\/index.php?rest_route=\/wp\/v2\/media\/431"}],"wp:attachment":[{"href":"http:\/\/tvalaire.com\/index.php?rest_route=%2Fwp%2Fv2%2Fmedia&parent=430"}],"wp:term":[{"taxonomy":"category","embeddable":true,"href":"http:\/\/tvalaire.com\/index.php?rest_route=%2Fwp%2Fv2%2Fcategories&post=430"},{"taxonomy":"post_tag","embeddable":true,"href":"http:\/\/tvalaire.com\/index.php?rest_route=%2Fwp%2Fv2%2Ftags&post=430"}],"curies":[{"name":"wp","href":"https:\/\/api.w.org\/{rel}","templated":true}]}}