{"id":4295,"date":"2018-09-21T16:00:32","date_gmt":"2018-09-21T21:00:32","guid":{"rendered":"http:\/\/tvalaire.com\/?p=4295"},"modified":"2018-11-14T16:01:42","modified_gmt":"2018-11-14T22:01:42","slug":"iniciara-campana-de-reforestacion-en-la-piedad","status":"publish","type":"post","link":"http:\/\/tvalaire.com\/?p=4295","title":{"rendered":"INICIAR\u00c1 CAMPA\u00d1A DE REFORESTACI\u00d3N EN LA PIEDAD"},"content":{"rendered":"<p>&nbsp;<\/p>\n<ul>\n<li><b>La actividad comenzar\u00e1 en la comunidad de Los Guajes<\/b><\/li>\n<\/ul>\n<ul>\n<li>Se buscar\u00e1 involucrar a los habitantes para que adopten un \u00e1rbol<\/li>\n<\/ul>\n<p>&nbsp;<\/p>\n<p>&nbsp;<\/p>\n<p><span style=\"font-weight: 400;\">El Gobierno Municipal de La Piedad a trav\u00e9s de la Coordinaci\u00f3n de Ecolog\u00eda iniciar\u00e1 a partir de este s\u00e1bado 22 una campa\u00f1a de reforestaci\u00f3n en la tenencia de Los Guajes.<\/span><\/p>\n<p><span style=\"font-weight: 400;\">El objetivo de esta campa\u00f1a es involucrar a la poblaci\u00f3n para que se tome conciencia sobre la importancia del cuidado del medio ambiente, misma que luego se permear\u00e1 en diversos puntos del municipio de La Piedad.<\/span><\/p>\n<p><span style=\"font-weight: 400;\">La cita para el inicio de la actividad ser\u00e1 a las 7:30 horas en el pante\u00f3n de la comunidad y estar\u00e1 encabezada por nuestro alcalde Alex Espinoza, integrantes del Ayuntamiento y la coordinadora de Ecolog\u00eda, Tatiana Ayala Avi\u00f1a, as\u00ed como habitantes de la comunidad con quienes se formalizar\u00e1 el acto de adopci\u00f3n de un \u00e1rbol.<\/span><\/p>\n<p><span style=\"font-weight: 400;\">Se informa a su vez a las personas que est\u00e9n interesadas en reforestar su \u00e1rea de trabajo o su comunidad, para que pasen a hacer la solicitud de los \u00e1rboles a la Coordinaci\u00f3n de Ecolog\u00eda que se ubica sobre la calle Guerrero n\u00famero 130 en la colonia centro.<\/span><\/p>\n","protected":false},"excerpt":{"rendered":"<p>&nbsp; La actividad comenzar\u00e1 en la comunidad de Los Guajes Se buscar\u00e1 involucrar a los&#8230;<\/p>\n","protected":false},"author":1,"featured_media":4296,"comment_status":"open","ping_status":"open","sticky":false,"template":"","format":"standard","meta":{"jetpack_post_was_ever_published":false,"_jetpack_newsletter_access":"","_jetpack_dont_email_post_to_subs":false,"_jetpack_newsletter_tier_id":0,"_jetpack_memberships_contains_paywalled_content":false,"_jetpack_memberships_contains_paid_content":false,"footnotes":"","jetpack_publicize_message":"","jetpack_publicize_feature_enabled":true,"jetpack_social_post_already_shared":false,"jetpack_social_options":{"image_generator_settings":{"template":"highway","enabled":false},"version":2}},"categories":[1],"tags":[15],"class_list":["post-4295","post","type-post","status-publish","format-standard","has-post-thumbnail","hentry","category-la-piedad","tag-la-piedad"],"jetpack_publicize_connections":[],"jetpack_sharing_enabled":true,"featured_image_urls":{"full":["http:\/\/tvalaire.com\/wp-content\/uploads\/2018\/11\/001-3.jpg",4608,3072,false],"thumbnail":["http:\/\/tvalaire.com\/wp-content\/uploads\/2018\/11\/001-3-150x150.jpg",150,150,true],"medium":["http:\/\/tvalaire.com\/wp-content\/uploads\/2018\/11\/001-3-300x200.jpg",300,200,true],"medium_large":["http:\/\/tvalaire.com\/wp-content\/uploads\/2018\/11\/001-3-768x512.jpg",640,427,true],"large":["http:\/\/tvalaire.com\/wp-content\/uploads\/2018\/11\/001-3-1024x683.jpg",640,427,true],"post-slider-thumb-size":["http:\/\/tvalaire.com\/wp-content\/uploads\/2018\/11\/001-3.jpg",285,190,false],"post-category-slider-size":["http:\/\/tvalaire.com\/wp-content\/uploads\/2018\/11\/001-3.jpg",330,220,false],"1536x1536":["http:\/\/tvalaire.com\/wp-content\/uploads\/2018\/11\/001-3.jpg",1536,1024,false],"2048x2048":["http:\/\/tvalaire.com\/wp-content\/uploads\/2018\/11\/001-3.jpg",2048,1365,false],"newsium-slider-full":["http:\/\/tvalaire.com\/wp-content\/uploads\/2018\/11\/001-3.jpg",1268,845,false],"newsium-featured":["http:\/\/tvalaire.com\/wp-content\/uploads\/2018\/11\/001-3.jpg",1024,683,false],"newsium-medium":["http:\/\/tvalaire.com\/wp-content\/uploads\/2018\/11\/001-3.jpg",713,475,false]},"author_info":{"info":["tvalairenoti"]},"category_info":"<a href=\"http:\/\/tvalaire.com\/?cat=1\" rel=\"category\">La Piedad<\/a>","tag_info":"La Piedad","comment_count":"0","jetpack_featured_media_url":"http:\/\/tvalaire.com\/wp-content\/uploads\/2018\/11\/001-3.jpg","_links":{"self":[{"href":"http:\/\/tvalaire.com\/index.php?rest_route=\/wp\/v2\/posts\/4295"}],"collection":[{"href":"http:\/\/tvalaire.com\/index.php?rest_route=\/wp\/v2\/posts"}],"about":[{"href":"http:\/\/tvalaire.com\/index.php?rest_route=\/wp\/v2\/types\/post"}],"author":[{"embeddable":true,"href":"http:\/\/tvalaire.com\/index.php?rest_route=\/wp\/v2\/users\/1"}],"replies":[{"embeddable":true,"href":"http:\/\/tvalaire.com\/index.php?rest_route=%2Fwp%2Fv2%2Fcomments&post=4295"}],"version-history":[{"count":1,"href":"http:\/\/tvalaire.com\/index.php?rest_route=\/wp\/v2\/posts\/4295\/revisions"}],"predecessor-version":[{"id":4297,"href":"http:\/\/tvalaire.com\/index.php?rest_route=\/wp\/v2\/posts\/4295\/revisions\/4297"}],"wp:featuredmedia":[{"embeddable":true,"href":"http:\/\/tvalaire.com\/index.php?rest_route=\/wp\/v2\/media\/4296"}],"wp:attachment":[{"href":"http:\/\/tvalaire.com\/index.php?rest_route=%2Fwp%2Fv2%2Fmedia&parent=4295"}],"wp:term":[{"taxonomy":"category","embeddable":true,"href":"http:\/\/tvalaire.com\/index.php?rest_route=%2Fwp%2Fv2%2Fcategories&post=4295"},{"taxonomy":"post_tag","embeddable":true,"href":"http:\/\/tvalaire.com\/index.php?rest_route=%2Fwp%2Fv2%2Ftags&post=4295"}],"curies":[{"name":"wp","href":"https:\/\/api.w.org\/{rel}","templated":true}]}}