{"id":4290,"date":"2018-09-21T15:58:17","date_gmt":"2018-09-21T20:58:17","guid":{"rendered":"http:\/\/tvalaire.com\/?p=4290"},"modified":"2018-11-14T16:00:25","modified_gmt":"2018-11-14T22:00:25","slug":"ofrecen-brillante-pasarela-del-rebozo-y-romantica-noche-de-tuna-potosina","status":"publish","type":"post","link":"http:\/\/tvalaire.com\/?p=4290","title":{"rendered":"OFRECEN BRILLANTE PASARELA DEL REBOZO Y ROM\u00c1NTICA NOCHE DE TUNA POTOSINA"},"content":{"rendered":"<p>&nbsp;<\/p>\n<ul>\n<li><b>Alumnas de preparatorias mostraron diversas formas de portar el rebozo <\/b><\/li>\n<\/ul>\n<ul>\n<li>Estuvo la Estudiantina de la Aut\u00f3noma de San Luis Potos\u00ed<\/li>\n<\/ul>\n<p>&nbsp;<\/p>\n<p><span style=\"font-weight: 400;\">Por primera vez los piedadenses pudieron disfrutar de una noche de Tuna con la Estudiantina de la Aut\u00f3noma de San Luis Potos\u00ed, como lo ofreci\u00f3 nuestro alcalde Alex Espinoza, durante su intervenci\u00f3n este jueves en la inauguraci\u00f3n de la Pasarela Patria del Rebozo Fashion Fest, que se llev\u00f3 a cabo en el atrio del Santuario del Se\u00f1or de La Piedad.<\/span><\/p>\n<p><span style=\"font-weight: 400;\">La intervenci\u00f3n de la estudiantina no s\u00f3lo engalan\u00f3 la noche de este jueves, sino que dio el toque alegre y bohemio al recrear las tradicionales <\/span><i><span style=\"font-weight: 400;\">callejoneadas<\/span><\/i><span style=\"font-weight: 400;\"> de Guanajuato y rifar una serenata entre las mujeres que estuvieron presentes.<\/span><\/p>\n<p><span style=\"font-weight: 400;\">La participaci\u00f3n de eventos con la talla y presencia de estudiantinas como \u00e9sta, no ser\u00e1 la \u00fanica vez que veamos en La Piedad, pues nuestro Alcalde dijo que una de sus pol\u00edticas de gobierno ser\u00e1 invertirle fuertemente a la Cultura, para enriquecer la educaci\u00f3n de los ni\u00f1os y los j\u00f3venes.<\/span><\/p>\n<p><span style=\"font-weight: 400;\">\u201cNi las cr\u00edticas nos van a dejar que sigamos por este camino\u201d, expuso durante su intervenci\u00f3n al inaugurar este evento del cual tal como lo augur\u00f3, result\u00f3 ser una noche inolvidable para los asistentes.<\/span><\/p>\n<p><span style=\"font-weight: 400;\">El director de Cultura, Antonio Estrada D\u00e1valos, hizo un poco de historia para hablar del origen de la estudiantina, que se dio por el a\u00f1o de 1963 en Guanajuato y la integraci\u00f3n de la primera que estuvo conformada por maestros, estudiantes y actores de teatro.<\/span><\/p>\n<p><span style=\"font-weight: 400;\">A ra\u00edz de este movimiento naci\u00f3 la Estudiantina Aut\u00f3noma de San Luis Potos\u00ed en 1964 de la cual form\u00f3 parte y que ahora, trae a La Piedad para hacer renacer el amor por esta tradici\u00f3n que est\u00e1 llena de galanter\u00eda y por la cual se regalaron claveles a todas las mujeres presentes.<\/span><\/p>\n<p><span style=\"font-weight: 400;\">Previamente se realiz\u00f3 la Pasarela Patria del Rebozo Fashion Fest, en la que se cont\u00f3 con la participaci\u00f3n de alumnas de todas las escuelas Preparatorias del Municipio, las cuales mostraron las diferentes formas de utilizar esta prenda de vestir.<\/span><\/p>\n<p><span style=\"font-weight: 400;\">El evento estuvo apoyado por Rebozos Zambrano, Cooperativa Textil Artesanal, Nuestro M\u00e9xico y la dise\u00f1adora Lupita Contreras. A su vez se cont\u00f3 con el apoyo de Jos\u00e9 Garc\u00eda quien mont\u00f3 la coreograf\u00eda a las participantes.<\/span><\/p>\n<p>&nbsp;<\/p>\n<p><img loading=\"lazy\" decoding=\"async\" class=\"alignnone size-medium wp-image-4292\" src=\"http:\/\/tvalaire.com\/wp-content\/uploads\/2018\/11\/01-4-4-300x168.jpg\" alt=\"\" width=\"300\" height=\"168\" srcset=\"http:\/\/tvalaire.com\/wp-content\/uploads\/2018\/11\/01-4-4-300x168.jpg 300w, http:\/\/tvalaire.com\/wp-content\/uploads\/2018\/11\/01-4-4-768x431.jpg 768w, http:\/\/tvalaire.com\/wp-content\/uploads\/2018\/11\/01-4-4-1024x575.jpg 1024w\" sizes=\"(max-width: 300px) 100vw, 300px\" \/><\/p>\n<p><img loading=\"lazy\" decoding=\"async\" class=\"alignnone size-medium wp-image-4293\" src=\"http:\/\/tvalaire.com\/wp-content\/uploads\/2018\/11\/01-6-3-300x168.jpg\" alt=\"\" width=\"300\" height=\"168\" srcset=\"http:\/\/tvalaire.com\/wp-content\/uploads\/2018\/11\/01-6-3-300x168.jpg 300w, http:\/\/tvalaire.com\/wp-content\/uploads\/2018\/11\/01-6-3-768x431.jpg 768w, http:\/\/tvalaire.com\/wp-content\/uploads\/2018\/11\/01-6-3-1024x575.jpg 1024w\" sizes=\"(max-width: 300px) 100vw, 300px\" \/><\/p>\n","protected":false},"excerpt":{"rendered":"<p>&nbsp; Alumnas de preparatorias mostraron diversas formas de portar el rebozo Estuvo la Estudiantina de&#8230;<\/p>\n","protected":false},"author":1,"featured_media":4291,"comment_status":"open","ping_status":"open","sticky":false,"template":"","format":"standard","meta":{"jetpack_post_was_ever_published":false,"_jetpack_newsletter_access":"","_jetpack_dont_email_post_to_subs":false,"_jetpack_newsletter_tier_id":0,"_jetpack_memberships_contains_paywalled_content":false,"_jetpack_memberships_contains_paid_content":false,"footnotes":"","jetpack_publicize_message":"","jetpack_publicize_feature_enabled":true,"jetpack_social_post_already_shared":false,"jetpack_social_options":{"image_generator_settings":{"template":"highway","enabled":false},"version":2}},"categories":[1],"tags":[15,36],"class_list":["post-4290","post","type-post","status-publish","format-standard","has-post-thumbnail","hentry","category-la-piedad","tag-la-piedad","tag-principales"],"jetpack_publicize_connections":[],"jetpack_sharing_enabled":true,"featured_image_urls":{"full":["http:\/\/tvalaire.com\/wp-content\/uploads\/2018\/11\/01-8-1.jpg",3008,1688,false],"thumbnail":["http:\/\/tvalaire.com\/wp-content\/uploads\/2018\/11\/01-8-1-150x150.jpg",150,150,true],"medium":["http:\/\/tvalaire.com\/wp-content\/uploads\/2018\/11\/01-8-1-300x168.jpg",300,168,true],"medium_large":["http:\/\/tvalaire.com\/wp-content\/uploads\/2018\/11\/01-8-1-768x431.jpg",640,359,true],"large":["http:\/\/tvalaire.com\/wp-content\/uploads\/2018\/11\/01-8-1-1024x575.jpg",640,359,true],"post-slider-thumb-size":["http:\/\/tvalaire.com\/wp-content\/uploads\/2018\/11\/01-8-1.jpg",330,185,false],"post-category-slider-size":["http:\/\/tvalaire.com\/wp-content\/uploads\/2018\/11\/01-8-1.jpg",330,185,false],"1536x1536":["http:\/\/tvalaire.com\/wp-content\/uploads\/2018\/11\/01-8-1.jpg",1536,862,false],"2048x2048":["http:\/\/tvalaire.com\/wp-content\/uploads\/2018\/11\/01-8-1.jpg",2048,1149,false],"newsium-slider-full":["http:\/\/tvalaire.com\/wp-content\/uploads\/2018\/11\/01-8-1.jpg",1280,718,false],"newsium-featured":["http:\/\/tvalaire.com\/wp-content\/uploads\/2018\/11\/01-8-1.jpg",1024,575,false],"newsium-medium":["http:\/\/tvalaire.com\/wp-content\/uploads\/2018\/11\/01-8-1.jpg",720,404,false]},"author_info":{"info":["tvalairenoti"]},"category_info":"<a href=\"http:\/\/tvalaire.com\/?cat=1\" rel=\"category\">La Piedad<\/a>","tag_info":"La Piedad","comment_count":"0","jetpack_featured_media_url":"http:\/\/tvalaire.com\/wp-content\/uploads\/2018\/11\/01-8-1.jpg","_links":{"self":[{"href":"http:\/\/tvalaire.com\/index.php?rest_route=\/wp\/v2\/posts\/4290"}],"collection":[{"href":"http:\/\/tvalaire.com\/index.php?rest_route=\/wp\/v2\/posts"}],"about":[{"href":"http:\/\/tvalaire.com\/index.php?rest_route=\/wp\/v2\/types\/post"}],"author":[{"embeddable":true,"href":"http:\/\/tvalaire.com\/index.php?rest_route=\/wp\/v2\/users\/1"}],"replies":[{"embeddable":true,"href":"http:\/\/tvalaire.com\/index.php?rest_route=%2Fwp%2Fv2%2Fcomments&post=4290"}],"version-history":[{"count":1,"href":"http:\/\/tvalaire.com\/index.php?rest_route=\/wp\/v2\/posts\/4290\/revisions"}],"predecessor-version":[{"id":4294,"href":"http:\/\/tvalaire.com\/index.php?rest_route=\/wp\/v2\/posts\/4290\/revisions\/4294"}],"wp:featuredmedia":[{"embeddable":true,"href":"http:\/\/tvalaire.com\/index.php?rest_route=\/wp\/v2\/media\/4291"}],"wp:attachment":[{"href":"http:\/\/tvalaire.com\/index.php?rest_route=%2Fwp%2Fv2%2Fmedia&parent=4290"}],"wp:term":[{"taxonomy":"category","embeddable":true,"href":"http:\/\/tvalaire.com\/index.php?rest_route=%2Fwp%2Fv2%2Fcategories&post=4290"},{"taxonomy":"post_tag","embeddable":true,"href":"http:\/\/tvalaire.com\/index.php?rest_route=%2Fwp%2Fv2%2Ftags&post=4290"}],"curies":[{"name":"wp","href":"https:\/\/api.w.org\/{rel}","templated":true}]}}