{"id":4281,"date":"2018-09-20T15:54:19","date_gmt":"2018-09-20T20:54:19","guid":{"rendered":"http:\/\/tvalaire.com\/?p=4281"},"modified":"2018-11-14T15:55:35","modified_gmt":"2018-11-14T21:55:35","slug":"todo-un-exito-recital-de-la-orquesta-y-coro-voces-por-la-paz","status":"publish","type":"post","link":"http:\/\/tvalaire.com\/?p=4281","title":{"rendered":"TODO UN \u00c9XITO RECITAL DE LA ORQUESTA Y CORO VOCES POR LA PAZ"},"content":{"rendered":"<p>&nbsp;<\/p>\n<ul>\n<li><b>Los asistentes permanecieron de principio a fin a pesar del clima<\/b><\/li>\n<\/ul>\n<ul>\n<li>Las agrupaciones presentadas ofrecieron lo mejor de su repertorio<\/li>\n<\/ul>\n<p>&nbsp;<\/p>\n<p><span style=\"font-weight: 400;\">La Orquesta y el Coro Voces por la Paz de UNIVA La Piedad, hizo propio el escenario del Teatro del Pueblo la tarde-noche de este mi\u00e9rcoles al ofrecer a los asistentes, un recital que cautiv\u00f3 a todos los presentes.<\/span><\/p>\n<p><span style=\"font-weight: 400;\">La intervenci\u00f3n de esta agrupaci\u00f3n musical, form\u00f3 parte de las actividades art\u00edsticas que fueron incluidas dentro del Bando de Festejos Patrios.<\/span><\/p>\n<p><span style=\"font-weight: 400;\">Dentro del amplio repertorio que ofrecieron a las familias que estuvieron presentes, se encontr\u00f3: Yo solo quiero, Amor eterno, Llorona, Recu\u00e9rdame, Solamente una vez, entre otras con las cuales lograron generar una conexi\u00f3n con los asistentes.<\/span><\/p>\n<p><span style=\"font-weight: 400;\">Durante la realizaci\u00f3n del recital se cont\u00f3 con la presencia de la Presidenta del DIF Municipal, Liliana Flores Castro, as\u00ed como la presidenta del Comit\u00e9 de Festejos Patrios, Natalia Alejandra Salinas Bravo, entre otros.<\/span><\/p>\n<p><span style=\"font-weight: 400;\">Tambi\u00e9n se cont\u00f3 con la presencia de integrantes de la Asociaci\u00f3n Mexicana para la Superaci\u00f3n Integral de la Familia (AMSIF) La Piedad, quienes colaboran con UNIVA La Piedad para mantener el proyecto Voces por la Paz, que est\u00e1 integrado por ni\u00f1os, con quienes se realiza una labor social.<\/span><\/p>\n<p><span style=\"font-weight: 400;\">Para ello invitaron a los padres de familia que estuvieron presentes, a que lleven a su hijos a participar de este proyecto con el cual los ni\u00f1os pueden desarrollarse dentro de un ambiente sano y despertando este tipo de habilidades.<\/span><\/p>\n","protected":false},"excerpt":{"rendered":"<p>&nbsp; Los asistentes permanecieron de principio a fin a pesar del clima Las agrupaciones presentadas&#8230;<\/p>\n","protected":false},"author":1,"featured_media":4282,"comment_status":"open","ping_status":"open","sticky":false,"template":"","format":"standard","meta":{"jetpack_post_was_ever_published":false,"_jetpack_newsletter_access":"","_jetpack_dont_email_post_to_subs":false,"_jetpack_newsletter_tier_id":0,"_jetpack_memberships_contains_paywalled_content":false,"_jetpack_memberships_contains_paid_content":false,"footnotes":"","jetpack_publicize_message":"","jetpack_publicize_feature_enabled":true,"jetpack_social_post_already_shared":false,"jetpack_social_options":{"image_generator_settings":{"template":"highway","enabled":false},"version":2}},"categories":[1],"tags":[15],"class_list":["post-4281","post","type-post","status-publish","format-standard","has-post-thumbnail","hentry","category-la-piedad","tag-la-piedad"],"jetpack_publicize_connections":[],"jetpack_sharing_enabled":true,"featured_image_urls":{"full":["http:\/\/tvalaire.com\/wp-content\/uploads\/2018\/11\/01-2.png",1920,1080,false],"thumbnail":["http:\/\/tvalaire.com\/wp-content\/uploads\/2018\/11\/01-2-150x150.png",150,150,true],"medium":["http:\/\/tvalaire.com\/wp-content\/uploads\/2018\/11\/01-2-300x169.png",300,169,true],"medium_large":["http:\/\/tvalaire.com\/wp-content\/uploads\/2018\/11\/01-2-768x432.png",640,360,true],"large":["http:\/\/tvalaire.com\/wp-content\/uploads\/2018\/11\/01-2-1024x576.png",640,360,true],"post-slider-thumb-size":["http:\/\/tvalaire.com\/wp-content\/uploads\/2018\/11\/01-2.png",330,186,false],"post-category-slider-size":["http:\/\/tvalaire.com\/wp-content\/uploads\/2018\/11\/01-2.png",330,186,false],"1536x1536":["http:\/\/tvalaire.com\/wp-content\/uploads\/2018\/11\/01-2.png",1536,864,false],"2048x2048":["http:\/\/tvalaire.com\/wp-content\/uploads\/2018\/11\/01-2.png",1920,1080,false],"newsium-slider-full":["http:\/\/tvalaire.com\/wp-content\/uploads\/2018\/11\/01-2.png",1280,720,false],"newsium-featured":["http:\/\/tvalaire.com\/wp-content\/uploads\/2018\/11\/01-2.png",1024,576,false],"newsium-medium":["http:\/\/tvalaire.com\/wp-content\/uploads\/2018\/11\/01-2.png",720,405,false]},"author_info":{"info":["tvalairenoti"]},"category_info":"<a href=\"http:\/\/tvalaire.com\/?cat=1\" rel=\"category\">La Piedad<\/a>","tag_info":"La Piedad","comment_count":"0","jetpack_featured_media_url":"http:\/\/tvalaire.com\/wp-content\/uploads\/2018\/11\/01-2.png","_links":{"self":[{"href":"http:\/\/tvalaire.com\/index.php?rest_route=\/wp\/v2\/posts\/4281"}],"collection":[{"href":"http:\/\/tvalaire.com\/index.php?rest_route=\/wp\/v2\/posts"}],"about":[{"href":"http:\/\/tvalaire.com\/index.php?rest_route=\/wp\/v2\/types\/post"}],"author":[{"embeddable":true,"href":"http:\/\/tvalaire.com\/index.php?rest_route=\/wp\/v2\/users\/1"}],"replies":[{"embeddable":true,"href":"http:\/\/tvalaire.com\/index.php?rest_route=%2Fwp%2Fv2%2Fcomments&post=4281"}],"version-history":[{"count":1,"href":"http:\/\/tvalaire.com\/index.php?rest_route=\/wp\/v2\/posts\/4281\/revisions"}],"predecessor-version":[{"id":4283,"href":"http:\/\/tvalaire.com\/index.php?rest_route=\/wp\/v2\/posts\/4281\/revisions\/4283"}],"wp:featuredmedia":[{"embeddable":true,"href":"http:\/\/tvalaire.com\/index.php?rest_route=\/wp\/v2\/media\/4282"}],"wp:attachment":[{"href":"http:\/\/tvalaire.com\/index.php?rest_route=%2Fwp%2Fv2%2Fmedia&parent=4281"}],"wp:term":[{"taxonomy":"category","embeddable":true,"href":"http:\/\/tvalaire.com\/index.php?rest_route=%2Fwp%2Fv2%2Fcategories&post=4281"},{"taxonomy":"post_tag","embeddable":true,"href":"http:\/\/tvalaire.com\/index.php?rest_route=%2Fwp%2Fv2%2Ftags&post=4281"}],"curies":[{"name":"wp","href":"https:\/\/api.w.org\/{rel}","templated":true}]}}