{"id":4278,"date":"2018-09-20T15:53:15","date_gmt":"2018-09-20T20:53:15","guid":{"rendered":"http:\/\/tvalaire.com\/?p=4278"},"modified":"2018-11-14T15:54:11","modified_gmt":"2018-11-14T21:54:11","slug":"ofrecen-taller-de-tecnologias-domesticas-y-platillos-sabios-para-amas-de-casa","status":"publish","type":"post","link":"http:\/\/tvalaire.com\/?p=4278","title":{"rendered":"OFRECEN TALLER DE \u201cTECNOLOG\u00cdAS DOM\u00c9STICAS Y PLATILLOS SABIOS\u201d PARA AMAS DE CASA"},"content":{"rendered":"<p>&nbsp;<\/p>\n<ul>\n<li><b>Promoci\u00f3n Econ\u00f3mica y PROFECO imparte el curso<\/b><\/li>\n<\/ul>\n<ul>\n<li>La clase se ofrecer\u00e1 una vez por mes y sin costo alguno<\/li>\n<\/ul>\n<p>&nbsp;<\/p>\n<p><span style=\"font-weight: 400;\">Con el fin de empoderar a las amas de casa ense\u00f1\u00e1ndolas a que realicen alguna actividad productiva, el Gobierno Municipal de La Piedad a trav\u00e9s de la direcci\u00f3n de Promoci\u00f3n Econ\u00f3mica con el apoyo de la PROFECO inici\u00f3 el Primer Taller de \u201cTecnolog\u00edas Dom\u00e9sticas y Platillos Sabios\u201d.<\/span><\/p>\n<p><span style=\"font-weight: 400;\">A trav\u00e9s de este taller, las personas que forman parte del grupo podr\u00e1n aprender a elaborar productos de limpieza para el hogar, incluso a realizar pomadas para algunas afectaciones de tipo muscular.<\/span><\/p>\n<p><span style=\"font-weight: 400;\">Este primer taller de \u201cTecnolog\u00edas Dom\u00e9sticas y Platillos Sabios\u201d inici\u00f3 este mi\u00e9rcoles por la tarde en el portal de la Presidencia Municipal, frente a la direcci\u00f3n de Promoci\u00f3n Econ\u00f3mica y estuvo a cargo de Mara Calder\u00f3n Sosa, jefa del \u00e1rea de educaci\u00f3n y divulgaci\u00f3n, as\u00ed como de Sergio \u00c1lvarez Alonso, promotor y capacitador de consumidores de la PROFECO en Michoac\u00e1n.<\/span><\/p>\n<p><span style=\"font-weight: 400;\">Mara Calder\u00f3n explic\u00f3 que la idea de promover este tipo de talleres es con el fin de generar un ahorro econ\u00f3mico y llevar beneficios para el hogar, ya que una vez que puedan elaborar sus propios productos, podr\u00edan utilizar esos conocimientos para generar un negocio propio.<\/span><\/p>\n<p><span style=\"font-weight: 400;\">En esta primera clase, las alumnas aprendieron a elaborar por ellas mismas cloro, gel para el cabello, gel para dolores musculares, limpiador anti hongos y quita sarro, as\u00ed como suavitel.<\/span><\/p>\n<p><span style=\"font-weight: 400;\">Las f\u00f3rmulas otorgadas son las mismas que se utilizan en la elaboraci\u00f3n de los productos que adquirimos en el mercado y con la misma duraci\u00f3n, con las cuales las familias que los utilicen podr\u00e1n obtener ahorros de hasta un 70% en el costo de los mismos.<\/span><\/p>\n<p><span style=\"font-weight: 400;\">Con esto la PROFECO da cumplimiento con uno de los principales objetivos que es crear consumidores responsables. El pr\u00f3ximo taller a impartirse en el mes de octubre, las alumnas aprender\u00e1n a elaborar platillos sabios que incluyen productos de temporada que se preparen con un bajo costo, que cumplan con requisitos como sabor y calidad.<\/span><\/p>\n<p><span style=\"font-weight: 400;\">Las personas interesadas en acudir y participar pueden solicitar su inscripci\u00f3n en la oficina de Promoci\u00f3n Econ\u00f3mica en el m\u00f3dulo de la PROFECO pues es abierto y gratuito.<\/span><\/p>\n","protected":false},"excerpt":{"rendered":"<p>&nbsp; Promoci\u00f3n Econ\u00f3mica y PROFECO imparte el curso La clase se ofrecer\u00e1 una vez por&#8230;<\/p>\n","protected":false},"author":1,"featured_media":4279,"comment_status":"open","ping_status":"open","sticky":false,"template":"","format":"standard","meta":{"jetpack_post_was_ever_published":false,"_jetpack_newsletter_access":"","_jetpack_dont_email_post_to_subs":false,"_jetpack_newsletter_tier_id":0,"_jetpack_memberships_contains_paywalled_content":false,"_jetpack_memberships_contains_paid_content":false,"footnotes":"","jetpack_publicize_message":"","jetpack_publicize_feature_enabled":true,"jetpack_social_post_already_shared":false,"jetpack_social_options":{"image_generator_settings":{"template":"highway","enabled":false},"version":2}},"categories":[1],"tags":[],"class_list":["post-4278","post","type-post","status-publish","format-standard","has-post-thumbnail","hentry","category-la-piedad"],"jetpack_publicize_connections":[],"jetpack_sharing_enabled":true,"featured_image_urls":{"full":["http:\/\/tvalaire.com\/wp-content\/uploads\/2018\/11\/01-4-3.jpg",3008,1688,false],"thumbnail":["http:\/\/tvalaire.com\/wp-content\/uploads\/2018\/11\/01-4-3-150x150.jpg",150,150,true],"medium":["http:\/\/tvalaire.com\/wp-content\/uploads\/2018\/11\/01-4-3-300x168.jpg",300,168,true],"medium_large":["http:\/\/tvalaire.com\/wp-content\/uploads\/2018\/11\/01-4-3-768x431.jpg",640,359,true],"large":["http:\/\/tvalaire.com\/wp-content\/uploads\/2018\/11\/01-4-3-1024x575.jpg",640,359,true],"post-slider-thumb-size":["http:\/\/tvalaire.com\/wp-content\/uploads\/2018\/11\/01-4-3.jpg",330,185,false],"post-category-slider-size":["http:\/\/tvalaire.com\/wp-content\/uploads\/2018\/11\/01-4-3.jpg",330,185,false],"1536x1536":["http:\/\/tvalaire.com\/wp-content\/uploads\/2018\/11\/01-4-3.jpg",1536,862,false],"2048x2048":["http:\/\/tvalaire.com\/wp-content\/uploads\/2018\/11\/01-4-3.jpg",2048,1149,false],"newsium-slider-full":["http:\/\/tvalaire.com\/wp-content\/uploads\/2018\/11\/01-4-3.jpg",1280,718,false],"newsium-featured":["http:\/\/tvalaire.com\/wp-content\/uploads\/2018\/11\/01-4-3.jpg",1024,575,false],"newsium-medium":["http:\/\/tvalaire.com\/wp-content\/uploads\/2018\/11\/01-4-3.jpg",720,404,false]},"author_info":{"info":["tvalairenoti"]},"category_info":"<a href=\"http:\/\/tvalaire.com\/?cat=1\" rel=\"category\">La Piedad<\/a>","tag_info":"La Piedad","comment_count":"0","jetpack_featured_media_url":"http:\/\/tvalaire.com\/wp-content\/uploads\/2018\/11\/01-4-3.jpg","_links":{"self":[{"href":"http:\/\/tvalaire.com\/index.php?rest_route=\/wp\/v2\/posts\/4278"}],"collection":[{"href":"http:\/\/tvalaire.com\/index.php?rest_route=\/wp\/v2\/posts"}],"about":[{"href":"http:\/\/tvalaire.com\/index.php?rest_route=\/wp\/v2\/types\/post"}],"author":[{"embeddable":true,"href":"http:\/\/tvalaire.com\/index.php?rest_route=\/wp\/v2\/users\/1"}],"replies":[{"embeddable":true,"href":"http:\/\/tvalaire.com\/index.php?rest_route=%2Fwp%2Fv2%2Fcomments&post=4278"}],"version-history":[{"count":1,"href":"http:\/\/tvalaire.com\/index.php?rest_route=\/wp\/v2\/posts\/4278\/revisions"}],"predecessor-version":[{"id":4280,"href":"http:\/\/tvalaire.com\/index.php?rest_route=\/wp\/v2\/posts\/4278\/revisions\/4280"}],"wp:featuredmedia":[{"embeddable":true,"href":"http:\/\/tvalaire.com\/index.php?rest_route=\/wp\/v2\/media\/4279"}],"wp:attachment":[{"href":"http:\/\/tvalaire.com\/index.php?rest_route=%2Fwp%2Fv2%2Fmedia&parent=4278"}],"wp:term":[{"taxonomy":"category","embeddable":true,"href":"http:\/\/tvalaire.com\/index.php?rest_route=%2Fwp%2Fv2%2Fcategories&post=4278"},{"taxonomy":"post_tag","embeddable":true,"href":"http:\/\/tvalaire.com\/index.php?rest_route=%2Fwp%2Fv2%2Ftags&post=4278"}],"curies":[{"name":"wp","href":"https:\/\/api.w.org\/{rel}","templated":true}]}}