{"id":4256,"date":"2018-09-18T15:45:06","date_gmt":"2018-09-18T20:45:06","guid":{"rendered":"http:\/\/tvalaire.com\/?p=4256"},"modified":"2018-11-14T15:46:07","modified_gmt":"2018-11-14T21:46:07","slug":"en-noviembre-saldran-las-listas-de-alumnos-incluidos-en-el-programa-beca-municipal","status":"publish","type":"post","link":"http:\/\/tvalaire.com\/?p=4256","title":{"rendered":"EN NOVIEMBRE SALDR\u00c1N LAS LISTAS DE ALUMNOS INCLUIDOS EN EL PROGRAMA: BECA MUNICIPAL"},"content":{"rendered":"<p>&nbsp;<\/p>\n<ul>\n<li><b>Esta semana se realiza la recepci\u00f3n de documentos de beneficiarios del nivel Superior<\/b><\/li>\n<\/ul>\n<ul>\n<li>Las nuevas credenciales podr\u00edan entregarse en esa misma fecha<\/li>\n<\/ul>\n<p>&nbsp;<\/p>\n<p>&nbsp;<\/p>\n<p><span style=\"font-weight: 400;\">Personal de la direcci\u00f3n de Educaci\u00f3n concluir\u00e1 esta semana con la recepci\u00f3n de documentos para renovar las becas municipales de los alumnos de universidades e iniciar\u00e1 con el proceso de organizaci\u00f3n para entregar los listados de los beneficiarios de este programa que ser\u00e1n publicados a principios del mes de noviembre.<\/span><\/p>\n<p><span style=\"font-weight: 400;\">Con la recepci\u00f3n de documentos de los alumnos de este nivel educativo, concluyen los tr\u00e1mites correspondientes que se realizaron con todos los beneficiarios del programa e iniciar\u00e1 un proceso interno, en donde se revisar\u00e1 cada uno de los expedientes con la finalidad de determinar que cuenten con todos los requisitos establecidos, entre los que se encuentra el cumplir con la calificaci\u00f3n m\u00ednima de 8.5.<\/span><\/p>\n<p><span style=\"font-weight: 400;\">Se estima que ser\u00e1 a principios del mes de noviembre cuando se den a conocer los listados de los alumnos de todos los niveles educativos que son beneficiados con el programa a quienes a su vez, se les renovar\u00e1 la credencial.<\/span><\/p>\n<p><span style=\"font-weight: 400;\">Las fechas para la entrega del pago de la beca, se dar\u00e1 a conocer para esas mismas fechas, una vez que la direcci\u00f3n de Educaci\u00f3n se coordine con Tesorer\u00eda Municipal y el Alcalde, Alex Espinoza.<\/span><\/p>\n<p><span style=\"font-weight: 400;\">Por lo que se pide a los padres de familia y alumnos que acudieron a realizar sus tr\u00e1mites, estar pendiente de las publicaciones que se realicen a trav\u00e9s de los medios oficiales del Gobierno Municipal.<\/span><\/p>\n","protected":false},"excerpt":{"rendered":"<p>&nbsp; Esta semana se realiza la recepci\u00f3n de documentos de beneficiarios del nivel Superior Las&#8230;<\/p>\n","protected":false},"author":1,"featured_media":4257,"comment_status":"open","ping_status":"open","sticky":false,"template":"","format":"standard","meta":{"jetpack_post_was_ever_published":false,"_jetpack_newsletter_access":"","_jetpack_dont_email_post_to_subs":false,"_jetpack_newsletter_tier_id":0,"_jetpack_memberships_contains_paywalled_content":false,"_jetpack_memberships_contains_paid_content":false,"footnotes":"","jetpack_publicize_message":"","jetpack_publicize_feature_enabled":true,"jetpack_social_post_already_shared":false,"jetpack_social_options":{"image_generator_settings":{"template":"highway","enabled":false},"version":2}},"categories":[1],"tags":[15,36],"class_list":["post-4256","post","type-post","status-publish","format-standard","has-post-thumbnail","hentry","category-la-piedad","tag-la-piedad","tag-principales"],"jetpack_publicize_connections":[],"jetpack_sharing_enabled":true,"featured_image_urls":{"full":["http:\/\/tvalaire.com\/wp-content\/uploads\/2018\/11\/01-1-4.jpg",1024,683,false],"thumbnail":["http:\/\/tvalaire.com\/wp-content\/uploads\/2018\/11\/01-1-4-150x150.jpg",150,150,true],"medium":["http:\/\/tvalaire.com\/wp-content\/uploads\/2018\/11\/01-1-4-300x200.jpg",300,200,true],"medium_large":["http:\/\/tvalaire.com\/wp-content\/uploads\/2018\/11\/01-1-4-768x512.jpg",640,427,true],"large":["http:\/\/tvalaire.com\/wp-content\/uploads\/2018\/11\/01-1-4-1024x683.jpg",640,427,true],"post-slider-thumb-size":["http:\/\/tvalaire.com\/wp-content\/uploads\/2018\/11\/01-1-4.jpg",285,190,false],"post-category-slider-size":["http:\/\/tvalaire.com\/wp-content\/uploads\/2018\/11\/01-1-4.jpg",330,220,false],"1536x1536":["http:\/\/tvalaire.com\/wp-content\/uploads\/2018\/11\/01-1-4.jpg",1024,683,false],"2048x2048":["http:\/\/tvalaire.com\/wp-content\/uploads\/2018\/11\/01-1-4.jpg",1024,683,false],"newsium-slider-full":["http:\/\/tvalaire.com\/wp-content\/uploads\/2018\/11\/01-1-4.jpg",1024,683,false],"newsium-featured":["http:\/\/tvalaire.com\/wp-content\/uploads\/2018\/11\/01-1-4.jpg",1024,683,false],"newsium-medium":["http:\/\/tvalaire.com\/wp-content\/uploads\/2018\/11\/01-1-4.jpg",712,475,false]},"author_info":{"info":["tvalairenoti"]},"category_info":"<a href=\"http:\/\/tvalaire.com\/?cat=1\" rel=\"category\">La Piedad<\/a>","tag_info":"La Piedad","comment_count":"0","jetpack_featured_media_url":"http:\/\/tvalaire.com\/wp-content\/uploads\/2018\/11\/01-1-4.jpg","_links":{"self":[{"href":"http:\/\/tvalaire.com\/index.php?rest_route=\/wp\/v2\/posts\/4256"}],"collection":[{"href":"http:\/\/tvalaire.com\/index.php?rest_route=\/wp\/v2\/posts"}],"about":[{"href":"http:\/\/tvalaire.com\/index.php?rest_route=\/wp\/v2\/types\/post"}],"author":[{"embeddable":true,"href":"http:\/\/tvalaire.com\/index.php?rest_route=\/wp\/v2\/users\/1"}],"replies":[{"embeddable":true,"href":"http:\/\/tvalaire.com\/index.php?rest_route=%2Fwp%2Fv2%2Fcomments&post=4256"}],"version-history":[{"count":1,"href":"http:\/\/tvalaire.com\/index.php?rest_route=\/wp\/v2\/posts\/4256\/revisions"}],"predecessor-version":[{"id":4258,"href":"http:\/\/tvalaire.com\/index.php?rest_route=\/wp\/v2\/posts\/4256\/revisions\/4258"}],"wp:featuredmedia":[{"embeddable":true,"href":"http:\/\/tvalaire.com\/index.php?rest_route=\/wp\/v2\/media\/4257"}],"wp:attachment":[{"href":"http:\/\/tvalaire.com\/index.php?rest_route=%2Fwp%2Fv2%2Fmedia&parent=4256"}],"wp:term":[{"taxonomy":"category","embeddable":true,"href":"http:\/\/tvalaire.com\/index.php?rest_route=%2Fwp%2Fv2%2Fcategories&post=4256"},{"taxonomy":"post_tag","embeddable":true,"href":"http:\/\/tvalaire.com\/index.php?rest_route=%2Fwp%2Fv2%2Ftags&post=4256"}],"curies":[{"name":"wp","href":"https:\/\/api.w.org\/{rel}","templated":true}]}}