{"id":4253,"date":"2018-09-18T15:44:00","date_gmt":"2018-09-18T20:44:00","guid":{"rendered":"http:\/\/tvalaire.com\/?p=4253"},"modified":"2018-11-14T15:44:50","modified_gmt":"2018-11-14T21:44:50","slug":"el-grupo-coral-voces-por-la-paz-se-presentara-en-el-centro-historico","status":"publish","type":"post","link":"http:\/\/tvalaire.com\/?p=4253","title":{"rendered":"EL GRUPO CORAL VOCES POR LA PAZ SE PRESENTAR\u00c1 EN EL CENTRO HIST\u00d3RICO"},"content":{"rendered":"<p>&nbsp;<\/p>\n<ul>\n<li><b>Su participaci\u00f3n se hace en el marco de las Fiestas Patrias<\/b><\/li>\n<\/ul>\n<ul>\n<li>Se hace una invitaci\u00f3n a la poblaci\u00f3n para que asista<\/li>\n<\/ul>\n<p>&nbsp;<\/p>\n<p><span style=\"font-weight: 400;\">El Gobierno Municipal de La Piedad a trav\u00e9s del Comit\u00e9 de Festejos Patrios hizo extensiva una invitaci\u00f3n a la poblaci\u00f3n para que asista este mi\u00e9rcoles 19 al concierto que ofrecer\u00e1 el Grupo Coral Voces por la Paz de la Universidad del Valle de Atemajac (UNIVA).<\/span><\/p>\n<p><span style=\"font-weight: 400;\">La participaci\u00f3n de este grupo coral, se realiza en el marco de las actividades por los Festejos Patrios que el Gobierno Municipal ofrece a la poblaci\u00f3n. La cita es en el Centro Hist\u00f3rico de la ciudad en punto de las 19:00 horas.<\/span><\/p>\n<p><span style=\"font-weight: 400;\">Los integrantes de esta agrupaci\u00f3n son ni\u00f1os que cuentan con un amplio repertorio musical en el que incluyen canciones populares, sones, boleros, m\u00fasica tropical e infantil, con las cuales se han presentado en varios escenarios tanto locales como nacionales y ahora lo har\u00e1n en el centro de La Piedad con motivo de los festejos patrios.<\/span><\/p>\n<p><span style=\"font-weight: 400;\">Las actividades que est\u00e1n contempladas dentro del Bando de Festejos Patrios, fueron pensadas en la diversi\u00f3n y la sana convivencia de las familias piedadenses, es por ello que el Gobierno Municipal que preside nuestro Alcalde Alex Espinoza invita y recomienda a los habitantes que asistan y compartan juntos de este momento.<\/span><\/p>\n","protected":false},"excerpt":{"rendered":"<p>&nbsp; Su participaci\u00f3n se hace en el marco de las Fiestas Patrias Se hace una&#8230;<\/p>\n","protected":false},"author":1,"featured_media":4254,"comment_status":"open","ping_status":"open","sticky":false,"template":"","format":"standard","meta":{"jetpack_post_was_ever_published":false,"_jetpack_newsletter_access":"","_jetpack_dont_email_post_to_subs":false,"_jetpack_newsletter_tier_id":0,"_jetpack_memberships_contains_paywalled_content":false,"_jetpack_memberships_contains_paid_content":false,"footnotes":"","jetpack_publicize_message":"","jetpack_publicize_feature_enabled":true,"jetpack_social_post_already_shared":false,"jetpack_social_options":{"image_generator_settings":{"template":"highway","enabled":false},"version":2}},"categories":[1],"tags":[15,36],"class_list":["post-4253","post","type-post","status-publish","format-standard","has-post-thumbnail","hentry","category-la-piedad","tag-la-piedad","tag-principales"],"jetpack_publicize_connections":[],"jetpack_sharing_enabled":true,"featured_image_urls":{"full":["http:\/\/tvalaire.com\/wp-content\/uploads\/2018\/11\/01-2-3.jpg",1024,683,false],"thumbnail":["http:\/\/tvalaire.com\/wp-content\/uploads\/2018\/11\/01-2-3-150x150.jpg",150,150,true],"medium":["http:\/\/tvalaire.com\/wp-content\/uploads\/2018\/11\/01-2-3-300x200.jpg",300,200,true],"medium_large":["http:\/\/tvalaire.com\/wp-content\/uploads\/2018\/11\/01-2-3-768x512.jpg",640,427,true],"large":["http:\/\/tvalaire.com\/wp-content\/uploads\/2018\/11\/01-2-3-1024x683.jpg",640,427,true],"post-slider-thumb-size":["http:\/\/tvalaire.com\/wp-content\/uploads\/2018\/11\/01-2-3.jpg",285,190,false],"post-category-slider-size":["http:\/\/tvalaire.com\/wp-content\/uploads\/2018\/11\/01-2-3.jpg",330,220,false],"1536x1536":["http:\/\/tvalaire.com\/wp-content\/uploads\/2018\/11\/01-2-3.jpg",1024,683,false],"2048x2048":["http:\/\/tvalaire.com\/wp-content\/uploads\/2018\/11\/01-2-3.jpg",1024,683,false],"newsium-slider-full":["http:\/\/tvalaire.com\/wp-content\/uploads\/2018\/11\/01-2-3.jpg",1024,683,false],"newsium-featured":["http:\/\/tvalaire.com\/wp-content\/uploads\/2018\/11\/01-2-3.jpg",1024,683,false],"newsium-medium":["http:\/\/tvalaire.com\/wp-content\/uploads\/2018\/11\/01-2-3.jpg",712,475,false]},"author_info":{"info":["tvalairenoti"]},"category_info":"<a href=\"http:\/\/tvalaire.com\/?cat=1\" rel=\"category\">La Piedad<\/a>","tag_info":"La Piedad","comment_count":"0","jetpack_featured_media_url":"http:\/\/tvalaire.com\/wp-content\/uploads\/2018\/11\/01-2-3.jpg","_links":{"self":[{"href":"http:\/\/tvalaire.com\/index.php?rest_route=\/wp\/v2\/posts\/4253"}],"collection":[{"href":"http:\/\/tvalaire.com\/index.php?rest_route=\/wp\/v2\/posts"}],"about":[{"href":"http:\/\/tvalaire.com\/index.php?rest_route=\/wp\/v2\/types\/post"}],"author":[{"embeddable":true,"href":"http:\/\/tvalaire.com\/index.php?rest_route=\/wp\/v2\/users\/1"}],"replies":[{"embeddable":true,"href":"http:\/\/tvalaire.com\/index.php?rest_route=%2Fwp%2Fv2%2Fcomments&post=4253"}],"version-history":[{"count":1,"href":"http:\/\/tvalaire.com\/index.php?rest_route=\/wp\/v2\/posts\/4253\/revisions"}],"predecessor-version":[{"id":4255,"href":"http:\/\/tvalaire.com\/index.php?rest_route=\/wp\/v2\/posts\/4253\/revisions\/4255"}],"wp:featuredmedia":[{"embeddable":true,"href":"http:\/\/tvalaire.com\/index.php?rest_route=\/wp\/v2\/media\/4254"}],"wp:attachment":[{"href":"http:\/\/tvalaire.com\/index.php?rest_route=%2Fwp%2Fv2%2Fmedia&parent=4253"}],"wp:term":[{"taxonomy":"category","embeddable":true,"href":"http:\/\/tvalaire.com\/index.php?rest_route=%2Fwp%2Fv2%2Fcategories&post=4253"},{"taxonomy":"post_tag","embeddable":true,"href":"http:\/\/tvalaire.com\/index.php?rest_route=%2Fwp%2Fv2%2Ftags&post=4253"}],"curies":[{"name":"wp","href":"https:\/\/api.w.org\/{rel}","templated":true}]}}