{"id":4220,"date":"2018-09-16T15:33:15","date_gmt":"2018-09-16T20:33:15","guid":{"rendered":"http:\/\/tvalaire.com\/?p=4220"},"modified":"2018-11-14T15:35:15","modified_gmt":"2018-11-14T21:35:15","slug":"alejandro-espinoza-dio-el-tradicional-grito-de-independencia-y-libero-4-presos","status":"publish","type":"post","link":"http:\/\/tvalaire.com\/?p=4220","title":{"rendered":"ALEJANDRO ESPINOZA DIO EL TRADICIONAL GRITO DE INDEPENDENCIA Y LIBER\u00d3 4 PRESOS"},"content":{"rendered":"<p>&nbsp;<\/p>\n<ul>\n<li><b>La Sesi\u00f3n Solemne de Cabildo se transmiti\u00f3 a los presentes en la Plaza Principal<\/b><\/li>\n<\/ul>\n<ul>\n<li>Los habitantes vivieron con orgullo y en armon\u00eda esta Fiesta Mexicana<\/li>\n<\/ul>\n<p>&nbsp;<\/p>\n<p><span style=\"font-weight: 400;\">En sesi\u00f3n solemne de Cabildo, el Presidente Municipal Alejandro Espinoza \u00c1vila, dio el tradicional Grito de Independencia ante la presencia de decenas de piedadenses que lo presenciaron con orden en la Plaza Principal.<\/span><\/p>\n<p><span style=\"font-weight: 400;\">La sesi\u00f3n de Cabildo se realiz\u00f3 minutos antes de las 23:00 horas, en la cual el Secretario del Ayuntamiento, Samuel Hidalgo Gallardo, dio lectura al acta de Independencia pronunciada por la Junta Soberana congregada en la capital con fecha del 28 de septiembre de 1821.<\/span><\/p>\n<p><span style=\"font-weight: 400;\">Dicho documento establece que: \u201cLa Naci\u00f3n Mexicana que, por trescientos a\u00f1os, ni ha tenido voluntad propia, ni libre uso de la voz, sale hoy de la opresi\u00f3n en que ha vivido. Los heroicos esfuerzos de sus hijos han sido coronados, y est\u00e1 consumada la empresa, eternamente memorable, que un genio, superior a toda admiraci\u00f3n y elogio, por el amor y gloria de su Patria, principi\u00f3 en Iguala, prosigui\u00f3 y llev\u00f3 al cabo, arrollando obst\u00e1culos casi insuperables\u201d. <\/span><\/p>\n<p><span style=\"font-weight: 400;\">A trav\u00e9s del pronunciamiento se declara, por medio de la Junta Suprema del Imperio, que M\u00e9xico es una Naci\u00f3n Soberana, e independiente de la antigua Espa\u00f1a.<\/span><\/p>\n<p><span style=\"font-weight: 400;\">El Secretario del Ayuntamiento mencion\u00f3 los nombres de quienes participaron en la Junta Soberana e inmediatamente despu\u00e9s el Presidente Municipal dio clausura a la sesi\u00f3n, para continuar la tradici\u00f3n de liberar a presos locales, por lo que baj\u00f3 al m\u00f3dulo de Seguridad P\u00fablica y declar\u00f3 como libres a cuatro personas que se encontraban en barandilla.<\/span><\/p>\n<p><span style=\"font-weight: 400;\">Ya de regreso a Palacio Municipal, recibi\u00f3 la bandera de manos de la escolta de Seguridad P\u00fablica y sali\u00f3 junto con su esposa e hijos, a dar el tradicional Grito de Independencia recordando a los h\u00e9roes nacionales que nos dieron Patria y Libertad desde el balc\u00f3n principal desde donde tambi\u00e9n observaron la fiesta de colores por la quema de los fuegos pirot\u00e9cnicos y dio paso a la verbena popular en la que se cont\u00f3 con la presencia del doble de Marco Antonio Sol\u00eds y Ra\u00fal Hern\u00e1ndez Jr. <\/span><\/p>\n<p><img loading=\"lazy\" decoding=\"async\" class=\"alignnone size-medium wp-image-4224\" src=\"http:\/\/tvalaire.com\/wp-content\/uploads\/2018\/11\/02-9-300x200.jpg\" alt=\"\" width=\"300\" height=\"200\" srcset=\"http:\/\/tvalaire.com\/wp-content\/uploads\/2018\/11\/02-9-300x200.jpg 300w, http:\/\/tvalaire.com\/wp-content\/uploads\/2018\/11\/02-9-768x513.jpg 768w, http:\/\/tvalaire.com\/wp-content\/uploads\/2018\/11\/02-9.jpg 1024w\" sizes=\"(max-width: 300px) 100vw, 300px\" \/><\/p>\n<p><img loading=\"lazy\" decoding=\"async\" class=\"alignnone size-medium wp-image-4223\" src=\"http:\/\/tvalaire.com\/wp-content\/uploads\/2018\/11\/02-5-300x200.jpg\" alt=\"\" width=\"300\" height=\"200\" srcset=\"http:\/\/tvalaire.com\/wp-content\/uploads\/2018\/11\/02-5-300x200.jpg 300w, http:\/\/tvalaire.com\/wp-content\/uploads\/2018\/11\/02-5-768x512.jpg 768w, http:\/\/tvalaire.com\/wp-content\/uploads\/2018\/11\/02-5.jpg 1024w\" sizes=\"(max-width: 300px) 100vw, 300px\" \/><\/p>\n<p><img loading=\"lazy\" decoding=\"async\" class=\"alignnone size-medium wp-image-4221\" src=\"http:\/\/tvalaire.com\/wp-content\/uploads\/2018\/11\/02-14-300x200.jpg\" alt=\"\" width=\"300\" height=\"200\" srcset=\"http:\/\/tvalaire.com\/wp-content\/uploads\/2018\/11\/02-14-300x200.jpg 300w, http:\/\/tvalaire.com\/wp-content\/uploads\/2018\/11\/02-14-768x512.jpg 768w, http:\/\/tvalaire.com\/wp-content\/uploads\/2018\/11\/02-14.jpg 1024w\" sizes=\"(max-width: 300px) 100vw, 300px\" \/><\/p>\n","protected":false},"excerpt":{"rendered":"<p>&nbsp; La Sesi\u00f3n Solemne de Cabildo se transmiti\u00f3 a los presentes en la Plaza Principal&#8230;<\/p>\n","protected":false},"author":1,"featured_media":4222,"comment_status":"open","ping_status":"open","sticky":false,"template":"","format":"standard","meta":{"jetpack_post_was_ever_published":false,"_jetpack_newsletter_access":"","_jetpack_dont_email_post_to_subs":false,"_jetpack_newsletter_tier_id":0,"_jetpack_memberships_contains_paywalled_content":false,"_jetpack_memberships_contains_paid_content":false,"footnotes":"","jetpack_publicize_message":"","jetpack_publicize_feature_enabled":true,"jetpack_social_post_already_shared":false,"jetpack_social_options":{"image_generator_settings":{"template":"highway","enabled":false},"version":2}},"categories":[1],"tags":[15,36],"class_list":["post-4220","post","type-post","status-publish","format-standard","has-post-thumbnail","hentry","category-la-piedad","tag-la-piedad","tag-principales"],"jetpack_publicize_connections":[],"jetpack_sharing_enabled":true,"featured_image_urls":{"full":["http:\/\/tvalaire.com\/wp-content\/uploads\/2018\/11\/02-8.jpg",1024,684,false],"thumbnail":["http:\/\/tvalaire.com\/wp-content\/uploads\/2018\/11\/02-8-150x150.jpg",150,150,true],"medium":["http:\/\/tvalaire.com\/wp-content\/uploads\/2018\/11\/02-8-300x200.jpg",300,200,true],"medium_large":["http:\/\/tvalaire.com\/wp-content\/uploads\/2018\/11\/02-8-768x513.jpg",640,428,true],"large":["http:\/\/tvalaire.com\/wp-content\/uploads\/2018\/11\/02-8-1024x684.jpg",640,428,true],"post-slider-thumb-size":["http:\/\/tvalaire.com\/wp-content\/uploads\/2018\/11\/02-8.jpg",284,190,false],"post-category-slider-size":["http:\/\/tvalaire.com\/wp-content\/uploads\/2018\/11\/02-8.jpg",330,220,false],"1536x1536":["http:\/\/tvalaire.com\/wp-content\/uploads\/2018\/11\/02-8.jpg",1024,684,false],"2048x2048":["http:\/\/tvalaire.com\/wp-content\/uploads\/2018\/11\/02-8.jpg",1024,684,false],"newsium-slider-full":["http:\/\/tvalaire.com\/wp-content\/uploads\/2018\/11\/02-8.jpg",1024,684,false],"newsium-featured":["http:\/\/tvalaire.com\/wp-content\/uploads\/2018\/11\/02-8.jpg",1024,684,false],"newsium-medium":["http:\/\/tvalaire.com\/wp-content\/uploads\/2018\/11\/02-8.jpg",711,475,false]},"author_info":{"info":["tvalairenoti"]},"category_info":"<a href=\"http:\/\/tvalaire.com\/?cat=1\" rel=\"category\">La Piedad<\/a>","tag_info":"La Piedad","comment_count":"0","jetpack_featured_media_url":"http:\/\/tvalaire.com\/wp-content\/uploads\/2018\/11\/02-8.jpg","_links":{"self":[{"href":"http:\/\/tvalaire.com\/index.php?rest_route=\/wp\/v2\/posts\/4220"}],"collection":[{"href":"http:\/\/tvalaire.com\/index.php?rest_route=\/wp\/v2\/posts"}],"about":[{"href":"http:\/\/tvalaire.com\/index.php?rest_route=\/wp\/v2\/types\/post"}],"author":[{"embeddable":true,"href":"http:\/\/tvalaire.com\/index.php?rest_route=\/wp\/v2\/users\/1"}],"replies":[{"embeddable":true,"href":"http:\/\/tvalaire.com\/index.php?rest_route=%2Fwp%2Fv2%2Fcomments&post=4220"}],"version-history":[{"count":1,"href":"http:\/\/tvalaire.com\/index.php?rest_route=\/wp\/v2\/posts\/4220\/revisions"}],"predecessor-version":[{"id":4225,"href":"http:\/\/tvalaire.com\/index.php?rest_route=\/wp\/v2\/posts\/4220\/revisions\/4225"}],"wp:featuredmedia":[{"embeddable":true,"href":"http:\/\/tvalaire.com\/index.php?rest_route=\/wp\/v2\/media\/4222"}],"wp:attachment":[{"href":"http:\/\/tvalaire.com\/index.php?rest_route=%2Fwp%2Fv2%2Fmedia&parent=4220"}],"wp:term":[{"taxonomy":"category","embeddable":true,"href":"http:\/\/tvalaire.com\/index.php?rest_route=%2Fwp%2Fv2%2Fcategories&post=4220"},{"taxonomy":"post_tag","embeddable":true,"href":"http:\/\/tvalaire.com\/index.php?rest_route=%2Fwp%2Fv2%2Ftags&post=4220"}],"curies":[{"name":"wp","href":"https:\/\/api.w.org\/{rel}","templated":true}]}}