{"id":4212,"date":"2018-09-14T15:29:05","date_gmt":"2018-09-14T20:29:05","guid":{"rendered":"http:\/\/tvalaire.com\/?p=4212"},"modified":"2018-11-14T15:30:54","modified_gmt":"2018-11-14T21:30:54","slug":"inicia-colecta-de-radio-auxilio-voluntario-en-la-piedad","status":"publish","type":"post","link":"http:\/\/tvalaire.com\/?p=4212","title":{"rendered":"INICIA COLECTA DE RADIO AUXILIO VOLUNTARIO EN LA PIEDAD"},"content":{"rendered":"<p>&nbsp;<\/p>\n<p><b>El Presidente Municipal la inaugur\u00f3 y habl\u00f3 de la posibilidad de apoyarlos con una plaza m\u00e1s para param\u00e9dico<\/b><\/p>\n<ul>\n<li>Invit\u00f3 a la poblaci\u00f3n a contribuir para esta noble causa<\/li>\n<\/ul>\n<p>&nbsp;<\/p>\n<p><span style=\"font-weight: 400;\">Alejandro Espinoza \u00c1vila, Presidente Municipal contribuy\u00f3 con una aportaci\u00f3n econ\u00f3mica durante el inicio de la Colecta Anual de Radio Auxilio Voluntario Local, la cual ten\u00eda dos a\u00f1os de no realizarse.<\/span><\/p>\n<p><span style=\"font-weight: 400;\">A los integrantes de la Corporaci\u00f3n encabezada por Zeus Rueda, habl\u00f3 de la gran labor que realizan a favor de la poblaci\u00f3n, pues mantienen presencia y brindan el auxilio y atenci\u00f3n a quienes requieren de su ayuda, por lo que es justo que ahora tambi\u00e9n reciban el apoyo de la ciudadan\u00eda.<\/span><\/p>\n<p><span style=\"font-weight: 400;\">Mencion\u00f3 que como Alcalde buscar\u00eda la posibilidad de apoyarlos con una plaza m\u00e1s para param\u00e9dico, con el fin de que mantengan ese compromiso y esp\u00edritu de ayudar a los dem\u00e1s.<\/span><\/p>\n<p><span style=\"font-weight: 400;\">A su vez, el Presidente Municipal hizo un llamado a la poblaci\u00f3n para que contribuyan con su apoyo econ\u00f3mico a esta corporaci\u00f3n que es una de las que se ha mantenido presente y atenta a todos los llamados que la gente requiere.<\/span><\/p>\n<p><span style=\"font-weight: 400;\">Los integrantes y voluntarios de esta corporaci\u00f3n solicitar\u00e1n de la cooperaci\u00f3n de la poblaci\u00f3n en diversos puntos de la ciudad como bulevar Adolfo L\u00f3pez Mateos a la altura del parque L\u00e1zaro C\u00e1rdenas mejor conocido como La Placa; Mariano Jim\u00e9nez a la altura de la iglesia de El Carmen, entre otros. <\/span><\/p>\n<p><span style=\"font-weight: 400;\">Los recursos que les sean aportados ser\u00e1n utilizados para reparar las ambulancias, comprar equipo e iniciar con el proyecto de construcci\u00f3n de sus propias instalaciones, pues cuentan con este compromiso luego de haber recibido en donaci\u00f3n un terreno por el Gobierno Municipal.<\/span><\/p>\n<p><span style=\"font-weight: 400;\">La colecta tendr\u00e1 una duraci\u00f3n de un mes a partir de este d\u00eda y las personas que deseen ayudar tambi\u00e9n pueden hacerlo de manera directa llamando a las oficinas al tel\u00e9fono 352 522 13 35.<\/span><\/p>\n<p><span style=\"font-weight: 400;\">Zeus Rueda indic\u00f3 que los dos \u00faltimos a\u00f1os no se realiz\u00f3 la colecta, primero por la muerte del Subcomandante de la corporaci\u00f3n y el a\u00f1o pasado por el sismo registrado el a\u00f1o pasado en Oaxaca. En esta ocasi\u00f3n se hace ante la urgente necesidad de reparar las unidades.<\/span><\/p>\n<p>&nbsp;<\/p>\n<p><img loading=\"lazy\" decoding=\"async\" class=\"alignnone size-medium wp-image-4215\" src=\"http:\/\/tvalaire.com\/wp-content\/uploads\/2018\/11\/01-1-2-1-300x201.jpg\" alt=\"\" width=\"300\" height=\"201\" srcset=\"http:\/\/tvalaire.com\/wp-content\/uploads\/2018\/11\/01-1-2-1-300x201.jpg 300w, http:\/\/tvalaire.com\/wp-content\/uploads\/2018\/11\/01-1-2-1-768x513.jpg 768w, http:\/\/tvalaire.com\/wp-content\/uploads\/2018\/11\/01-1-2-1-1024x684.jpg 1024w\" sizes=\"(max-width: 300px) 100vw, 300px\" \/><\/p>\n","protected":false},"excerpt":{"rendered":"<p>&nbsp; El Presidente Municipal la inaugur\u00f3 y habl\u00f3 de la posibilidad de apoyarlos con una&#8230;<\/p>\n","protected":false},"author":1,"featured_media":4214,"comment_status":"open","ping_status":"open","sticky":false,"template":"","format":"standard","meta":{"jetpack_post_was_ever_published":false,"_jetpack_newsletter_access":"","_jetpack_dont_email_post_to_subs":false,"_jetpack_newsletter_tier_id":0,"_jetpack_memberships_contains_paywalled_content":false,"_jetpack_memberships_contains_paid_content":false,"footnotes":"","jetpack_publicize_message":"","jetpack_publicize_feature_enabled":true,"jetpack_social_post_already_shared":false,"jetpack_social_options":{"image_generator_settings":{"template":"highway","enabled":false},"version":2}},"categories":[1],"tags":[15,36],"class_list":["post-4212","post","type-post","status-publish","format-standard","has-post-thumbnail","hentry","category-la-piedad","tag-la-piedad","tag-principales"],"jetpack_publicize_connections":[],"jetpack_sharing_enabled":true,"featured_image_urls":{"full":["http:\/\/tvalaire.com\/wp-content\/uploads\/2018\/11\/01-2-1.jpg",2992,2000,false],"thumbnail":["http:\/\/tvalaire.com\/wp-content\/uploads\/2018\/11\/01-2-1-150x150.jpg",150,150,true],"medium":["http:\/\/tvalaire.com\/wp-content\/uploads\/2018\/11\/01-2-1-300x201.jpg",300,201,true],"medium_large":["http:\/\/tvalaire.com\/wp-content\/uploads\/2018\/11\/01-2-1-768x513.jpg",640,428,true],"large":["http:\/\/tvalaire.com\/wp-content\/uploads\/2018\/11\/01-2-1-1024x684.jpg",640,428,true],"post-slider-thumb-size":["http:\/\/tvalaire.com\/wp-content\/uploads\/2018\/11\/01-2-1.jpg",284,190,false],"post-category-slider-size":["http:\/\/tvalaire.com\/wp-content\/uploads\/2018\/11\/01-2-1.jpg",330,221,false],"1536x1536":["http:\/\/tvalaire.com\/wp-content\/uploads\/2018\/11\/01-2-1.jpg",1536,1027,false],"2048x2048":["http:\/\/tvalaire.com\/wp-content\/uploads\/2018\/11\/01-2-1.jpg",2048,1369,false],"newsium-slider-full":["http:\/\/tvalaire.com\/wp-content\/uploads\/2018\/11\/01-2-1.jpg",1264,845,false],"newsium-featured":["http:\/\/tvalaire.com\/wp-content\/uploads\/2018\/11\/01-2-1.jpg",1024,684,false],"newsium-medium":["http:\/\/tvalaire.com\/wp-content\/uploads\/2018\/11\/01-2-1.jpg",711,475,false]},"author_info":{"info":["tvalairenoti"]},"category_info":"<a href=\"http:\/\/tvalaire.com\/?cat=1\" rel=\"category\">La Piedad<\/a>","tag_info":"La Piedad","comment_count":"0","jetpack_featured_media_url":"http:\/\/tvalaire.com\/wp-content\/uploads\/2018\/11\/01-2-1.jpg","_links":{"self":[{"href":"http:\/\/tvalaire.com\/index.php?rest_route=\/wp\/v2\/posts\/4212"}],"collection":[{"href":"http:\/\/tvalaire.com\/index.php?rest_route=\/wp\/v2\/posts"}],"about":[{"href":"http:\/\/tvalaire.com\/index.php?rest_route=\/wp\/v2\/types\/post"}],"author":[{"embeddable":true,"href":"http:\/\/tvalaire.com\/index.php?rest_route=\/wp\/v2\/users\/1"}],"replies":[{"embeddable":true,"href":"http:\/\/tvalaire.com\/index.php?rest_route=%2Fwp%2Fv2%2Fcomments&post=4212"}],"version-history":[{"count":1,"href":"http:\/\/tvalaire.com\/index.php?rest_route=\/wp\/v2\/posts\/4212\/revisions"}],"predecessor-version":[{"id":4216,"href":"http:\/\/tvalaire.com\/index.php?rest_route=\/wp\/v2\/posts\/4212\/revisions\/4216"}],"wp:featuredmedia":[{"embeddable":true,"href":"http:\/\/tvalaire.com\/index.php?rest_route=\/wp\/v2\/media\/4214"}],"wp:attachment":[{"href":"http:\/\/tvalaire.com\/index.php?rest_route=%2Fwp%2Fv2%2Fmedia&parent=4212"}],"wp:term":[{"taxonomy":"category","embeddable":true,"href":"http:\/\/tvalaire.com\/index.php?rest_route=%2Fwp%2Fv2%2Fcategories&post=4212"},{"taxonomy":"post_tag","embeddable":true,"href":"http:\/\/tvalaire.com\/index.php?rest_route=%2Fwp%2Fv2%2Ftags&post=4212"}],"curies":[{"name":"wp","href":"https:\/\/api.w.org\/{rel}","templated":true}]}}