{"id":4206,"date":"2018-09-14T15:26:43","date_gmt":"2018-09-14T20:26:43","guid":{"rendered":"http:\/\/tvalaire.com\/?p=4206"},"modified":"2018-11-14T15:27:50","modified_gmt":"2018-11-14T21:27:50","slug":"se-fortalecen-acciones-en-recoleccion-de-basura","status":"publish","type":"post","link":"http:\/\/tvalaire.com\/?p=4206","title":{"rendered":"SE FORTALECEN ACCIONES EN RECOLECCI\u00d3N DE BASURA"},"content":{"rendered":"<p>&nbsp;<\/p>\n<ul>\n<li><b>Se invita a la poblaci\u00f3n a sacar la basura al escuchar la campana<\/b><\/li>\n<\/ul>\n<ul>\n<li>El servicio se ofrece a pesar de haber recibido seis camiones descompuestos<\/li>\n<\/ul>\n<p>&nbsp;<\/p>\n<p><span style=\"font-weight: 400;\">El servicio de recolecci\u00f3n de basura en el municipio de La Piedad se ha fortalecido mediante la puesta en marcha de la reparaci\u00f3n de un total de seis camiones que se encontraron con fallas mec\u00e1nicas.<\/span><\/p>\n<p><span style=\"font-weight: 400;\">Esto no significa que el proceso de recolecci\u00f3n se haya visto mermado, al contrario, se mantienen activas todas las rutas establecidas para que la poblaci\u00f3n reciba la atenci\u00f3n que merece.<\/span><\/p>\n<p><span style=\"font-weight: 400;\">Ram\u00f3n Romero Ram\u00edrez, director de Servicios P\u00fablicos inform\u00f3 que se trabaja con las mismas rutas que ya estaban establecidas, aunque en el caso del servicio nocturno pasar\u00e1 por un proceso de adecuaci\u00f3n, pues han detectado que todav\u00eda algunas personas no se sujetan a los horarios de recolecci\u00f3n.<\/span><\/p>\n<p><span style=\"font-weight: 400;\">Te\u00f3ricamente el servicio comienza a las 19:00 horas, pero lo ideal es que las personas saquen sus bolsas de basura a partir de que escuchen la campana. La propuesta aqu\u00ed ser\u00e1 complementar un sonido con la campana y que el ciudadano o comerciante espere para poder colocar su basura en los lugares de costumbre.<\/span><\/p>\n<p><span style=\"font-weight: 400;\">Se prev\u00e9 a su vez, plantear a los regidores de la Comisi\u00f3n de Servicios P\u00fablicos para que analice la posibilidad de hacer las adecuaciones al reglamento para poder aplicar sanciones a quienes olviden o dejen la basura fuera de los horarios y los lugares ya establecidos.<\/span><\/p>\n<p><span style=\"font-weight: 400;\">Cabe destacar que en La Piedad se genera diariamente un promedio de 100 toneladas de basura diaria, la cual tiene como destino final el tiradero a cielo abierto a donde a su vez, llegan tambi\u00e9n los deshechos de algunas empresas locales, as\u00ed como de los municipios de Numar\u00e1n, Zin\u00e1paro y Ecuandureo por lo que diariamente podr\u00eda ingresar un total de 140 toneladas.<\/span><\/p>\n","protected":false},"excerpt":{"rendered":"<p>&nbsp; Se invita a la poblaci\u00f3n a sacar la basura al escuchar la campana El&#8230;<\/p>\n","protected":false},"author":1,"featured_media":4207,"comment_status":"open","ping_status":"open","sticky":false,"template":"","format":"standard","meta":{"jetpack_post_was_ever_published":false,"_jetpack_newsletter_access":"","_jetpack_dont_email_post_to_subs":false,"_jetpack_newsletter_tier_id":0,"_jetpack_memberships_contains_paywalled_content":false,"_jetpack_memberships_contains_paid_content":false,"footnotes":"","jetpack_publicize_message":"","jetpack_publicize_feature_enabled":true,"jetpack_social_post_already_shared":false,"jetpack_social_options":{"image_generator_settings":{"template":"highway","enabled":false},"version":2}},"categories":[1],"tags":[15,36],"class_list":["post-4206","post","type-post","status-publish","format-standard","has-post-thumbnail","hentry","category-la-piedad","tag-la-piedad","tag-principales"],"jetpack_publicize_connections":[],"jetpack_sharing_enabled":true,"featured_image_urls":{"full":["http:\/\/tvalaire.com\/wp-content\/uploads\/2018\/11\/1-3.jpg",1024,684,false],"thumbnail":["http:\/\/tvalaire.com\/wp-content\/uploads\/2018\/11\/1-3-150x150.jpg",150,150,true],"medium":["http:\/\/tvalaire.com\/wp-content\/uploads\/2018\/11\/1-3-300x200.jpg",300,200,true],"medium_large":["http:\/\/tvalaire.com\/wp-content\/uploads\/2018\/11\/1-3-768x513.jpg",640,428,true],"large":["http:\/\/tvalaire.com\/wp-content\/uploads\/2018\/11\/1-3-1024x684.jpg",640,428,true],"post-slider-thumb-size":["http:\/\/tvalaire.com\/wp-content\/uploads\/2018\/11\/1-3.jpg",284,190,false],"post-category-slider-size":["http:\/\/tvalaire.com\/wp-content\/uploads\/2018\/11\/1-3.jpg",330,220,false],"1536x1536":["http:\/\/tvalaire.com\/wp-content\/uploads\/2018\/11\/1-3.jpg",1024,684,false],"2048x2048":["http:\/\/tvalaire.com\/wp-content\/uploads\/2018\/11\/1-3.jpg",1024,684,false],"newsium-slider-full":["http:\/\/tvalaire.com\/wp-content\/uploads\/2018\/11\/1-3.jpg",1024,684,false],"newsium-featured":["http:\/\/tvalaire.com\/wp-content\/uploads\/2018\/11\/1-3.jpg",1024,684,false],"newsium-medium":["http:\/\/tvalaire.com\/wp-content\/uploads\/2018\/11\/1-3.jpg",711,475,false]},"author_info":{"info":["tvalairenoti"]},"category_info":"<a href=\"http:\/\/tvalaire.com\/?cat=1\" rel=\"category\">La Piedad<\/a>","tag_info":"La Piedad","comment_count":"0","jetpack_featured_media_url":"http:\/\/tvalaire.com\/wp-content\/uploads\/2018\/11\/1-3.jpg","_links":{"self":[{"href":"http:\/\/tvalaire.com\/index.php?rest_route=\/wp\/v2\/posts\/4206"}],"collection":[{"href":"http:\/\/tvalaire.com\/index.php?rest_route=\/wp\/v2\/posts"}],"about":[{"href":"http:\/\/tvalaire.com\/index.php?rest_route=\/wp\/v2\/types\/post"}],"author":[{"embeddable":true,"href":"http:\/\/tvalaire.com\/index.php?rest_route=\/wp\/v2\/users\/1"}],"replies":[{"embeddable":true,"href":"http:\/\/tvalaire.com\/index.php?rest_route=%2Fwp%2Fv2%2Fcomments&post=4206"}],"version-history":[{"count":1,"href":"http:\/\/tvalaire.com\/index.php?rest_route=\/wp\/v2\/posts\/4206\/revisions"}],"predecessor-version":[{"id":4208,"href":"http:\/\/tvalaire.com\/index.php?rest_route=\/wp\/v2\/posts\/4206\/revisions\/4208"}],"wp:featuredmedia":[{"embeddable":true,"href":"http:\/\/tvalaire.com\/index.php?rest_route=\/wp\/v2\/media\/4207"}],"wp:attachment":[{"href":"http:\/\/tvalaire.com\/index.php?rest_route=%2Fwp%2Fv2%2Fmedia&parent=4206"}],"wp:term":[{"taxonomy":"category","embeddable":true,"href":"http:\/\/tvalaire.com\/index.php?rest_route=%2Fwp%2Fv2%2Fcategories&post=4206"},{"taxonomy":"post_tag","embeddable":true,"href":"http:\/\/tvalaire.com\/index.php?rest_route=%2Fwp%2Fv2%2Ftags&post=4206"}],"curies":[{"name":"wp","href":"https:\/\/api.w.org\/{rel}","templated":true}]}}