{"id":4200,"date":"2018-09-13T15:23:22","date_gmt":"2018-09-13T20:23:22","guid":{"rendered":"http:\/\/tvalaire.com\/?p=4200"},"modified":"2018-11-14T15:25:06","modified_gmt":"2018-11-14T21:25:06","slug":"dif-la-piedad-gestiona-acciones-en-pro-de-personas-en-vulnerabilidad-o-desamparo","status":"publish","type":"post","link":"http:\/\/tvalaire.com\/?p=4200","title":{"rendered":"DIF LA PIEDAD GESTIONA ACCIONES EN PRO DE PERSONAS EN VULNERABILIDAD O DESAMPARO"},"content":{"rendered":"<p>&nbsp;<\/p>\n<ul>\n<li><b>Mejorar los servicios con trato digno y eficaz es la meta<\/b><\/li>\n<\/ul>\n<ul>\n<li>Se ofrece m\u00e1s informaci\u00f3n en el tel\u00e9fono 5 22 01 22<\/li>\n<\/ul>\n<p>&nbsp;<\/p>\n<p><span style=\"font-weight: 400;\">El Sistema para el Desarrollo Integral de la Familia (DIF) en coordinaci\u00f3n con el departamento de Trabajo Social realizan acciones en beneficio de las personas en estado de vulnerabilidad o en desamparo, por ello se est\u00e1 gestionando con empresas p\u00fablicas y privadas que se sumen a la agenda de servicios con los que se pueden auxiliar a los piedadenses.<\/span><\/p>\n<p><span style=\"font-weight: 400;\">La directora Brenda Roci\u00f3 Orozco Torres, coment\u00f3 que una de las encomiendas del Presidente Alejandro Espinoza \u00c1vila, es mejorar cada uno de los servicios que se realizan en el Gobierno Municipal, adem\u00e1s de incrementar objetivos que permitan dar un trato digno y eficaz a qui\u00e9nes lo soliciten.<\/span><\/p>\n<p><span style=\"font-weight: 400;\">\u201cEl departamento de Trabajo Social es una de las \u00e1reas m\u00e1s importantes dentro del sistema DIF, donde se ofrecen apoyos en: Estudios socioecon\u00f3micos (DIF, Secretaria T\u00e9cnica, Predial, Desarrollo Social, Presidencia, Juzgado Familiar primero y segundo), visitas domiciliarias, gesti\u00f3n y canalizaci\u00f3n a instituciones p\u00fablicas y privadas, peritajes del juzgado, orientaci\u00f3n y atenci\u00f3n a problemas de violencia intrafamiliar.<\/span><\/p>\n<p><span style=\"font-weight: 400;\">As\u00ed mismo hay una coordinaci\u00f3n con el equipo multidisciplinario, la elaboraci\u00f3n de solicitud de aparatos auditivos, sillas de ruedas, andadores, bastones, muletas y aparatos ortop\u00e9dicos, participaciones en jornadas de salud, apoyo al departamento de Procuradur\u00eda en caso de maltrato a menores o abandono\u201d, puntualiz\u00f3 la directora.<\/span><\/p>\n<p><span style=\"font-weight: 400;\">Para mayores informes sobre los servicios que se ofrecen en la instituci\u00f3n de asistencia social las personas pueden comunicarse al tel\u00e9fono 5-22-01-22 en las extensiones \u00a018 y 26.<\/span><\/p>\n","protected":false},"excerpt":{"rendered":"<p>&nbsp; Mejorar los servicios con trato digno y eficaz es la meta Se ofrece m\u00e1s&#8230;<\/p>\n","protected":false},"author":1,"featured_media":4201,"comment_status":"open","ping_status":"open","sticky":false,"template":"","format":"standard","meta":{"jetpack_post_was_ever_published":false,"_jetpack_newsletter_access":"","_jetpack_dont_email_post_to_subs":false,"_jetpack_newsletter_tier_id":0,"_jetpack_memberships_contains_paywalled_content":false,"_jetpack_memberships_contains_paid_content":false,"footnotes":"","jetpack_publicize_message":"","jetpack_publicize_feature_enabled":true,"jetpack_social_post_already_shared":false,"jetpack_social_options":{"image_generator_settings":{"template":"highway","enabled":false},"version":2}},"categories":[1],"tags":[15,36],"class_list":["post-4200","post","type-post","status-publish","format-standard","has-post-thumbnail","hentry","category-la-piedad","tag-la-piedad","tag-principales"],"jetpack_publicize_connections":[],"jetpack_sharing_enabled":true,"featured_image_urls":{"full":["http:\/\/tvalaire.com\/wp-content\/uploads\/2018\/11\/01-1-1.jpg",1650,1100,false],"thumbnail":["http:\/\/tvalaire.com\/wp-content\/uploads\/2018\/11\/01-1-1-150x150.jpg",150,150,true],"medium":["http:\/\/tvalaire.com\/wp-content\/uploads\/2018\/11\/01-1-1-300x200.jpg",300,200,true],"medium_large":["http:\/\/tvalaire.com\/wp-content\/uploads\/2018\/11\/01-1-1-768x512.jpg",640,427,true],"large":["http:\/\/tvalaire.com\/wp-content\/uploads\/2018\/11\/01-1-1-1024x683.jpg",640,427,true],"post-slider-thumb-size":["http:\/\/tvalaire.com\/wp-content\/uploads\/2018\/11\/01-1-1.jpg",285,190,false],"post-category-slider-size":["http:\/\/tvalaire.com\/wp-content\/uploads\/2018\/11\/01-1-1.jpg",330,220,false],"1536x1536":["http:\/\/tvalaire.com\/wp-content\/uploads\/2018\/11\/01-1-1.jpg",1536,1024,false],"2048x2048":["http:\/\/tvalaire.com\/wp-content\/uploads\/2018\/11\/01-1-1.jpg",1650,1100,false],"newsium-slider-full":["http:\/\/tvalaire.com\/wp-content\/uploads\/2018\/11\/01-1-1.jpg",1268,845,false],"newsium-featured":["http:\/\/tvalaire.com\/wp-content\/uploads\/2018\/11\/01-1-1.jpg",1024,683,false],"newsium-medium":["http:\/\/tvalaire.com\/wp-content\/uploads\/2018\/11\/01-1-1.jpg",713,475,false]},"author_info":{"info":["tvalairenoti"]},"category_info":"<a href=\"http:\/\/tvalaire.com\/?cat=1\" rel=\"category\">La Piedad<\/a>","tag_info":"La Piedad","comment_count":"0","jetpack_featured_media_url":"http:\/\/tvalaire.com\/wp-content\/uploads\/2018\/11\/01-1-1.jpg","_links":{"self":[{"href":"http:\/\/tvalaire.com\/index.php?rest_route=\/wp\/v2\/posts\/4200"}],"collection":[{"href":"http:\/\/tvalaire.com\/index.php?rest_route=\/wp\/v2\/posts"}],"about":[{"href":"http:\/\/tvalaire.com\/index.php?rest_route=\/wp\/v2\/types\/post"}],"author":[{"embeddable":true,"href":"http:\/\/tvalaire.com\/index.php?rest_route=\/wp\/v2\/users\/1"}],"replies":[{"embeddable":true,"href":"http:\/\/tvalaire.com\/index.php?rest_route=%2Fwp%2Fv2%2Fcomments&post=4200"}],"version-history":[{"count":1,"href":"http:\/\/tvalaire.com\/index.php?rest_route=\/wp\/v2\/posts\/4200\/revisions"}],"predecessor-version":[{"id":4202,"href":"http:\/\/tvalaire.com\/index.php?rest_route=\/wp\/v2\/posts\/4200\/revisions\/4202"}],"wp:featuredmedia":[{"embeddable":true,"href":"http:\/\/tvalaire.com\/index.php?rest_route=\/wp\/v2\/media\/4201"}],"wp:attachment":[{"href":"http:\/\/tvalaire.com\/index.php?rest_route=%2Fwp%2Fv2%2Fmedia&parent=4200"}],"wp:term":[{"taxonomy":"category","embeddable":true,"href":"http:\/\/tvalaire.com\/index.php?rest_route=%2Fwp%2Fv2%2Fcategories&post=4200"},{"taxonomy":"post_tag","embeddable":true,"href":"http:\/\/tvalaire.com\/index.php?rest_route=%2Fwp%2Fv2%2Ftags&post=4200"}],"curies":[{"name":"wp","href":"https:\/\/api.w.org\/{rel}","templated":true}]}}