{"id":4194,"date":"2018-09-13T15:20:16","date_gmt":"2018-09-13T20:20:16","guid":{"rendered":"http:\/\/tvalaire.com\/?p=4194"},"modified":"2018-11-14T15:21:56","modified_gmt":"2018-11-14T21:21:56","slug":"presidenta-del-dif-la-piedad-y-directora-se-capacitan","status":"publish","type":"post","link":"http:\/\/tvalaire.com\/?p=4194","title":{"rendered":"PRESIDENTA DEL DIF LA PIEDAD Y DIRECTORA SE CAPACITAN"},"content":{"rendered":"<p>&nbsp;<\/p>\n<p>&nbsp;<\/p>\n<ul>\n<li><b>Brindar un servicio de calidad y eficaz a la poblaci\u00f3n es el objetivo<\/b><\/li>\n<\/ul>\n<ul>\n<li>La inclusi\u00f3n de todos los sectores tema de importancia<\/li>\n<\/ul>\n<p>&nbsp;<\/p>\n<p><span style=\"font-weight: 400;\"> \u00a0\u00a0\u00a0\u00a0\u00a0\u00a0\u00a0\u00a0\u00a0\u00a0\u00a0\u00a0\u00a0\u00a0\u00a0\u00a0\u00a0\u00a0\u00a0\u00a0\u00a0\u00a0\u00a0\u00a0\u00a0\u00a0\u00a0\u00a0\u00a0\u00a0\u00a0\u00a0\u00a0\u00a0\u00a0\u00a0\u00a0\u00a0\u00a0\u00a0\u00a0\u00a0\u00a0\u00a0\u00a0\u00a0\u00a0\u00a0\u00a0\u00a0\u00a0\u00a0\u00a0\u00a0\u00a0\u00a0\u00a0\u00a0\u00a0\u00a0\u00a0\u00a0\u00a0\u00a0<\/span><\/p>\n<p><span style=\"font-weight: 400;\">\u201cFortalecer las acciones sociales que se hacen en los sistemas DIF a partir de propuestas, programas, gestiones y esfuerzos que abonen a la construcci\u00f3n de una sociedad m\u00e1s participativa, consciente, justa y solidaria es el principal objetivo de nuestras instituciones\u201d, coment\u00f3 la directora estatal Roc\u00edo Beamonte Romero durante el inicio de la capacitaci\u00f3n en la ciudad de Morelia.<\/span><\/p>\n<p><span style=\"font-weight: 400;\">Beamonte Romero, puntualiz\u00f3 que los sistemas DIF deben de promover la integraci\u00f3n de las familias como un referente fundamental para reconstruir el cimiento del desarrollo social y por ende, de nuestro Estado. Por ello exhort\u00f3 a las presidentas y directoras, que su proyecto de trabajo vaya encaminado hacia una sociedad incluyente donde ni\u00f1as, ni\u00f1os, adolescentes, personas con discapacidad y adultos mayores formen parte de las acciones emprendidas hacia el bien com\u00fan.<\/span><\/p>\n<p><span style=\"font-weight: 400;\">Liliana Flores Castro, Presidenta del DIF La Piedad coment\u00f3 que esta capacitaci\u00f3n viene a reforzar los conocimientos de la manera en que se operan los distintos programas sociales, adem\u00e1s de la importancia de brindar un servicio de calidad y eficaz a la poblaci\u00f3n.<\/span><\/p>\n<p><span style=\"font-weight: 400;\">A\u00f1adi\u00f3 que dentro de los temas impartidos se explic\u00f3 hasta donde el DIF puede intervenir para proteger a una ni\u00f1a, ni\u00f1o y\/o adolescente, y cu\u00e1l es el proceso jur\u00eddico que se debe establecer cuando se canaliza a una persona que es v\u00edctima para recibir ayuda por medio de la Procuradur\u00eda de Protecci\u00f3n de Ni\u00f1as, Ni\u00f1os y Adolescentes.<\/span><\/p>\n<p><span style=\"font-weight: 400;\">\u201cEl programa de Atenci\u00f3n a Familias en Estado de Vulnerabilidad, tambi\u00e9n fue un punto central durante la capacitaci\u00f3n, ya que la manera en que se debe de realizar la distribuci\u00f3n de desayunos escolares, despensas y la organizaci\u00f3n con los enlaces regionales es de suma importancia para el buen manejo del mismo\u201d, finaliz\u00f3 la Presidenta del DIF.<\/span><\/p>\n","protected":false},"excerpt":{"rendered":"<p>&nbsp; &nbsp; Brindar un servicio de calidad y eficaz a la poblaci\u00f3n es el objetivo&#8230;<\/p>\n","protected":false},"author":1,"featured_media":4195,"comment_status":"open","ping_status":"open","sticky":false,"template":"","format":"standard","meta":{"jetpack_post_was_ever_published":false,"_jetpack_newsletter_access":"","_jetpack_dont_email_post_to_subs":false,"_jetpack_newsletter_tier_id":0,"_jetpack_memberships_contains_paywalled_content":false,"_jetpack_memberships_contains_paid_content":false,"footnotes":"","jetpack_publicize_message":"","jetpack_publicize_feature_enabled":true,"jetpack_social_post_already_shared":false,"jetpack_social_options":{"image_generator_settings":{"template":"highway","enabled":false},"version":2}},"categories":[1],"tags":[15,36],"class_list":["post-4194","post","type-post","status-publish","format-standard","has-post-thumbnail","hentry","category-la-piedad","tag-la-piedad","tag-principales"],"jetpack_publicize_connections":[],"jetpack_sharing_enabled":true,"featured_image_urls":{"full":["http:\/\/tvalaire.com\/wp-content\/uploads\/2018\/11\/01-1.jpeg",1280,960,false],"thumbnail":["http:\/\/tvalaire.com\/wp-content\/uploads\/2018\/11\/01-1-150x150.jpeg",150,150,true],"medium":["http:\/\/tvalaire.com\/wp-content\/uploads\/2018\/11\/01-1-300x225.jpeg",300,225,true],"medium_large":["http:\/\/tvalaire.com\/wp-content\/uploads\/2018\/11\/01-1-768x576.jpeg",640,480,true],"large":["http:\/\/tvalaire.com\/wp-content\/uploads\/2018\/11\/01-1-1024x768.jpeg",640,480,true],"post-slider-thumb-size":["http:\/\/tvalaire.com\/wp-content\/uploads\/2018\/11\/01-1.jpeg",253,190,false],"post-category-slider-size":["http:\/\/tvalaire.com\/wp-content\/uploads\/2018\/11\/01-1.jpeg",330,248,false],"1536x1536":["http:\/\/tvalaire.com\/wp-content\/uploads\/2018\/11\/01-1.jpeg",1280,960,false],"2048x2048":["http:\/\/tvalaire.com\/wp-content\/uploads\/2018\/11\/01-1.jpeg",1280,960,false],"newsium-slider-full":["http:\/\/tvalaire.com\/wp-content\/uploads\/2018\/11\/01-1.jpeg",1127,845,false],"newsium-featured":["http:\/\/tvalaire.com\/wp-content\/uploads\/2018\/11\/01-1.jpeg",1024,768,false],"newsium-medium":["http:\/\/tvalaire.com\/wp-content\/uploads\/2018\/11\/01-1.jpeg",633,475,false]},"author_info":{"info":["tvalairenoti"]},"category_info":"<a href=\"http:\/\/tvalaire.com\/?cat=1\" rel=\"category\">La Piedad<\/a>","tag_info":"La Piedad","comment_count":"0","jetpack_featured_media_url":"http:\/\/tvalaire.com\/wp-content\/uploads\/2018\/11\/01-1.jpeg","_links":{"self":[{"href":"http:\/\/tvalaire.com\/index.php?rest_route=\/wp\/v2\/posts\/4194"}],"collection":[{"href":"http:\/\/tvalaire.com\/index.php?rest_route=\/wp\/v2\/posts"}],"about":[{"href":"http:\/\/tvalaire.com\/index.php?rest_route=\/wp\/v2\/types\/post"}],"author":[{"embeddable":true,"href":"http:\/\/tvalaire.com\/index.php?rest_route=\/wp\/v2\/users\/1"}],"replies":[{"embeddable":true,"href":"http:\/\/tvalaire.com\/index.php?rest_route=%2Fwp%2Fv2%2Fcomments&post=4194"}],"version-history":[{"count":1,"href":"http:\/\/tvalaire.com\/index.php?rest_route=\/wp\/v2\/posts\/4194\/revisions"}],"predecessor-version":[{"id":4196,"href":"http:\/\/tvalaire.com\/index.php?rest_route=\/wp\/v2\/posts\/4194\/revisions\/4196"}],"wp:featuredmedia":[{"embeddable":true,"href":"http:\/\/tvalaire.com\/index.php?rest_route=\/wp\/v2\/media\/4195"}],"wp:attachment":[{"href":"http:\/\/tvalaire.com\/index.php?rest_route=%2Fwp%2Fv2%2Fmedia&parent=4194"}],"wp:term":[{"taxonomy":"category","embeddable":true,"href":"http:\/\/tvalaire.com\/index.php?rest_route=%2Fwp%2Fv2%2Fcategories&post=4194"},{"taxonomy":"post_tag","embeddable":true,"href":"http:\/\/tvalaire.com\/index.php?rest_route=%2Fwp%2Fv2%2Ftags&post=4194"}],"curies":[{"name":"wp","href":"https:\/\/api.w.org\/{rel}","templated":true}]}}