{"id":4177,"date":"2018-09-12T10:07:04","date_gmt":"2018-09-12T15:07:04","guid":{"rendered":"http:\/\/tvalaire.com\/?p=4177"},"modified":"2018-09-12T10:07:04","modified_gmt":"2018-09-12T15:07:04","slug":"reactivar-los-centros-comunitarios-prioridad-de-este-gobierno","status":"publish","type":"post","link":"http:\/\/tvalaire.com\/?p=4177","title":{"rendered":"REACTIVAR LOS CENTROS COMUNITARIOS PRIORIDAD DE ESTE GOBIERNO"},"content":{"rendered":"<p>REACTIVAR LOS CENTROS COMUNITARIOS PRIORIDAD DE ESTE GOBIERNO<\/p>\n<p>En completo abandono, espacios poco aprovechados y convertidos en elefante blanco, se encuentran los Centros de Desarrollo Comunitario (CEDECO); los M\u00f3dulos del Programa de Rescate de Espacios P\u00fablicos (PREP), as\u00ed como los cinco Parques Recreativos en La Piedad.<\/p>\n<p>Lo anterior como resultado de la revisi\u00f3n hecha por parte del director de Desarrollo Social, C\u00e9sar Oceguera Estrada, quien realiz\u00f3 un diagn\u00f3stico del estado f\u00edsico y social.<\/p>\n<p>Expres\u00f3 que la parte social, es el punto que m\u00e1s interesa porque la intensi\u00f3n por la que fueron dise\u00f1ados estos espacios fue para crear comunidad, por tanto el objetivo es retomar la idea original.<\/p>\n<p>Los CEDECOS visitados fueron el \u201cManuel G\u00f3mez Mor\u00edn\u201d de la Colonia M\u00e9xico; el \u201cEfra\u00edn Gonz\u00e1lez Luna\u201d de Los Laureles; el \u201cVicente Fox Quezada\u201d del Delta; el \u201cCarlos Castillo Peraza\u201d de la Vasco de Quiroga y el \u201cCarlos Abascal\u201d de la Santa Fe, as\u00ed como los m\u00f3dulos PREP de El Fuerte, el Zool\u00f3gico, L\u00e1zaro C\u00e1rdenas, La Placa, Miguel Silva y los parques recreativos de El Ensue\u00f1o, Los Moreno, Villas de la Loma, Arroyo Delgado y Arroyo Hondo.<\/p>\n<p>De los centros visitados los que presentan mayor cuidado son el de Santa Fe y Los Laureles. En t\u00e9rminos generales los \u00faltimos cursos que se impartieron en ellos fueron en febrero de este a\u00f1o con recursos municipales lo cual significa que no contaron con apoyo federal.<\/p>\n<p>De los PREP establecidos, no se cuenta con actividades y solamente tienen vida por las tardes que asisten los ni\u00f1os a jugar y las amas de casa pagan para que les impartan clases de Zumba.<\/p>\n<p>Dentro de los da\u00f1os encontrados, en el caso de los parques de El Ensue\u00f1o y Villas de la Loma cuentan con muros para escalar pero no se tiene el equipo de seguridad para los ni\u00f1os, por lo que los muros de rapel est\u00e1n sin utilizar. Todos los centros visitados requieren mantenimiento en \u00e1reas verdes, impermeabilizaci\u00f3n, reparaci\u00f3n de equipos de c\u00f3mputo, revisi\u00f3n del estado que guardan las m\u00e1quinas de coser, de fabricar calzado, velas, equipo para cursos de belleza, guitarras, reparaci\u00f3n de juegos para ni\u00f1os, arreglo de muros en algunos casos e iluminaci\u00f3n ya que el 90 por ciento est\u00e1n las l\u00e1mparas fundidas.<\/p>\n<p>Lo que sigue ahora, es concluir el diagn\u00f3stico e inversi\u00f3n del mantenimiento y reparaci\u00f3n para plantearlo al Alcalde y dar el rescate de los espacios, dise\u00f1ando un programa de trabajo que garantice a operatividad de los mismos y asistencia de por lo menos 250 familias por espacio, pues actualmente todos se encuentra con una ocupaci\u00f3n de \u00fanicamente el 10 por ciento de su capacidad. Una vez rehabilitados, se crear\u00e1n comit\u00e9s vecinales para involucrar a la gente a que los cuide, preserve y les d\u00e9 el mantenimiento adecuado.<\/p>\n","protected":false},"excerpt":{"rendered":"<p>REACTIVAR LOS CENTROS COMUNITARIOS PRIORIDAD DE ESTE GOBIERNO En completo abandono, espacios poco aprovechados y&#8230;<\/p>\n","protected":false},"author":1,"featured_media":4178,"comment_status":"open","ping_status":"open","sticky":false,"template":"","format":"standard","meta":{"jetpack_post_was_ever_published":false,"_jetpack_newsletter_access":"","_jetpack_dont_email_post_to_subs":false,"_jetpack_newsletter_tier_id":0,"_jetpack_memberships_contains_paywalled_content":false,"_jetpack_memberships_contains_paid_content":false,"footnotes":"","jetpack_publicize_message":"","jetpack_publicize_feature_enabled":true,"jetpack_social_post_already_shared":false,"jetpack_social_options":{"image_generator_settings":{"template":"highway","enabled":false},"version":2}},"categories":[1],"tags":[15,36],"class_list":["post-4177","post","type-post","status-publish","format-standard","has-post-thumbnail","hentry","category-la-piedad","tag-la-piedad","tag-principales"],"jetpack_publicize_connections":[],"jetpack_sharing_enabled":true,"featured_image_urls":{"full":["http:\/\/tvalaire.com\/wp-content\/uploads\/2018\/09\/01-11-2.jpg",1920,1080,false],"thumbnail":["http:\/\/tvalaire.com\/wp-content\/uploads\/2018\/09\/01-11-2-150x150.jpg",150,150,true],"medium":["http:\/\/tvalaire.com\/wp-content\/uploads\/2018\/09\/01-11-2-300x169.jpg",300,169,true],"medium_large":["http:\/\/tvalaire.com\/wp-content\/uploads\/2018\/09\/01-11-2-768x432.jpg",640,360,true],"large":["http:\/\/tvalaire.com\/wp-content\/uploads\/2018\/09\/01-11-2-1024x576.jpg",640,360,true],"post-slider-thumb-size":["http:\/\/tvalaire.com\/wp-content\/uploads\/2018\/09\/01-11-2.jpg",330,186,false],"post-category-slider-size":["http:\/\/tvalaire.com\/wp-content\/uploads\/2018\/09\/01-11-2.jpg",330,186,false],"1536x1536":["http:\/\/tvalaire.com\/wp-content\/uploads\/2018\/09\/01-11-2.jpg",1536,864,false],"2048x2048":["http:\/\/tvalaire.com\/wp-content\/uploads\/2018\/09\/01-11-2.jpg",1920,1080,false],"newsium-slider-full":["http:\/\/tvalaire.com\/wp-content\/uploads\/2018\/09\/01-11-2.jpg",1280,720,false],"newsium-featured":["http:\/\/tvalaire.com\/wp-content\/uploads\/2018\/09\/01-11-2.jpg",1024,576,false],"newsium-medium":["http:\/\/tvalaire.com\/wp-content\/uploads\/2018\/09\/01-11-2.jpg",720,405,false]},"author_info":{"info":["tvalairenoti"]},"category_info":"<a href=\"http:\/\/tvalaire.com\/?cat=1\" rel=\"category\">La Piedad<\/a>","tag_info":"La Piedad","comment_count":"0","jetpack_featured_media_url":"http:\/\/tvalaire.com\/wp-content\/uploads\/2018\/09\/01-11-2.jpg","_links":{"self":[{"href":"http:\/\/tvalaire.com\/index.php?rest_route=\/wp\/v2\/posts\/4177"}],"collection":[{"href":"http:\/\/tvalaire.com\/index.php?rest_route=\/wp\/v2\/posts"}],"about":[{"href":"http:\/\/tvalaire.com\/index.php?rest_route=\/wp\/v2\/types\/post"}],"author":[{"embeddable":true,"href":"http:\/\/tvalaire.com\/index.php?rest_route=\/wp\/v2\/users\/1"}],"replies":[{"embeddable":true,"href":"http:\/\/tvalaire.com\/index.php?rest_route=%2Fwp%2Fv2%2Fcomments&post=4177"}],"version-history":[{"count":1,"href":"http:\/\/tvalaire.com\/index.php?rest_route=\/wp\/v2\/posts\/4177\/revisions"}],"predecessor-version":[{"id":4179,"href":"http:\/\/tvalaire.com\/index.php?rest_route=\/wp\/v2\/posts\/4177\/revisions\/4179"}],"wp:featuredmedia":[{"embeddable":true,"href":"http:\/\/tvalaire.com\/index.php?rest_route=\/wp\/v2\/media\/4178"}],"wp:attachment":[{"href":"http:\/\/tvalaire.com\/index.php?rest_route=%2Fwp%2Fv2%2Fmedia&parent=4177"}],"wp:term":[{"taxonomy":"category","embeddable":true,"href":"http:\/\/tvalaire.com\/index.php?rest_route=%2Fwp%2Fv2%2Fcategories&post=4177"},{"taxonomy":"post_tag","embeddable":true,"href":"http:\/\/tvalaire.com\/index.php?rest_route=%2Fwp%2Fv2%2Ftags&post=4177"}],"curies":[{"name":"wp","href":"https:\/\/api.w.org\/{rel}","templated":true}]}}