{"id":415,"date":"2017-02-13T11:04:40","date_gmt":"2017-02-13T17:04:40","guid":{"rendered":"http:\/\/tvalaire.com\/?p=415"},"modified":"2017-02-13T11:04:40","modified_gmt":"2017-02-13T17:04:40","slug":"se-promueven-engomados-para-uso-exclusivo-de-discapacitados","status":"publish","type":"post","link":"http:\/\/tvalaire.com\/?p=415","title":{"rendered":"SE PROMUEVEN ENGOMADOS PARA USO EXCLUSIVO DE DISCAPACITADOS"},"content":{"rendered":"<p class=\"xmsonormal\" style=\"text-align: center; background: white;\" align=\"center\">\n<p class=\"xmsonormal\" style=\"margin-left: 283.2pt; text-align: justify; background: white; font-variant-ligatures: normal; font-variant-caps: normal; orphans: 2; widows: 2; -webkit-text-stroke-width: 0px; word-spacing: 0px;\"><span style=\"font-size: 13.0pt; font-family: 'Segoe UI','sans-serif'; color: #212121;\">\u00a0<\/span><\/p>\n<p class=\"xmsonormal\" style=\"text-align: justify; background: white; font-variant-ligatures: normal; font-variant-caps: normal; orphans: 2; widows: 2; -webkit-text-stroke-width: 0px; word-spacing: 0px;\"><span style=\"font-family: 'Arial','sans-serif'; color: #212121;\">Como parte de las pol\u00edticas de inclusi\u00f3n que se promueve en todos los sectores, a trav\u00e9s de la Polic\u00eda Vial, se estar\u00e1 ofreciendo informaci\u00f3n sobre los derechos y obligaciones que los discapacitados y poblaci\u00f3n en general tienen respecto del uso adecuado de los espacios que est\u00e1n asignados para su uso.<\/span><\/p>\n<p class=\"xmsonormal\" style=\"text-align: justify; background: white;\"><span style=\"font-family: 'Arial','sans-serif'; color: #212121;\">En relaci\u00f3n a la informaci\u00f3n recabada, ser\u00e1 a partir del pr\u00f3ximo mi\u00e9rcoles 15 de febrero que personal de la dependencia vial del municipio habilite un m\u00f3dulo de informaci\u00f3n en la parte baja de Palacio Municipal. El horario de atenci\u00f3n ser\u00e1 de las 10:00 de la ma\u00f1ana a 15:00 horas.<\/span><\/p>\n<p class=\"xmsonormal\" style=\"text-align: justify; background: white;\"><span style=\"font-family: 'Arial','sans-serif'; color: #212121;\">Aparte de la informaci\u00f3n que se ofrecer\u00e1, la gente que requiera del engomado de discapacidad podr\u00e1 solicitarlo ah\u00ed mismo con los agentes viales, previamente deber\u00e1 presentar la documentaci\u00f3n que le soliciten.<\/span><\/p>\n<p class=\"xmsonormal\" style=\"text-align: justify; background: white;\"><span style=\"font-family: 'Arial','sans-serif'; color: #212121;\">Es del inter\u00e9s del municipio poder coadyuvar a este sector de la poblaci\u00f3n promoviendo una cultura de concientizaci\u00f3n en la que la sociedad en general participe usando de manera adecuada y responsable de los espacios que est\u00e1n dedicados a quienes tienen una discapacidad.\u00a0<\/span><\/p>\n<p class=\"xmsonormal\" style=\"background: white;\"><span style=\"font-family: 'Arial','sans-serif'; color: #212121;\">En relaci\u00f3n a la actividad se prev\u00e9 que cada quince d\u00edas se instale el m\u00f3dulo de informaci\u00f3n en el lugar y horario antes descrito, pues el objetivo es que el mensaje llegue al mayor n\u00famero de personas, as\u00ed como poder entregar tarjetones de discapacidad a quien as\u00ed lo necesite.<\/span><\/p>\n<p class=\"xmsonormal\" style=\"background: white;\"><span style=\"font-family: 'Arial','sans-serif'; color: #212121;\">De igual manera se est\u00e1 apoyando a sector de la poblaci\u00f3n y se hace un llamado a la ciudadan\u00eda en general para que en medida de lo posible evite usar los cajones que est\u00e1n destinados para la gente que tiene una discapacidad corporal.<\/span><\/p>\n","protected":false},"excerpt":{"rendered":"<p>\u00a0 Como parte de las pol\u00edticas de inclusi\u00f3n que se promueve en todos los sectores,&#8230;<\/p>\n","protected":false},"author":1,"featured_media":417,"comment_status":"open","ping_status":"open","sticky":false,"template":"","format":"standard","meta":{"jetpack_post_was_ever_published":false,"_jetpack_newsletter_access":"","_jetpack_dont_email_post_to_subs":false,"_jetpack_newsletter_tier_id":0,"_jetpack_memberships_contains_paywalled_content":false,"_jetpack_memberships_contains_paid_content":false,"footnotes":"","jetpack_publicize_message":"","jetpack_publicize_feature_enabled":true,"jetpack_social_post_already_shared":false,"jetpack_social_options":{"image_generator_settings":{"template":"highway","enabled":false},"version":2}},"categories":[1],"tags":[15,36],"class_list":["post-415","post","type-post","status-publish","format-standard","has-post-thumbnail","hentry","category-la-piedad","tag-la-piedad","tag-principales"],"jetpack_publicize_connections":[],"jetpack_sharing_enabled":true,"featured_image_urls":{"full":["http:\/\/tvalaire.com\/wp-content\/uploads\/2017\/02\/SE-PROMUEVEN-ENGOMADOS-PARA-USO-EXCLUSIVO-DE-DISCAPACITADOS.jpg",1024,683,false],"thumbnail":["http:\/\/tvalaire.com\/wp-content\/uploads\/2017\/02\/SE-PROMUEVEN-ENGOMADOS-PARA-USO-EXCLUSIVO-DE-DISCAPACITADOS-150x150.jpg",150,150,true],"medium":["http:\/\/tvalaire.com\/wp-content\/uploads\/2017\/02\/SE-PROMUEVEN-ENGOMADOS-PARA-USO-EXCLUSIVO-DE-DISCAPACITADOS-300x200.jpg",300,200,true],"medium_large":["http:\/\/tvalaire.com\/wp-content\/uploads\/2017\/02\/SE-PROMUEVEN-ENGOMADOS-PARA-USO-EXCLUSIVO-DE-DISCAPACITADOS-768x512.jpg",640,427,true],"large":["http:\/\/tvalaire.com\/wp-content\/uploads\/2017\/02\/SE-PROMUEVEN-ENGOMADOS-PARA-USO-EXCLUSIVO-DE-DISCAPACITADOS-1024x683.jpg",640,427,true],"post-slider-thumb-size":["http:\/\/tvalaire.com\/wp-content\/uploads\/2017\/02\/SE-PROMUEVEN-ENGOMADOS-PARA-USO-EXCLUSIVO-DE-DISCAPACITADOS.jpg",285,190,false],"post-category-slider-size":["http:\/\/tvalaire.com\/wp-content\/uploads\/2017\/02\/SE-PROMUEVEN-ENGOMADOS-PARA-USO-EXCLUSIVO-DE-DISCAPACITADOS.jpg",330,220,false],"1536x1536":["http:\/\/tvalaire.com\/wp-content\/uploads\/2017\/02\/SE-PROMUEVEN-ENGOMADOS-PARA-USO-EXCLUSIVO-DE-DISCAPACITADOS.jpg",1024,683,false],"2048x2048":["http:\/\/tvalaire.com\/wp-content\/uploads\/2017\/02\/SE-PROMUEVEN-ENGOMADOS-PARA-USO-EXCLUSIVO-DE-DISCAPACITADOS.jpg",1024,683,false],"newsium-slider-full":["http:\/\/tvalaire.com\/wp-content\/uploads\/2017\/02\/SE-PROMUEVEN-ENGOMADOS-PARA-USO-EXCLUSIVO-DE-DISCAPACITADOS.jpg",1024,683,false],"newsium-featured":["http:\/\/tvalaire.com\/wp-content\/uploads\/2017\/02\/SE-PROMUEVEN-ENGOMADOS-PARA-USO-EXCLUSIVO-DE-DISCAPACITADOS.jpg",1024,683,false],"newsium-medium":["http:\/\/tvalaire.com\/wp-content\/uploads\/2017\/02\/SE-PROMUEVEN-ENGOMADOS-PARA-USO-EXCLUSIVO-DE-DISCAPACITADOS.jpg",712,475,false]},"author_info":{"info":["tvalairenoti"]},"category_info":"<a href=\"http:\/\/tvalaire.com\/?cat=1\" rel=\"category\">La Piedad<\/a>","tag_info":"La Piedad","comment_count":"0","jetpack_featured_media_url":"http:\/\/tvalaire.com\/wp-content\/uploads\/2017\/02\/SE-PROMUEVEN-ENGOMADOS-PARA-USO-EXCLUSIVO-DE-DISCAPACITADOS.jpg","_links":{"self":[{"href":"http:\/\/tvalaire.com\/index.php?rest_route=\/wp\/v2\/posts\/415"}],"collection":[{"href":"http:\/\/tvalaire.com\/index.php?rest_route=\/wp\/v2\/posts"}],"about":[{"href":"http:\/\/tvalaire.com\/index.php?rest_route=\/wp\/v2\/types\/post"}],"author":[{"embeddable":true,"href":"http:\/\/tvalaire.com\/index.php?rest_route=\/wp\/v2\/users\/1"}],"replies":[{"embeddable":true,"href":"http:\/\/tvalaire.com\/index.php?rest_route=%2Fwp%2Fv2%2Fcomments&post=415"}],"version-history":[{"count":1,"href":"http:\/\/tvalaire.com\/index.php?rest_route=\/wp\/v2\/posts\/415\/revisions"}],"predecessor-version":[{"id":418,"href":"http:\/\/tvalaire.com\/index.php?rest_route=\/wp\/v2\/posts\/415\/revisions\/418"}],"wp:featuredmedia":[{"embeddable":true,"href":"http:\/\/tvalaire.com\/index.php?rest_route=\/wp\/v2\/media\/417"}],"wp:attachment":[{"href":"http:\/\/tvalaire.com\/index.php?rest_route=%2Fwp%2Fv2%2Fmedia&parent=415"}],"wp:term":[{"taxonomy":"category","embeddable":true,"href":"http:\/\/tvalaire.com\/index.php?rest_route=%2Fwp%2Fv2%2Fcategories&post=415"},{"taxonomy":"post_tag","embeddable":true,"href":"http:\/\/tvalaire.com\/index.php?rest_route=%2Fwp%2Fv2%2Ftags&post=415"}],"curies":[{"name":"wp","href":"https:\/\/api.w.org\/{rel}","templated":true}]}}