{"id":4124,"date":"2018-09-10T11:18:56","date_gmt":"2018-09-10T16:18:56","guid":{"rendered":"http:\/\/tvalaire.com\/?p=4124"},"modified":"2018-09-10T11:18:56","modified_gmt":"2018-09-10T16:18:56","slug":"coronan-a-reina-del-adulto-mayor","status":"publish","type":"post","link":"http:\/\/tvalaire.com\/?p=4124","title":{"rendered":"CORONAN A REINA DEL ADULTO MAYOR"},"content":{"rendered":"<p>Los adultos mayores tambi\u00e9n son importantes para el Sistema para el Desarrollo Integral de la Familia (DIF), por ello este viernes 07 de septiembre se llev\u00f3 a cabo la coronaci\u00f3n de la reina Urania Mar\u00eda Rodr\u00edguez Zarazua y sus princesas Ma. Concepci\u00f3n Madrigal Pimentel y Bertha Estela Garc\u00eda Duarte.<\/p>\n<p>La presidenta del DIF de La Piedad, Liliana Flores Castro, mencion\u00f3 durante su discurso que el evento de coronaci\u00f3n es esperado por muchas personas, pero m\u00e1s por aquellos que forman parte de las distintas actividades como: Activaci\u00f3n F\u00edsica, Coro Alegr\u00eda de Vivir, Zumba, Yoga, Manualidades, Ballet Folklorito y Daz\u00f3n.<\/p>\n<p>A\u00f1adi\u00f3 que dentro de sus objetivos como presidenta del DIF es fortalecer a\u00fan m\u00e1s las actividades que durante muchos a\u00f1os se han llevado a cabo para que se vayan creando lazos de fraternidad y resaltando valores como el trabajo en equipo y la convivencia que siempre ha destacado en estos grupos.<\/p>\n<p>\u201cLa din\u00e1mica para elegir a la representante fue de la siguiente manera: de los grupos que hay en el DIF se sacan a las participantes, en este a\u00f1o hubo cuatro candidatas y la que venda m\u00e1s boletos queda como reina y sucesivamente las princesas\u201d, se\u00f1alo Flores Castro.<\/p>\n<p>Ma. Concepci\u00f3n Madrigal Pimentel primera princesa, fue coronada en manos de la<\/p>\n<p>Sra. Concepci\u00f3n Rojas y el Dr. Ismael P\u00e9rez M\u00e1rquez del patronato del asilo de ancianos Jos\u00e9 Mar\u00eda Cavadas y Bertha Estela Garc\u00eda Duarte segunda princesa por la presidenta del patronato de Festejos Patrios Natalia Alejandra Salinas Bravo y la S\u00edndico Municipal Esther Naranjo Armend\u00e1riz.<\/p>\n<p>\u201cEs importante mencionar que todo el dinero recaudado por las aspirantes se reparte de la siguiente forma: 40 % para la reina, 30 % para la primera y segunda princesa. El dinero que se les entrega es para sus vestidos y arreglo personal del desfile del 16 de septiembre y el carro aleg\u00f3rico corre a cuenta del patronato de Fiestas Patrias\u201d, puntualiz\u00f3 Liliana Flores.<\/p>\n<p>La directora del DIF Brenda Roci\u00f3 Orozco Torres tambi\u00e9n se dirigi\u00f3 a los adultos diciendo que el secreto de una vida feliz es conservar el esp\u00edritu joven y nunca perder el entusiasmo, mirar de frente con la esperanza de un mejor futuro.<\/p>\n<p>Adem\u00e1s dijo que para el gobierno municipal es prioridad atender con mucho cari\u00f1o a las personas que trabajaron por construir un municipio fuerte, como La Piedad<\/p>\n<p>Por su parte la Reina Urania Rodr\u00edguez agradeci\u00f3 al presidente Alejandro Espinoza \u00c1vila y a su esposa Liliana Flores Castro por hacer el compromiso de seguir apoyando a las personas de la tercera, impulsando los diferentes programas y actividades para el desarrollo, crecimiento y convivencia de los adultos.<\/p>\n<p>&nbsp;<\/p>\n<p><img loading=\"lazy\" decoding=\"async\" class=\"alignnone size-medium wp-image-4128\" src=\"http:\/\/tvalaire.com\/wp-content\/uploads\/2018\/09\/IMG_2300-300x200.jpg\" alt=\"\" width=\"300\" height=\"200\" srcset=\"http:\/\/tvalaire.com\/wp-content\/uploads\/2018\/09\/IMG_2300-300x200.jpg 300w, http:\/\/tvalaire.com\/wp-content\/uploads\/2018\/09\/IMG_2300-768x512.jpg 768w, http:\/\/tvalaire.com\/wp-content\/uploads\/2018\/09\/IMG_2300-1024x683.jpg 1024w\" sizes=\"(max-width: 300px) 100vw, 300px\" \/><\/p>\n<p><img loading=\"lazy\" decoding=\"async\" class=\"alignnone size-medium wp-image-4127\" src=\"http:\/\/tvalaire.com\/wp-content\/uploads\/2018\/09\/IMG_2268-200x300.jpg\" alt=\"\" width=\"200\" height=\"300\" srcset=\"http:\/\/tvalaire.com\/wp-content\/uploads\/2018\/09\/IMG_2268-200x300.jpg 200w, http:\/\/tvalaire.com\/wp-content\/uploads\/2018\/09\/IMG_2268-768x1152.jpg 768w, http:\/\/tvalaire.com\/wp-content\/uploads\/2018\/09\/IMG_2268-683x1024.jpg 683w, http:\/\/tvalaire.com\/wp-content\/uploads\/2018\/09\/IMG_2268.jpg 1100w\" sizes=\"(max-width: 200px) 100vw, 200px\" \/><\/p>\n<p><img loading=\"lazy\" decoding=\"async\" class=\"alignnone size-medium wp-image-4126\" src=\"http:\/\/tvalaire.com\/wp-content\/uploads\/2018\/09\/IMG_2332-300x200.jpg\" alt=\"\" width=\"300\" height=\"200\" srcset=\"http:\/\/tvalaire.com\/wp-content\/uploads\/2018\/09\/IMG_2332-300x200.jpg 300w, http:\/\/tvalaire.com\/wp-content\/uploads\/2018\/09\/IMG_2332-768x512.jpg 768w, http:\/\/tvalaire.com\/wp-content\/uploads\/2018\/09\/IMG_2332-1024x683.jpg 1024w, http:\/\/tvalaire.com\/wp-content\/uploads\/2018\/09\/IMG_2332.jpg 1650w\" sizes=\"(max-width: 300px) 100vw, 300px\" \/><\/p>\n<p><img loading=\"lazy\" decoding=\"async\" class=\"alignnone size-medium wp-image-4125\" src=\"http:\/\/tvalaire.com\/wp-content\/uploads\/2018\/09\/IMG_2173-300x200.jpg\" alt=\"\" width=\"300\" height=\"200\" srcset=\"http:\/\/tvalaire.com\/wp-content\/uploads\/2018\/09\/IMG_2173-300x200.jpg 300w, http:\/\/tvalaire.com\/wp-content\/uploads\/2018\/09\/IMG_2173-768x512.jpg 768w, http:\/\/tvalaire.com\/wp-content\/uploads\/2018\/09\/IMG_2173-1024x683.jpg 1024w\" sizes=\"(max-width: 300px) 100vw, 300px\" \/><\/p>\n","protected":false},"excerpt":{"rendered":"<p>Los adultos mayores tambi\u00e9n son importantes para el Sistema para el Desarrollo Integral de la&#8230;<\/p>\n","protected":false},"author":1,"featured_media":4129,"comment_status":"open","ping_status":"open","sticky":false,"template":"","format":"standard","meta":{"jetpack_post_was_ever_published":false,"_jetpack_newsletter_access":"","_jetpack_dont_email_post_to_subs":false,"_jetpack_newsletter_tier_id":0,"_jetpack_memberships_contains_paywalled_content":false,"_jetpack_memberships_contains_paid_content":false,"footnotes":"","jetpack_publicize_message":"","jetpack_publicize_feature_enabled":true,"jetpack_social_post_already_shared":false,"jetpack_social_options":{"image_generator_settings":{"template":"highway","enabled":false},"version":2}},"categories":[1],"tags":[15,36],"class_list":["post-4124","post","type-post","status-publish","format-standard","has-post-thumbnail","hentry","category-la-piedad","tag-la-piedad","tag-principales"],"jetpack_publicize_connections":[],"jetpack_sharing_enabled":true,"featured_image_urls":{"full":["http:\/\/tvalaire.com\/wp-content\/uploads\/2018\/09\/IMG_2205.jpg",1650,1100,false],"thumbnail":["http:\/\/tvalaire.com\/wp-content\/uploads\/2018\/09\/IMG_2205-150x150.jpg",150,150,true],"medium":["http:\/\/tvalaire.com\/wp-content\/uploads\/2018\/09\/IMG_2205-300x200.jpg",300,200,true],"medium_large":["http:\/\/tvalaire.com\/wp-content\/uploads\/2018\/09\/IMG_2205-768x512.jpg",640,427,true],"large":["http:\/\/tvalaire.com\/wp-content\/uploads\/2018\/09\/IMG_2205-1024x683.jpg",640,427,true],"post-slider-thumb-size":["http:\/\/tvalaire.com\/wp-content\/uploads\/2018\/09\/IMG_2205.jpg",285,190,false],"post-category-slider-size":["http:\/\/tvalaire.com\/wp-content\/uploads\/2018\/09\/IMG_2205.jpg",330,220,false],"1536x1536":["http:\/\/tvalaire.com\/wp-content\/uploads\/2018\/09\/IMG_2205.jpg",1536,1024,false],"2048x2048":["http:\/\/tvalaire.com\/wp-content\/uploads\/2018\/09\/IMG_2205.jpg",1650,1100,false],"newsium-slider-full":["http:\/\/tvalaire.com\/wp-content\/uploads\/2018\/09\/IMG_2205.jpg",1268,845,false],"newsium-featured":["http:\/\/tvalaire.com\/wp-content\/uploads\/2018\/09\/IMG_2205.jpg",1024,683,false],"newsium-medium":["http:\/\/tvalaire.com\/wp-content\/uploads\/2018\/09\/IMG_2205.jpg",713,475,false]},"author_info":{"info":["tvalairenoti"]},"category_info":"<a href=\"http:\/\/tvalaire.com\/?cat=1\" rel=\"category\">La Piedad<\/a>","tag_info":"La Piedad","comment_count":"0","jetpack_featured_media_url":"http:\/\/tvalaire.com\/wp-content\/uploads\/2018\/09\/IMG_2205.jpg","_links":{"self":[{"href":"http:\/\/tvalaire.com\/index.php?rest_route=\/wp\/v2\/posts\/4124"}],"collection":[{"href":"http:\/\/tvalaire.com\/index.php?rest_route=\/wp\/v2\/posts"}],"about":[{"href":"http:\/\/tvalaire.com\/index.php?rest_route=\/wp\/v2\/types\/post"}],"author":[{"embeddable":true,"href":"http:\/\/tvalaire.com\/index.php?rest_route=\/wp\/v2\/users\/1"}],"replies":[{"embeddable":true,"href":"http:\/\/tvalaire.com\/index.php?rest_route=%2Fwp%2Fv2%2Fcomments&post=4124"}],"version-history":[{"count":1,"href":"http:\/\/tvalaire.com\/index.php?rest_route=\/wp\/v2\/posts\/4124\/revisions"}],"predecessor-version":[{"id":4130,"href":"http:\/\/tvalaire.com\/index.php?rest_route=\/wp\/v2\/posts\/4124\/revisions\/4130"}],"wp:featuredmedia":[{"embeddable":true,"href":"http:\/\/tvalaire.com\/index.php?rest_route=\/wp\/v2\/media\/4129"}],"wp:attachment":[{"href":"http:\/\/tvalaire.com\/index.php?rest_route=%2Fwp%2Fv2%2Fmedia&parent=4124"}],"wp:term":[{"taxonomy":"category","embeddable":true,"href":"http:\/\/tvalaire.com\/index.php?rest_route=%2Fwp%2Fv2%2Fcategories&post=4124"},{"taxonomy":"post_tag","embeddable":true,"href":"http:\/\/tvalaire.com\/index.php?rest_route=%2Fwp%2Fv2%2Ftags&post=4124"}],"curies":[{"name":"wp","href":"https:\/\/api.w.org\/{rel}","templated":true}]}}