{"id":4087,"date":"2018-09-05T11:59:07","date_gmt":"2018-09-05T16:59:07","guid":{"rendered":"http:\/\/tvalaire.com\/?p=4087"},"modified":"2018-09-05T11:59:07","modified_gmt":"2018-09-05T16:59:07","slug":"policias-municipales-tendran-su-fondo-de-ahorro","status":"publish","type":"post","link":"http:\/\/tvalaire.com\/?p=4087","title":{"rendered":"POLIC\u00cdAS MUNICIPALES TENDR\u00c1N SU FONDO DE AHORRO"},"content":{"rendered":"<p>* Pide Alcalde trabajar para cambiar la percepci\u00f3n que se tiene de ellos<\/p>\n<p>* Se trabajar\u00e1 en coordinaci\u00f3n con el Estado y Federaci\u00f3n para contar con mandos de La Piedad<\/p>\n<p>El Presidente Municipal de La Piedad, Alejandro Espinoza \u00c1vila, se reuni\u00f3 con los polic\u00edas preventivos a quienes anunci\u00f3 que, haciendo un gran esfuerzo econ\u00f3mico, este viernes 7 recibir\u00e1n su n\u00f3mina y a m\u00e1s tardar el martes de la siguiente semana su Fondo de Ahorro.<\/p>\n<p>La reuni\u00f3n con los agentes de Seguridad P\u00fablica y el director de la dependencia Teniente Coronel, Alfredo Lucio R\u00edos Ch\u00e1vez, se dio justo el d\u00eda que acord\u00f3 con ellos desde el primer minuto del 1 de septiembre que asumi\u00f3 su responsabilidad como Alcalde. En esta ocasi\u00f3n lo hizo acompa\u00f1ado del Tesorero, Rigoberto Ortiz Sierra; el Oficial Mayor, Adri\u00e1n Rafael Jim\u00e9nez Guth y regidores del Ayuntamiento.<\/p>\n<p>Ah\u00ed, el Alcalde dijo dar respuesta a una de sus inquietudes, pero solicit\u00f3 a los agentes, sentirse orgullosos del uniforme que portan para que sus familias se sientan igual, \u201cya que ustedes son el primer contacto que tiene el gobierno con la ciudadan\u00eda, cambiemos esta percepci\u00f3n; que los ni\u00f1os, j\u00f3venes y se\u00f1oras cuando vean a un polic\u00eda se sientan respaldados y con la confianza. Que en las colonias los conozcan y digan esta es mi polic\u00eda; que sea una polic\u00eda de proximidad, no de miedo\u201d, indic\u00f3.<\/p>\n<p>En cuanto a los retenes que se realizan, consider\u00f3 que se deben tener pero para cuidar y proteger al ciudadano, \u201cdemostr\u00e9mosle a la gente que con este gobierno las cosas van a ser diferentes\u201d.<\/p>\n<p>Agreg\u00f3 tambi\u00e9n que se implementar\u00e1n ciertos controles financieros para que no se vuelva a tocar el dinero de los trabajadores, como se hizo anteriormente con el Fondo de Ahorro. \u201cTengan confianza en nosotros, no les vamos a quedar mal, sigan desempe\u00f1\u00e1ndose mejor que como lo han hecho hasta hoy\u201d.<\/p>\n<p>Finaliz\u00f3 anunciando que trabajar\u00e1 en coordinaci\u00f3n con el Estado y la Federaci\u00f3n, pero buscar\u00e1 que los mandos locales sean de La Piedad como ya lo anunci\u00f3 anteriormente.<\/p>\n<p>&nbsp;<\/p>\n<p><img loading=\"lazy\" decoding=\"async\" class=\"alignnone size-medium wp-image-4094\" src=\"http:\/\/tvalaire.com\/wp-content\/uploads\/2018\/09\/01-4-3-300x169.jpg\" alt=\"\" width=\"300\" height=\"169\" srcset=\"http:\/\/tvalaire.com\/wp-content\/uploads\/2018\/09\/01-4-3-300x169.jpg 300w, http:\/\/tvalaire.com\/wp-content\/uploads\/2018\/09\/01-4-3-768x432.jpg 768w, http:\/\/tvalaire.com\/wp-content\/uploads\/2018\/09\/01-4-3-1024x576.jpg 1024w\" sizes=\"(max-width: 300px) 100vw, 300px\" \/><\/p>\n<p><img loading=\"lazy\" decoding=\"async\" class=\"alignnone size-medium wp-image-4092\" src=\"http:\/\/tvalaire.com\/wp-content\/uploads\/2018\/09\/01-3-3-300x168.jpg\" alt=\"\" width=\"300\" height=\"168\" srcset=\"http:\/\/tvalaire.com\/wp-content\/uploads\/2018\/09\/01-3-3-300x168.jpg 300w, http:\/\/tvalaire.com\/wp-content\/uploads\/2018\/09\/01-3-3-768x431.jpg 768w, http:\/\/tvalaire.com\/wp-content\/uploads\/2018\/09\/01-3-3-1024x575.jpg 1024w\" sizes=\"(max-width: 300px) 100vw, 300px\" \/><\/p>\n<p><img loading=\"lazy\" decoding=\"async\" class=\"alignnone size-medium wp-image-4091\" src=\"http:\/\/tvalaire.com\/wp-content\/uploads\/2018\/09\/01-6-1-300x168.jpg\" alt=\"\" width=\"300\" height=\"168\" srcset=\"http:\/\/tvalaire.com\/wp-content\/uploads\/2018\/09\/01-6-1-300x168.jpg 300w, http:\/\/tvalaire.com\/wp-content\/uploads\/2018\/09\/01-6-1-768x431.jpg 768w, http:\/\/tvalaire.com\/wp-content\/uploads\/2018\/09\/01-6-1-1024x575.jpg 1024w\" sizes=\"(max-width: 300px) 100vw, 300px\" \/><\/p>\n<p><img loading=\"lazy\" decoding=\"async\" class=\"alignnone size-medium wp-image-4090\" src=\"http:\/\/tvalaire.com\/wp-content\/uploads\/2018\/09\/01-2-4-300x168.jpg\" alt=\"\" width=\"300\" height=\"168\" srcset=\"http:\/\/tvalaire.com\/wp-content\/uploads\/2018\/09\/01-2-4-300x168.jpg 300w, http:\/\/tvalaire.com\/wp-content\/uploads\/2018\/09\/01-2-4-768x431.jpg 768w, http:\/\/tvalaire.com\/wp-content\/uploads\/2018\/09\/01-2-4-1024x575.jpg 1024w\" sizes=\"(max-width: 300px) 100vw, 300px\" \/><\/p>\n<p><img loading=\"lazy\" decoding=\"async\" class=\"alignnone size-medium wp-image-4089\" src=\"http:\/\/tvalaire.com\/wp-content\/uploads\/2018\/09\/01-5-1-300x168.jpg\" alt=\"\" width=\"300\" height=\"168\" srcset=\"http:\/\/tvalaire.com\/wp-content\/uploads\/2018\/09\/01-5-1-300x168.jpg 300w, http:\/\/tvalaire.com\/wp-content\/uploads\/2018\/09\/01-5-1-768x431.jpg 768w, http:\/\/tvalaire.com\/wp-content\/uploads\/2018\/09\/01-5-1-1024x575.jpg 1024w\" sizes=\"(max-width: 300px) 100vw, 300px\" \/><\/p>\n<p><img loading=\"lazy\" decoding=\"async\" class=\"alignnone size-medium wp-image-4088\" src=\"http:\/\/tvalaire.com\/wp-content\/uploads\/2018\/09\/01-7-300x168.jpg\" alt=\"\" width=\"300\" height=\"168\" srcset=\"http:\/\/tvalaire.com\/wp-content\/uploads\/2018\/09\/01-7-300x168.jpg 300w, http:\/\/tvalaire.com\/wp-content\/uploads\/2018\/09\/01-7-768x431.jpg 768w, http:\/\/tvalaire.com\/wp-content\/uploads\/2018\/09\/01-7-1024x575.jpg 1024w\" sizes=\"(max-width: 300px) 100vw, 300px\" \/><\/p>\n","protected":false},"excerpt":{"rendered":"<p>* Pide Alcalde trabajar para cambiar la percepci\u00f3n que se tiene de ellos * Se&#8230;<\/p>\n","protected":false},"author":1,"featured_media":4093,"comment_status":"open","ping_status":"open","sticky":false,"template":"","format":"standard","meta":{"jetpack_post_was_ever_published":false,"_jetpack_newsletter_access":"","_jetpack_dont_email_post_to_subs":false,"_jetpack_newsletter_tier_id":0,"_jetpack_memberships_contains_paywalled_content":false,"_jetpack_memberships_contains_paid_content":false,"footnotes":"","jetpack_publicize_message":"","jetpack_publicize_feature_enabled":true,"jetpack_social_post_already_shared":false,"jetpack_social_options":{"image_generator_settings":{"template":"highway","enabled":false},"version":2}},"categories":[1],"tags":[15,36],"class_list":["post-4087","post","type-post","status-publish","format-standard","has-post-thumbnail","hentry","category-la-piedad","tag-la-piedad","tag-principales"],"jetpack_publicize_connections":[],"jetpack_sharing_enabled":true,"featured_image_urls":{"full":["http:\/\/tvalaire.com\/wp-content\/uploads\/2018\/09\/01-1-3.jpg",2984,1675,false],"thumbnail":["http:\/\/tvalaire.com\/wp-content\/uploads\/2018\/09\/01-1-3-150x150.jpg",150,150,true],"medium":["http:\/\/tvalaire.com\/wp-content\/uploads\/2018\/09\/01-1-3-300x168.jpg",300,168,true],"medium_large":["http:\/\/tvalaire.com\/wp-content\/uploads\/2018\/09\/01-1-3-768x431.jpg",640,359,true],"large":["http:\/\/tvalaire.com\/wp-content\/uploads\/2018\/09\/01-1-3-1024x575.jpg",640,359,true],"post-slider-thumb-size":["http:\/\/tvalaire.com\/wp-content\/uploads\/2018\/09\/01-1-3.jpg",330,185,false],"post-category-slider-size":["http:\/\/tvalaire.com\/wp-content\/uploads\/2018\/09\/01-1-3.jpg",330,185,false],"1536x1536":["http:\/\/tvalaire.com\/wp-content\/uploads\/2018\/09\/01-1-3.jpg",1536,862,false],"2048x2048":["http:\/\/tvalaire.com\/wp-content\/uploads\/2018\/09\/01-1-3.jpg",2048,1150,false],"newsium-slider-full":["http:\/\/tvalaire.com\/wp-content\/uploads\/2018\/09\/01-1-3.jpg",1280,718,false],"newsium-featured":["http:\/\/tvalaire.com\/wp-content\/uploads\/2018\/09\/01-1-3.jpg",1024,575,false],"newsium-medium":["http:\/\/tvalaire.com\/wp-content\/uploads\/2018\/09\/01-1-3.jpg",720,404,false]},"author_info":{"info":["tvalairenoti"]},"category_info":"<a href=\"http:\/\/tvalaire.com\/?cat=1\" rel=\"category\">La Piedad<\/a>","tag_info":"La Piedad","comment_count":"0","jetpack_featured_media_url":"http:\/\/tvalaire.com\/wp-content\/uploads\/2018\/09\/01-1-3.jpg","_links":{"self":[{"href":"http:\/\/tvalaire.com\/index.php?rest_route=\/wp\/v2\/posts\/4087"}],"collection":[{"href":"http:\/\/tvalaire.com\/index.php?rest_route=\/wp\/v2\/posts"}],"about":[{"href":"http:\/\/tvalaire.com\/index.php?rest_route=\/wp\/v2\/types\/post"}],"author":[{"embeddable":true,"href":"http:\/\/tvalaire.com\/index.php?rest_route=\/wp\/v2\/users\/1"}],"replies":[{"embeddable":true,"href":"http:\/\/tvalaire.com\/index.php?rest_route=%2Fwp%2Fv2%2Fcomments&post=4087"}],"version-history":[{"count":1,"href":"http:\/\/tvalaire.com\/index.php?rest_route=\/wp\/v2\/posts\/4087\/revisions"}],"predecessor-version":[{"id":4095,"href":"http:\/\/tvalaire.com\/index.php?rest_route=\/wp\/v2\/posts\/4087\/revisions\/4095"}],"wp:featuredmedia":[{"embeddable":true,"href":"http:\/\/tvalaire.com\/index.php?rest_route=\/wp\/v2\/media\/4093"}],"wp:attachment":[{"href":"http:\/\/tvalaire.com\/index.php?rest_route=%2Fwp%2Fv2%2Fmedia&parent=4087"}],"wp:term":[{"taxonomy":"category","embeddable":true,"href":"http:\/\/tvalaire.com\/index.php?rest_route=%2Fwp%2Fv2%2Fcategories&post=4087"},{"taxonomy":"post_tag","embeddable":true,"href":"http:\/\/tvalaire.com\/index.php?rest_route=%2Fwp%2Fv2%2Ftags&post=4087"}],"curies":[{"name":"wp","href":"https:\/\/api.w.org\/{rel}","templated":true}]}}