{"id":4078,"date":"2018-09-05T11:44:28","date_gmt":"2018-09-05T16:44:28","guid":{"rendered":"http:\/\/tvalaire.com\/?p=4078"},"modified":"2018-09-05T11:44:28","modified_gmt":"2018-09-05T16:44:28","slug":"presidenta-del-dif-incrementa-el-padron-de-beneficiados-del-banco-de-alimentos","status":"publish","type":"post","link":"http:\/\/tvalaire.com\/?p=4078","title":{"rendered":"PRESIDENTA DEL DIF INCREMENTA EL PADR\u00d3N DE BENEFICIADOS DEL BANCO DE ALIMENTOS"},"content":{"rendered":"<p>* Se beneficia a 300 familias de varias colonias del municipio<\/p>\n<p>* A los beneficiados se les dan talleres en la elaboraci\u00f3n de alimentos<\/p>\n<p>Con el objetivo de seguir apoyando a las personas con vulnerabilidad del municipio, la Presidenta del Sistema para el Desarrollo Integral de la Familia (DIF) Liliana Flores Castro, increment\u00f3 el n\u00famero de beneficiados del programa del Banco de Alimentos, pues anteriormente se ten\u00eda un registro de 250 familias y ahora el n\u00famero aumento a 300 familias.<\/p>\n<p>La Presidenta mencion\u00f3 durante la entrega en la colonia Vasco de Quiroga, que el programa tiene m\u00e1s de siete a\u00f1os activo en el Sistema DIF, apoyando a mitigar la econom\u00eda de las familias piedadenses donde semana con semana se hace la entrega de despensas en diversas colonias y comunidades.<\/p>\n<p>\u201cActualmente se apoyan a 50 familias con distintos insumos en esta colonia Vasco de Quiroga siendo una con las que se inici\u00f3 este programa a\u00f1os atr\u00e1s\u201d, puntualiz\u00f3 la Primera Dama.<\/p>\n<p>\u201cOtras colonias registradas en el programa son: El Ensue\u00f1o, Villas de la Loma, Laureles y Banquetes\u201d, se\u00f1al\u00f3 Flores Castro.<\/p>\n<p>Este Banco de Alimentos tambi\u00e9n trabaja en conjunto con otros, donde se hace intercambio de insumos a fin de que se pueda tener variedad en la despensa y as\u00ed mismo favorecer a m\u00e1s personas, afirm\u00f3 Liliana Flores.<\/p>\n<p>Coment\u00f3 que dentro de las actividades que se hacen en este programa es ense\u00f1ar a las personas varios talleres como: elaboraci\u00f3n de mermeladas, pomadas, recetas de cocina, entre otros.<\/p>\n<p>La Presidenta buscar\u00e1 gestionar con empresas de la localidad y de la regi\u00f3n la donaci\u00f3n de productos para este banco de alimentos y as\u00ed continuar favoreciendo a las familias de La Piedad que lo requieran.<\/p>\n<p>&nbsp;<\/p>\n<p><img loading=\"lazy\" decoding=\"async\" class=\"alignnone size-medium wp-image-4085\" src=\"http:\/\/tvalaire.com\/wp-content\/uploads\/2018\/09\/01-3-1-1-300x200.jpg\" alt=\"\" width=\"300\" height=\"200\" srcset=\"http:\/\/tvalaire.com\/wp-content\/uploads\/2018\/09\/01-3-1-1-300x200.jpg 300w, http:\/\/tvalaire.com\/wp-content\/uploads\/2018\/09\/01-3-1-1-768x512.jpg 768w, http:\/\/tvalaire.com\/wp-content\/uploads\/2018\/09\/01-3-1-1-1024x683.jpg 1024w, http:\/\/tvalaire.com\/wp-content\/uploads\/2018\/09\/01-3-1-1.jpg 1650w\" sizes=\"(max-width: 300px) 100vw, 300px\" \/><\/p>\n<p><img loading=\"lazy\" decoding=\"async\" class=\"alignnone size-medium wp-image-4083\" src=\"http:\/\/tvalaire.com\/wp-content\/uploads\/2018\/09\/01-1-2-300x200.jpg\" alt=\"\" width=\"300\" height=\"200\" srcset=\"http:\/\/tvalaire.com\/wp-content\/uploads\/2018\/09\/01-1-2-300x200.jpg 300w, http:\/\/tvalaire.com\/wp-content\/uploads\/2018\/09\/01-1-2-768x512.jpg 768w, http:\/\/tvalaire.com\/wp-content\/uploads\/2018\/09\/01-1-2-1024x683.jpg 1024w, http:\/\/tvalaire.com\/wp-content\/uploads\/2018\/09\/01-1-2.jpg 1650w\" sizes=\"(max-width: 300px) 100vw, 300px\" \/><\/p>\n<p><img loading=\"lazy\" decoding=\"async\" class=\"alignnone size-medium wp-image-4082\" src=\"http:\/\/tvalaire.com\/wp-content\/uploads\/2018\/09\/01-5-200x300.jpg\" alt=\"\" width=\"200\" height=\"300\" srcset=\"http:\/\/tvalaire.com\/wp-content\/uploads\/2018\/09\/01-5-200x300.jpg 200w, http:\/\/tvalaire.com\/wp-content\/uploads\/2018\/09\/01-5-768x1152.jpg 768w, http:\/\/tvalaire.com\/wp-content\/uploads\/2018\/09\/01-5-683x1024.jpg 683w, http:\/\/tvalaire.com\/wp-content\/uploads\/2018\/09\/01-5.jpg 1100w\" sizes=\"(max-width: 200px) 100vw, 200px\" \/><\/p>\n","protected":false},"excerpt":{"rendered":"<p>* Se beneficia a 300 familias de varias colonias del municipio * A los beneficiados&#8230;<\/p>\n","protected":false},"author":1,"featured_media":4084,"comment_status":"open","ping_status":"open","sticky":false,"template":"","format":"standard","meta":{"jetpack_post_was_ever_published":false,"_jetpack_newsletter_access":"","_jetpack_dont_email_post_to_subs":false,"_jetpack_newsletter_tier_id":0,"_jetpack_memberships_contains_paywalled_content":false,"_jetpack_memberships_contains_paid_content":false,"footnotes":"","jetpack_publicize_message":"","jetpack_publicize_feature_enabled":true,"jetpack_social_post_already_shared":false,"jetpack_social_options":{"image_generator_settings":{"template":"highway","enabled":false},"version":2}},"categories":[1],"tags":[15,36],"class_list":["post-4078","post","type-post","status-publish","format-standard","has-post-thumbnail","hentry","category-la-piedad","tag-la-piedad","tag-principales"],"jetpack_publicize_connections":[],"jetpack_sharing_enabled":true,"featured_image_urls":{"full":["http:\/\/tvalaire.com\/wp-content\/uploads\/2018\/09\/01-4-1-1.jpg",1650,1100,false],"thumbnail":["http:\/\/tvalaire.com\/wp-content\/uploads\/2018\/09\/01-4-1-1-150x150.jpg",150,150,true],"medium":["http:\/\/tvalaire.com\/wp-content\/uploads\/2018\/09\/01-4-1-1-300x200.jpg",300,200,true],"medium_large":["http:\/\/tvalaire.com\/wp-content\/uploads\/2018\/09\/01-4-1-1-768x512.jpg",640,427,true],"large":["http:\/\/tvalaire.com\/wp-content\/uploads\/2018\/09\/01-4-1-1-1024x683.jpg",640,427,true],"post-slider-thumb-size":["http:\/\/tvalaire.com\/wp-content\/uploads\/2018\/09\/01-4-1-1.jpg",285,190,false],"post-category-slider-size":["http:\/\/tvalaire.com\/wp-content\/uploads\/2018\/09\/01-4-1-1.jpg",330,220,false],"1536x1536":["http:\/\/tvalaire.com\/wp-content\/uploads\/2018\/09\/01-4-1-1.jpg",1536,1024,false],"2048x2048":["http:\/\/tvalaire.com\/wp-content\/uploads\/2018\/09\/01-4-1-1.jpg",1650,1100,false],"newsium-slider-full":["http:\/\/tvalaire.com\/wp-content\/uploads\/2018\/09\/01-4-1-1.jpg",1268,845,false],"newsium-featured":["http:\/\/tvalaire.com\/wp-content\/uploads\/2018\/09\/01-4-1-1.jpg",1024,683,false],"newsium-medium":["http:\/\/tvalaire.com\/wp-content\/uploads\/2018\/09\/01-4-1-1.jpg",713,475,false]},"author_info":{"info":["tvalairenoti"]},"category_info":"<a href=\"http:\/\/tvalaire.com\/?cat=1\" rel=\"category\">La Piedad<\/a>","tag_info":"La Piedad","comment_count":"0","jetpack_featured_media_url":"http:\/\/tvalaire.com\/wp-content\/uploads\/2018\/09\/01-4-1-1.jpg","_links":{"self":[{"href":"http:\/\/tvalaire.com\/index.php?rest_route=\/wp\/v2\/posts\/4078"}],"collection":[{"href":"http:\/\/tvalaire.com\/index.php?rest_route=\/wp\/v2\/posts"}],"about":[{"href":"http:\/\/tvalaire.com\/index.php?rest_route=\/wp\/v2\/types\/post"}],"author":[{"embeddable":true,"href":"http:\/\/tvalaire.com\/index.php?rest_route=\/wp\/v2\/users\/1"}],"replies":[{"embeddable":true,"href":"http:\/\/tvalaire.com\/index.php?rest_route=%2Fwp%2Fv2%2Fcomments&post=4078"}],"version-history":[{"count":1,"href":"http:\/\/tvalaire.com\/index.php?rest_route=\/wp\/v2\/posts\/4078\/revisions"}],"predecessor-version":[{"id":4086,"href":"http:\/\/tvalaire.com\/index.php?rest_route=\/wp\/v2\/posts\/4078\/revisions\/4086"}],"wp:featuredmedia":[{"embeddable":true,"href":"http:\/\/tvalaire.com\/index.php?rest_route=\/wp\/v2\/media\/4084"}],"wp:attachment":[{"href":"http:\/\/tvalaire.com\/index.php?rest_route=%2Fwp%2Fv2%2Fmedia&parent=4078"}],"wp:term":[{"taxonomy":"category","embeddable":true,"href":"http:\/\/tvalaire.com\/index.php?rest_route=%2Fwp%2Fv2%2Fcategories&post=4078"},{"taxonomy":"post_tag","embeddable":true,"href":"http:\/\/tvalaire.com\/index.php?rest_route=%2Fwp%2Fv2%2Ftags&post=4078"}],"curies":[{"name":"wp","href":"https:\/\/api.w.org\/{rel}","templated":true}]}}