{"id":4070,"date":"2018-09-05T11:29:17","date_gmt":"2018-09-05T16:29:17","guid":{"rendered":"http:\/\/tvalaire.com\/?p=4070"},"modified":"2018-09-05T11:30:26","modified_gmt":"2018-09-05T16:30:26","slug":"alcalde-y-su-esposa-invitan-a-personal-del-dif-a-ser-los-mejores-en-todo-michoacan","status":"publish","type":"post","link":"http:\/\/tvalaire.com\/?p=4070","title":{"rendered":"ALCALDE Y SU ESPOSA INVITAN A PERSONAL DEL DIF A SER LOS MEJORES EN TODO MICHOAC\u00c1N"},"content":{"rendered":"<p>* El objetivo principal ser\u00e1 el lograr ser una instituci\u00f3n incluyente para ni\u00f1os, j\u00f3venes y adultos.<\/p>\n<p>* L\u00edder sindical invita a trabajar en equipo y en favor de la poblaci\u00f3n.<\/p>\n<p>\u201cPorque Todos Somos La Piedad, merecemos trabajar d\u00eda a d\u00eda para que nuestro municipio siga teniendo desarrollo en el campo, infraestructura, empleo, educaci\u00f3n, seguridad, cultura y turismo pero sobre todo, que sea una tierra de oportunidades para nuestras familias\u201d as\u00ed dio la bienvenida el Presidente Alejandro Espinoza \u00c1vila, al personal que colabora en el Sistema para el Desarrollo Integral de la Familia (DIF).<\/p>\n<p>El Presidente durante su mensaje invit\u00f3 al personal para que se quiten colores y brinden un servicio de calidad a los ciudadanos, porque son ellos la raz\u00f3n de ser del Sistema DIF.<\/p>\n<p>Espinoza \u00c1vila reafirm\u00f3 su compromiso de ser un gobierno responsable, ya que es un honor servir a quienes dieron su voto de confianza para que a La Piedad le vaya mejor y es un doble compromiso a\u00fan para quienes no creyeron y en base a resultados y acciones ganarse tambi\u00e9n su confianza.<\/p>\n<p>\u201cPorque Todos Somos La Piedad\u201d va m\u00e1s all\u00e1 de ser un lema, es una filosof\u00eda para trabajar y trascender, uni\u00e9ndonos el amor por nuestra tierra, se\u00f1al\u00f3 Alejandro Espinoza.<\/p>\n<p>Por su parte la Presidenta del DIF Liliana Flores Castro, mencion\u00f3 que la instituci\u00f3n que ahora preside dar\u00e1 m\u00e1s atenci\u00f3n y cuidado a los grupos vulnerables, brindando oportunidades para que los adultos mayores, personas con alguna discapacidad o sectores marginados tengan un mejor desarrollo que les permita integrarse m\u00e1s como sociedad y mejorando su calidad de vida.<\/p>\n<p>Ricardo Garc\u00eda C\u00e1zares, l\u00edder del Sindicato de Empleados Municipales (SEM) exhort\u00f3 a los agremiados y personal de confianza para que trabajen en equipo hacia una misma meta, el objetivo es servir a la ciudadan\u00eda con respecto, amabilidad, tolerancia, equidad e igualdad, ya que todos los que trabajan en el Gobierno Municipal son servidores p\u00fablicos, coment\u00f3.<\/p>\n<p>&nbsp;<\/p>\n<p><img loading=\"lazy\" decoding=\"async\" class=\"alignnone size-medium wp-image-4074\" src=\"http:\/\/tvalaire.com\/wp-content\/uploads\/2018\/09\/1-2-300x200.jpg\" alt=\"\" width=\"300\" height=\"200\" srcset=\"http:\/\/tvalaire.com\/wp-content\/uploads\/2018\/09\/1-2-300x200.jpg 300w, http:\/\/tvalaire.com\/wp-content\/uploads\/2018\/09\/1-2-768x512.jpg 768w, http:\/\/tvalaire.com\/wp-content\/uploads\/2018\/09\/1-2.jpg 1024w\" sizes=\"(max-width: 300px) 100vw, 300px\" \/><\/p>\n<p><img loading=\"lazy\" decoding=\"async\" class=\"alignnone size-medium wp-image-4072\" src=\"http:\/\/tvalaire.com\/wp-content\/uploads\/2018\/09\/1-4-300x200.jpg\" alt=\"\" width=\"300\" height=\"200\" srcset=\"http:\/\/tvalaire.com\/wp-content\/uploads\/2018\/09\/1-4-300x200.jpg 300w, http:\/\/tvalaire.com\/wp-content\/uploads\/2018\/09\/1-4-768x512.jpg 768w, http:\/\/tvalaire.com\/wp-content\/uploads\/2018\/09\/1-4.jpg 1024w\" sizes=\"(max-width: 300px) 100vw, 300px\" \/><\/p>\n<p><img loading=\"lazy\" decoding=\"async\" class=\"alignnone size-medium wp-image-4071\" src=\"http:\/\/tvalaire.com\/wp-content\/uploads\/2018\/09\/1-3-300x200.jpg\" alt=\"\" width=\"300\" height=\"200\" srcset=\"http:\/\/tvalaire.com\/wp-content\/uploads\/2018\/09\/1-3-300x200.jpg 300w, http:\/\/tvalaire.com\/wp-content\/uploads\/2018\/09\/1-3-768x512.jpg 768w, http:\/\/tvalaire.com\/wp-content\/uploads\/2018\/09\/1-3.jpg 1024w\" sizes=\"(max-width: 300px) 100vw, 300px\" \/><\/p>\n","protected":false},"excerpt":{"rendered":"<p>* El objetivo principal ser\u00e1 el lograr ser una instituci\u00f3n incluyente para ni\u00f1os, j\u00f3venes y&#8230;<\/p>\n","protected":false},"author":1,"featured_media":4073,"comment_status":"open","ping_status":"open","sticky":false,"template":"","format":"standard","meta":{"jetpack_post_was_ever_published":false,"_jetpack_newsletter_access":"","_jetpack_dont_email_post_to_subs":false,"_jetpack_newsletter_tier_id":0,"_jetpack_memberships_contains_paywalled_content":false,"_jetpack_memberships_contains_paid_content":false,"footnotes":"","jetpack_publicize_message":"","jetpack_publicize_feature_enabled":true,"jetpack_social_post_already_shared":false,"jetpack_social_options":{"image_generator_settings":{"template":"highway","enabled":false},"version":2}},"categories":[1],"tags":[15,36],"class_list":["post-4070","post","type-post","status-publish","format-standard","has-post-thumbnail","hentry","category-la-piedad","tag-la-piedad","tag-principales"],"jetpack_publicize_connections":[],"jetpack_sharing_enabled":true,"featured_image_urls":{"full":["http:\/\/tvalaire.com\/wp-content\/uploads\/2018\/09\/1-1.jpg",1024,683,false],"thumbnail":["http:\/\/tvalaire.com\/wp-content\/uploads\/2018\/09\/1-1-150x150.jpg",150,150,true],"medium":["http:\/\/tvalaire.com\/wp-content\/uploads\/2018\/09\/1-1-300x200.jpg",300,200,true],"medium_large":["http:\/\/tvalaire.com\/wp-content\/uploads\/2018\/09\/1-1-768x512.jpg",640,427,true],"large":["http:\/\/tvalaire.com\/wp-content\/uploads\/2018\/09\/1-1-1024x683.jpg",640,427,true],"post-slider-thumb-size":["http:\/\/tvalaire.com\/wp-content\/uploads\/2018\/09\/1-1.jpg",285,190,false],"post-category-slider-size":["http:\/\/tvalaire.com\/wp-content\/uploads\/2018\/09\/1-1.jpg",330,220,false],"1536x1536":["http:\/\/tvalaire.com\/wp-content\/uploads\/2018\/09\/1-1.jpg",1024,683,false],"2048x2048":["http:\/\/tvalaire.com\/wp-content\/uploads\/2018\/09\/1-1.jpg",1024,683,false],"newsium-slider-full":["http:\/\/tvalaire.com\/wp-content\/uploads\/2018\/09\/1-1.jpg",1024,683,false],"newsium-featured":["http:\/\/tvalaire.com\/wp-content\/uploads\/2018\/09\/1-1.jpg",1024,683,false],"newsium-medium":["http:\/\/tvalaire.com\/wp-content\/uploads\/2018\/09\/1-1.jpg",712,475,false]},"author_info":{"info":["tvalairenoti"]},"category_info":"<a href=\"http:\/\/tvalaire.com\/?cat=1\" rel=\"category\">La Piedad<\/a>","tag_info":"La Piedad","comment_count":"0","jetpack_featured_media_url":"http:\/\/tvalaire.com\/wp-content\/uploads\/2018\/09\/1-1.jpg","_links":{"self":[{"href":"http:\/\/tvalaire.com\/index.php?rest_route=\/wp\/v2\/posts\/4070"}],"collection":[{"href":"http:\/\/tvalaire.com\/index.php?rest_route=\/wp\/v2\/posts"}],"about":[{"href":"http:\/\/tvalaire.com\/index.php?rest_route=\/wp\/v2\/types\/post"}],"author":[{"embeddable":true,"href":"http:\/\/tvalaire.com\/index.php?rest_route=\/wp\/v2\/users\/1"}],"replies":[{"embeddable":true,"href":"http:\/\/tvalaire.com\/index.php?rest_route=%2Fwp%2Fv2%2Fcomments&post=4070"}],"version-history":[{"count":2,"href":"http:\/\/tvalaire.com\/index.php?rest_route=\/wp\/v2\/posts\/4070\/revisions"}],"predecessor-version":[{"id":4076,"href":"http:\/\/tvalaire.com\/index.php?rest_route=\/wp\/v2\/posts\/4070\/revisions\/4076"}],"wp:featuredmedia":[{"embeddable":true,"href":"http:\/\/tvalaire.com\/index.php?rest_route=\/wp\/v2\/media\/4073"}],"wp:attachment":[{"href":"http:\/\/tvalaire.com\/index.php?rest_route=%2Fwp%2Fv2%2Fmedia&parent=4070"}],"wp:term":[{"taxonomy":"category","embeddable":true,"href":"http:\/\/tvalaire.com\/index.php?rest_route=%2Fwp%2Fv2%2Fcategories&post=4070"},{"taxonomy":"post_tag","embeddable":true,"href":"http:\/\/tvalaire.com\/index.php?rest_route=%2Fwp%2Fv2%2Ftags&post=4070"}],"curies":[{"name":"wp","href":"https:\/\/api.w.org\/{rel}","templated":true}]}}