{"id":405,"date":"2017-02-10T09:18:40","date_gmt":"2017-02-10T15:18:40","guid":{"rendered":"http:\/\/tvalaire.com\/?p=405"},"modified":"2017-02-10T09:19:14","modified_gmt":"2017-02-10T15:19:14","slug":"destina-gobierno-de-la-piedad-10-3-mdp-en-programa-de-becas-municipales","status":"publish","type":"post","link":"http:\/\/tvalaire.com\/?p=405","title":{"rendered":"DESTINA GOBIERNO DE LA PIEDAD 10.3 MDP EN PROGRAMA DE BECAS MUNICIPALES"},"content":{"rendered":"<p class=\"xm-4282328337282212354gmail-standard\" style=\"background: white; text-align: left;\" align=\"center\"><span style=\"font-size: 13.0pt; font-family: 'Segoe UI','sans-serif'; color: #212121;\">\u00a0<\/span><span style=\"font-size: 13.0pt; font-family: 'Arial','sans-serif'; color: #212121;\">Como parte del incremento que el Gobierno Municipal destin\u00f3 este a\u00f1o para el rubro de becas de 3 mil 963 que se otorgaron en el 2016, este a\u00f1o se ampl\u00eda tanto en n\u00famero como en apoyo a 4 mil 280 becados.<\/span><\/p>\n<p class=\"xm-4282328337282212354gmail-standard\" style=\"text-align: justify; background: white;\"><span style=\"font-size: 13.0pt; font-family: 'Arial','sans-serif'; color: #212121;\">Lo cual significa que el n\u00famero de apoyos crecer\u00e1 en 317 nuevos espacios y aumenta tambi\u00e9n la cantidad de apoyo que recibir\u00e1n los alumnos que ser\u00e1n beneficiados.<\/span><\/p>\n<p class=\"xm-4282328337282212354gmail-standard\" style=\"text-align: justify; background: white;\"><span style=\"font-size: 13.0pt; font-family: 'Arial','sans-serif'; color: #212121;\">Cabe destacar que el a\u00f1o pasado, el Gobierno Municipal destin\u00f3 8.7 millones de pesos a este programa, el cual a partir del 2017 se ver\u00e1 beneficiado para dar cumplimiento a una de las premisas de apoyar a la educaci\u00f3n piedadense.<\/span><\/p>\n<p class=\"xm-4282328337282212354gmail-standard\" style=\"text-align: justify; background: white;\"><span style=\"font-size: 13.0pt; font-family: 'Arial','sans-serif'; color: #212121;\">En este sentido, para este a\u00f1o el Ayuntamiento autoriz\u00f3 invertir 10.3 millones de pesos, con los cuales el n\u00famero de becas crecer\u00e1 a 4 mil 280, lo cual significa que ese mismo n\u00famero de familias se ver\u00e1n favorecidas con ese apoyo.<\/span><\/p>\n<p class=\"xm-4282328337282212354gmail-standard\" style=\"text-align: justify; background: white;\"><span style=\"font-size: 13.0pt; font-family: 'Arial','sans-serif'; color: #212121;\">El objetivo de este programa, es lograr la permanencia de los estudiantes en el nivel educativo donde se encuentren.<\/span><\/p>\n<p class=\"xm-4282328337282212354gmail-standard\" style=\"text-align: justify; background: white;\"><span style=\"font-size: 13.0pt; font-family: 'Arial','sans-serif'; color: #212121;\">En cuanto a la recepci\u00f3n de solicitudes para la ampliaci\u00f3n de las becas, \u00e9stas ya se est\u00e1n haciendo llegar a la direcci\u00f3n de Educaci\u00f3n en donde se encuentran en proceso de recepci\u00f3n an\u00e1lisis y establecimiento de los estudios socioecon\u00f3micos, para determinar al n\u00famero de alumnos que ingresar\u00e1n a la lista de los beneficiados con este programa durante este a\u00f1o.<\/span><\/p>\n","protected":false},"excerpt":{"rendered":"<p>\u00a0Como parte del incremento que el Gobierno Municipal destin\u00f3 este a\u00f1o para el rubro de&#8230;<\/p>\n","protected":false},"author":1,"featured_media":403,"comment_status":"open","ping_status":"open","sticky":false,"template":"","format":"standard","meta":{"jetpack_post_was_ever_published":false,"_jetpack_newsletter_access":"","_jetpack_dont_email_post_to_subs":false,"_jetpack_newsletter_tier_id":0,"_jetpack_memberships_contains_paywalled_content":false,"_jetpack_memberships_contains_paid_content":false,"footnotes":"","jetpack_publicize_message":"","jetpack_publicize_feature_enabled":true,"jetpack_social_post_already_shared":false,"jetpack_social_options":{"image_generator_settings":{"template":"highway","enabled":false},"version":2}},"categories":[1],"tags":[15,36],"class_list":["post-405","post","type-post","status-publish","format-standard","has-post-thumbnail","hentry","category-la-piedad","tag-la-piedad","tag-principales"],"jetpack_publicize_connections":[],"jetpack_sharing_enabled":true,"featured_image_urls":{"full":["http:\/\/tvalaire.com\/wp-content\/uploads\/2017\/02\/DESTINA-GOBIERNO-DE-LA-PIEDAD-10.3-MDP-EN-PROGRAMA-DE-BECAS-MUNICIPALES.jpg",1100,733,false],"thumbnail":["http:\/\/tvalaire.com\/wp-content\/uploads\/2017\/02\/DESTINA-GOBIERNO-DE-LA-PIEDAD-10.3-MDP-EN-PROGRAMA-DE-BECAS-MUNICIPALES-150x150.jpg",150,150,true],"medium":["http:\/\/tvalaire.com\/wp-content\/uploads\/2017\/02\/DESTINA-GOBIERNO-DE-LA-PIEDAD-10.3-MDP-EN-PROGRAMA-DE-BECAS-MUNICIPALES-300x200.jpg",300,200,true],"medium_large":["http:\/\/tvalaire.com\/wp-content\/uploads\/2017\/02\/DESTINA-GOBIERNO-DE-LA-PIEDAD-10.3-MDP-EN-PROGRAMA-DE-BECAS-MUNICIPALES-768x512.jpg",640,427,true],"large":["http:\/\/tvalaire.com\/wp-content\/uploads\/2017\/02\/DESTINA-GOBIERNO-DE-LA-PIEDAD-10.3-MDP-EN-PROGRAMA-DE-BECAS-MUNICIPALES-1024x682.jpg",640,426,true],"post-slider-thumb-size":["http:\/\/tvalaire.com\/wp-content\/uploads\/2017\/02\/DESTINA-GOBIERNO-DE-LA-PIEDAD-10.3-MDP-EN-PROGRAMA-DE-BECAS-MUNICIPALES.jpg",285,190,false],"post-category-slider-size":["http:\/\/tvalaire.com\/wp-content\/uploads\/2017\/02\/DESTINA-GOBIERNO-DE-LA-PIEDAD-10.3-MDP-EN-PROGRAMA-DE-BECAS-MUNICIPALES.jpg",330,220,false],"1536x1536":["http:\/\/tvalaire.com\/wp-content\/uploads\/2017\/02\/DESTINA-GOBIERNO-DE-LA-PIEDAD-10.3-MDP-EN-PROGRAMA-DE-BECAS-MUNICIPALES.jpg",1100,733,false],"2048x2048":["http:\/\/tvalaire.com\/wp-content\/uploads\/2017\/02\/DESTINA-GOBIERNO-DE-LA-PIEDAD-10.3-MDP-EN-PROGRAMA-DE-BECAS-MUNICIPALES.jpg",1100,733,false],"newsium-slider-full":["http:\/\/tvalaire.com\/wp-content\/uploads\/2017\/02\/DESTINA-GOBIERNO-DE-LA-PIEDAD-10.3-MDP-EN-PROGRAMA-DE-BECAS-MUNICIPALES.jpg",1100,733,false],"newsium-featured":["http:\/\/tvalaire.com\/wp-content\/uploads\/2017\/02\/DESTINA-GOBIERNO-DE-LA-PIEDAD-10.3-MDP-EN-PROGRAMA-DE-BECAS-MUNICIPALES.jpg",1024,682,false],"newsium-medium":["http:\/\/tvalaire.com\/wp-content\/uploads\/2017\/02\/DESTINA-GOBIERNO-DE-LA-PIEDAD-10.3-MDP-EN-PROGRAMA-DE-BECAS-MUNICIPALES.jpg",713,475,false]},"author_info":{"info":["tvalairenoti"]},"category_info":"<a href=\"http:\/\/tvalaire.com\/?cat=1\" rel=\"category\">La Piedad<\/a>","tag_info":"La Piedad","comment_count":"0","jetpack_featured_media_url":"http:\/\/tvalaire.com\/wp-content\/uploads\/2017\/02\/DESTINA-GOBIERNO-DE-LA-PIEDAD-10.3-MDP-EN-PROGRAMA-DE-BECAS-MUNICIPALES.jpg","_links":{"self":[{"href":"http:\/\/tvalaire.com\/index.php?rest_route=\/wp\/v2\/posts\/405"}],"collection":[{"href":"http:\/\/tvalaire.com\/index.php?rest_route=\/wp\/v2\/posts"}],"about":[{"href":"http:\/\/tvalaire.com\/index.php?rest_route=\/wp\/v2\/types\/post"}],"author":[{"embeddable":true,"href":"http:\/\/tvalaire.com\/index.php?rest_route=\/wp\/v2\/users\/1"}],"replies":[{"embeddable":true,"href":"http:\/\/tvalaire.com\/index.php?rest_route=%2Fwp%2Fv2%2Fcomments&post=405"}],"version-history":[{"count":2,"href":"http:\/\/tvalaire.com\/index.php?rest_route=\/wp\/v2\/posts\/405\/revisions"}],"predecessor-version":[{"id":407,"href":"http:\/\/tvalaire.com\/index.php?rest_route=\/wp\/v2\/posts\/405\/revisions\/407"}],"wp:featuredmedia":[{"embeddable":true,"href":"http:\/\/tvalaire.com\/index.php?rest_route=\/wp\/v2\/media\/403"}],"wp:attachment":[{"href":"http:\/\/tvalaire.com\/index.php?rest_route=%2Fwp%2Fv2%2Fmedia&parent=405"}],"wp:term":[{"taxonomy":"category","embeddable":true,"href":"http:\/\/tvalaire.com\/index.php?rest_route=%2Fwp%2Fv2%2Fcategories&post=405"},{"taxonomy":"post_tag","embeddable":true,"href":"http:\/\/tvalaire.com\/index.php?rest_route=%2Fwp%2Fv2%2Ftags&post=405"}],"curies":[{"name":"wp","href":"https:\/\/api.w.org\/{rel}","templated":true}]}}