{"id":4031,"date":"2018-09-04T12:00:13","date_gmt":"2018-09-04T17:00:13","guid":{"rendered":"http:\/\/tvalaire.com\/?p=4031"},"modified":"2018-09-04T12:00:13","modified_gmt":"2018-09-04T17:00:13","slug":"presidente-de-la-piedad-dio-posesion-a-nuevos-directores","status":"publish","type":"post","link":"http:\/\/tvalaire.com\/?p=4031","title":{"rendered":"PRESIDENTE DE LA PIEDAD DIO POSESI\u00d3N A NUEVOS DIRECTORES"},"content":{"rendered":"<p>* Los tres primeros nombramientos oficiales fueron para SAPAS, Propiedad Inmobiliaria y Relaciones Exteriores.<\/p>\n<p>* Durante la semana se ir\u00e1 haciendo el resto de los nombramientos.<\/p>\n<p>Con la ratificaci\u00f3n en el cargo a Jorge Rubio Olivares como director del Sistema de Agua Potable Alcantarillado y Saneamiento (SAPAS), el Presidente Municipal de La Piedad Alejandro Espinoza \u00c1vila, inici\u00f3 su trabajo en la que tambi\u00e9n dio posesi\u00f3n de manera oficial al director de la oficina municipal de enlace de Relaciones Exteriores y de la direcci\u00f3n de la Propiedad Inmobiliaria.<\/p>\n<p>A Jorge Rubio Olivares lo respaldan a\u00f1os de trabajo, as\u00ed como de mantener en n\u00fameros negros el organismo descentralizado del agua potable en La Piedad, de igual manera con su trabajo ha logrado que el SAPAS sea considerado como uno de los mejores a nivel estatal.<\/p>\n<p>El Alcalde tambi\u00e9n dio posesi\u00f3n al director de la oficina municipal de enlace de Relaciones Exteriores en donde asumi\u00f3 el cargo Jos\u00e9 Ricardo Calder\u00f3n P\u00e9rez, un joven empresario con amplia trayectoria en la localidad.<\/p>\n<p>Lo mismo que en la direcci\u00f3n de la Propiedad Inmobiliaria en donde la titularidad de \u00e9sta que es una de las principales dependencias de recaudaci\u00f3n en el municipio estar\u00e1 a cargo de Rafael Herrera Campos, quien anteriormente hab\u00eda fungido como coordinador de Turismo.<\/p>\n<p>Cabe destacar que en el transcurso de esta semana el Presidente Municipal, ir\u00e1 haciendo el resto de nombramientos a los directores de todas las dependencias las cuales funcionan y contin\u00faan proporcionando los servicios a la poblaci\u00f3n, conscientes de que Todos Somos La Piedad.<\/p>\n","protected":false},"excerpt":{"rendered":"<p>* Los tres primeros nombramientos oficiales fueron para SAPAS, Propiedad Inmobiliaria y Relaciones Exteriores. *&#8230;<\/p>\n","protected":false},"author":1,"featured_media":4032,"comment_status":"open","ping_status":"open","sticky":false,"template":"","format":"standard","meta":{"jetpack_post_was_ever_published":false,"_jetpack_newsletter_access":"","_jetpack_dont_email_post_to_subs":false,"_jetpack_newsletter_tier_id":0,"_jetpack_memberships_contains_paywalled_content":false,"_jetpack_memberships_contains_paid_content":false,"footnotes":"","jetpack_publicize_message":"","jetpack_publicize_feature_enabled":true,"jetpack_social_post_already_shared":false,"jetpack_social_options":{"image_generator_settings":{"template":"highway","enabled":false},"version":2}},"categories":[1],"tags":[15,36],"class_list":["post-4031","post","type-post","status-publish","format-standard","has-post-thumbnail","hentry","category-la-piedad","tag-la-piedad","tag-principales"],"jetpack_publicize_connections":[],"jetpack_sharing_enabled":true,"featured_image_urls":{"full":["http:\/\/tvalaire.com\/wp-content\/uploads\/2018\/09\/01-2.jpg",2984,1675,false],"thumbnail":["http:\/\/tvalaire.com\/wp-content\/uploads\/2018\/09\/01-2-150x150.jpg",150,150,true],"medium":["http:\/\/tvalaire.com\/wp-content\/uploads\/2018\/09\/01-2-300x168.jpg",300,168,true],"medium_large":["http:\/\/tvalaire.com\/wp-content\/uploads\/2018\/09\/01-2-768x431.jpg",640,359,true],"large":["http:\/\/tvalaire.com\/wp-content\/uploads\/2018\/09\/01-2-1024x575.jpg",640,359,true],"post-slider-thumb-size":["http:\/\/tvalaire.com\/wp-content\/uploads\/2018\/09\/01-2.jpg",330,185,false],"post-category-slider-size":["http:\/\/tvalaire.com\/wp-content\/uploads\/2018\/09\/01-2.jpg",330,185,false],"1536x1536":["http:\/\/tvalaire.com\/wp-content\/uploads\/2018\/09\/01-2.jpg",1536,862,false],"2048x2048":["http:\/\/tvalaire.com\/wp-content\/uploads\/2018\/09\/01-2.jpg",2048,1150,false],"newsium-slider-full":["http:\/\/tvalaire.com\/wp-content\/uploads\/2018\/09\/01-2.jpg",1280,718,false],"newsium-featured":["http:\/\/tvalaire.com\/wp-content\/uploads\/2018\/09\/01-2.jpg",1024,575,false],"newsium-medium":["http:\/\/tvalaire.com\/wp-content\/uploads\/2018\/09\/01-2.jpg",720,404,false]},"author_info":{"info":["tvalairenoti"]},"category_info":"<a href=\"http:\/\/tvalaire.com\/?cat=1\" rel=\"category\">La Piedad<\/a>","tag_info":"La Piedad","comment_count":"0","jetpack_featured_media_url":"http:\/\/tvalaire.com\/wp-content\/uploads\/2018\/09\/01-2.jpg","_links":{"self":[{"href":"http:\/\/tvalaire.com\/index.php?rest_route=\/wp\/v2\/posts\/4031"}],"collection":[{"href":"http:\/\/tvalaire.com\/index.php?rest_route=\/wp\/v2\/posts"}],"about":[{"href":"http:\/\/tvalaire.com\/index.php?rest_route=\/wp\/v2\/types\/post"}],"author":[{"embeddable":true,"href":"http:\/\/tvalaire.com\/index.php?rest_route=\/wp\/v2\/users\/1"}],"replies":[{"embeddable":true,"href":"http:\/\/tvalaire.com\/index.php?rest_route=%2Fwp%2Fv2%2Fcomments&post=4031"}],"version-history":[{"count":1,"href":"http:\/\/tvalaire.com\/index.php?rest_route=\/wp\/v2\/posts\/4031\/revisions"}],"predecessor-version":[{"id":4033,"href":"http:\/\/tvalaire.com\/index.php?rest_route=\/wp\/v2\/posts\/4031\/revisions\/4033"}],"wp:featuredmedia":[{"embeddable":true,"href":"http:\/\/tvalaire.com\/index.php?rest_route=\/wp\/v2\/media\/4032"}],"wp:attachment":[{"href":"http:\/\/tvalaire.com\/index.php?rest_route=%2Fwp%2Fv2%2Fmedia&parent=4031"}],"wp:term":[{"taxonomy":"category","embeddable":true,"href":"http:\/\/tvalaire.com\/index.php?rest_route=%2Fwp%2Fv2%2Fcategories&post=4031"},{"taxonomy":"post_tag","embeddable":true,"href":"http:\/\/tvalaire.com\/index.php?rest_route=%2Fwp%2Fv2%2Ftags&post=4031"}],"curies":[{"name":"wp","href":"https:\/\/api.w.org\/{rel}","templated":true}]}}