{"id":4029,"date":"2018-08-13T10:41:45","date_gmt":"2018-08-13T15:41:45","guid":{"rendered":"http:\/\/tvalaire.com\/?p=4029"},"modified":"2018-08-13T10:41:57","modified_gmt":"2018-08-13T15:41:57","slug":"finalizan-talleres-de-verano-en-la-escuela-de-artes","status":"publish","type":"post","link":"http:\/\/tvalaire.com\/?p=4029","title":{"rendered":"FINALIZAN TALLERES DE VERANO EN LA ESCUELA DE ARTES"},"content":{"rendered":"<p>Los cursos programados en las diferentes disciplinas art\u00edsticas que se llevaron a cabo durante estas vacaciones de verano que la Direcci\u00f3n de Cultura promovi\u00f3 entre los infantes concluyeron satisfactoriamente.<\/p>\n<p>Con un evento de clausura que los ni\u00f1os presentaron quedaron concluidas, por este a\u00f1o, las actividades culturales que se desarrollaron en esta temporada de vacaciones en las aulas y el patio central del espacio dedicado a la manifestaci\u00f3n art\u00edstica local.<\/p>\n<p>Despu\u00e9s de casi un mes y que m\u00e1s de 80 ni\u00f1os de 4 a los 13 a\u00f1os de edad acudieran de lunes a viernes a las instalaciones de la Escuela de Artes, el personal de esa dependencia qued\u00f3 congratulado por la participaci\u00f3n activa de los ni\u00f1os que se presentaron para aprovechar su tiempo de descanso escolar.<\/p>\n<p>De igual manera se espera que para los pr\u00f3ximos cursos y talleres se tenga mucha afluencia y participaci\u00f3n de los ciudadanos para seguir dando continuidad a los eventos que promueve esa dependencia municipal para ciudadanos de todas las edades.<\/p>\n<p>&nbsp;<\/p>\n<p>&nbsp;<\/p>\n<p>&nbsp;<\/p>\n<p>&nbsp;<\/p>\n","protected":false},"excerpt":{"rendered":"<p>Los cursos programados en las diferentes disciplinas art\u00edsticas que se llevaron a cabo durante estas&#8230;<\/p>\n","protected":false},"author":1,"featured_media":4024,"comment_status":"open","ping_status":"open","sticky":false,"template":"","format":"standard","meta":{"jetpack_post_was_ever_published":false,"_jetpack_newsletter_access":"","_jetpack_dont_email_post_to_subs":false,"_jetpack_newsletter_tier_id":0,"_jetpack_memberships_contains_paywalled_content":false,"_jetpack_memberships_contains_paid_content":false,"footnotes":"","jetpack_publicize_message":"","jetpack_publicize_feature_enabled":true,"jetpack_social_post_already_shared":false,"jetpack_social_options":{"image_generator_settings":{"template":"highway","enabled":false},"version":2}},"categories":[1],"tags":[15,36],"class_list":["post-4029","post","type-post","status-publish","format-standard","has-post-thumbnail","hentry","category-la-piedad","tag-la-piedad","tag-principales"],"jetpack_publicize_connections":[],"jetpack_sharing_enabled":true,"featured_image_urls":{"full":["http:\/\/tvalaire.com\/wp-content\/uploads\/2018\/08\/1308-FINALIZAR-CURSO-DE-VERANO-dione2.jpg",1024,768,false],"thumbnail":["http:\/\/tvalaire.com\/wp-content\/uploads\/2018\/08\/1308-FINALIZAR-CURSO-DE-VERANO-dione2-150x150.jpg",150,150,true],"medium":["http:\/\/tvalaire.com\/wp-content\/uploads\/2018\/08\/1308-FINALIZAR-CURSO-DE-VERANO-dione2-300x225.jpg",300,225,true],"medium_large":["http:\/\/tvalaire.com\/wp-content\/uploads\/2018\/08\/1308-FINALIZAR-CURSO-DE-VERANO-dione2-768x576.jpg",640,480,true],"large":["http:\/\/tvalaire.com\/wp-content\/uploads\/2018\/08\/1308-FINALIZAR-CURSO-DE-VERANO-dione2-1024x768.jpg",640,480,true],"post-slider-thumb-size":["http:\/\/tvalaire.com\/wp-content\/uploads\/2018\/08\/1308-FINALIZAR-CURSO-DE-VERANO-dione2.jpg",253,190,false],"post-category-slider-size":["http:\/\/tvalaire.com\/wp-content\/uploads\/2018\/08\/1308-FINALIZAR-CURSO-DE-VERANO-dione2.jpg",330,248,false],"1536x1536":["http:\/\/tvalaire.com\/wp-content\/uploads\/2018\/08\/1308-FINALIZAR-CURSO-DE-VERANO-dione2.jpg",1024,768,false],"2048x2048":["http:\/\/tvalaire.com\/wp-content\/uploads\/2018\/08\/1308-FINALIZAR-CURSO-DE-VERANO-dione2.jpg",1024,768,false],"newsium-slider-full":["http:\/\/tvalaire.com\/wp-content\/uploads\/2018\/08\/1308-FINALIZAR-CURSO-DE-VERANO-dione2.jpg",1024,768,false],"newsium-featured":["http:\/\/tvalaire.com\/wp-content\/uploads\/2018\/08\/1308-FINALIZAR-CURSO-DE-VERANO-dione2.jpg",1024,768,false],"newsium-medium":["http:\/\/tvalaire.com\/wp-content\/uploads\/2018\/08\/1308-FINALIZAR-CURSO-DE-VERANO-dione2.jpg",633,475,false]},"author_info":{"info":["tvalairenoti"]},"category_info":"<a href=\"http:\/\/tvalaire.com\/?cat=1\" rel=\"category\">La Piedad<\/a>","tag_info":"La Piedad","comment_count":"0","jetpack_featured_media_url":"http:\/\/tvalaire.com\/wp-content\/uploads\/2018\/08\/1308-FINALIZAR-CURSO-DE-VERANO-dione2.jpg","_links":{"self":[{"href":"http:\/\/tvalaire.com\/index.php?rest_route=\/wp\/v2\/posts\/4029"}],"collection":[{"href":"http:\/\/tvalaire.com\/index.php?rest_route=\/wp\/v2\/posts"}],"about":[{"href":"http:\/\/tvalaire.com\/index.php?rest_route=\/wp\/v2\/types\/post"}],"author":[{"embeddable":true,"href":"http:\/\/tvalaire.com\/index.php?rest_route=\/wp\/v2\/users\/1"}],"replies":[{"embeddable":true,"href":"http:\/\/tvalaire.com\/index.php?rest_route=%2Fwp%2Fv2%2Fcomments&post=4029"}],"version-history":[{"count":1,"href":"http:\/\/tvalaire.com\/index.php?rest_route=\/wp\/v2\/posts\/4029\/revisions"}],"predecessor-version":[{"id":4030,"href":"http:\/\/tvalaire.com\/index.php?rest_route=\/wp\/v2\/posts\/4029\/revisions\/4030"}],"wp:featuredmedia":[{"embeddable":true,"href":"http:\/\/tvalaire.com\/index.php?rest_route=\/wp\/v2\/media\/4024"}],"wp:attachment":[{"href":"http:\/\/tvalaire.com\/index.php?rest_route=%2Fwp%2Fv2%2Fmedia&parent=4029"}],"wp:term":[{"taxonomy":"category","embeddable":true,"href":"http:\/\/tvalaire.com\/index.php?rest_route=%2Fwp%2Fv2%2Fcategories&post=4029"},{"taxonomy":"post_tag","embeddable":true,"href":"http:\/\/tvalaire.com\/index.php?rest_route=%2Fwp%2Fv2%2Ftags&post=4029"}],"curies":[{"name":"wp","href":"https:\/\/api.w.org\/{rel}","templated":true}]}}