{"id":4023,"date":"2018-08-13T10:41:03","date_gmt":"2018-08-13T15:41:03","guid":{"rendered":"http:\/\/tvalaire.com\/?p=4023"},"modified":"2018-08-13T10:41:03","modified_gmt":"2018-08-13T15:41:03","slug":"4023","status":"publish","type":"post","link":"http:\/\/tvalaire.com\/?p=4023","title":{"rendered":""},"content":{"rendered":"<p>HAY NUEVO PERSONAL JUBILADO EN EL AYUNTAMIENTO DE LA PIEDAD<\/p>\n<p>Integrantes del Comit\u00e9 de Jubilaciones, se reunieron en mesa de trabajo para proponer, analizar y votar las propuestas del personal que a partir de ahora ser\u00e1n considerados como jubilados por el Gobierno Municipal de La Piedad.<\/p>\n<p>Cada una de las propuestas que se presentaron por la Oficina de Recursos Humanos, a cargo de Oficial\u00eda Mayor fueron consideras una a una de manera puntual y de forma objetiva para que cada integrante del Comit\u00e9 decidiera.<\/p>\n<p>De esta manera ser\u00e1n 17 colaboradores de la administraci\u00f3n municipal sindicalizados y de confianza que por edad, tiempo de servicio prestado o alguna prescripci\u00f3n m\u00e9dica que los imposibilita a seguir laborando formaran parte del grupo de jubilados.<\/p>\n<p>Cabe destacar que las decisiones tomas por el Comit\u00e9 estuvieron basadas en el art\u00edculo 4\u00b0 del vigente Reglamento de Jubilaciones y Pensiones de los Trabajadores Sindicalizados al Servicio del H. Ayuntamiento y\/o SAPAS en donde se estipula que el aspirante debe reunir todos los requisitos y condiciones necesarias.<\/p>\n<p>Ah\u00ed mismo el representante del SEM Ricardo Garc\u00eda C\u00e1zares, reconoci\u00f3 en el Presidente Estrada Medina, las facilidades otorgadas y la firma de la solicitud que se hizo al ISSSTE a fin de que en futuro pr\u00f3ximo los trabajadores del municipio puedan tener todas las prestaciones de dicha instituci\u00f3n de salud.<\/p>\n<p>De igual manera Garc\u00eda C\u00e1zares destac\u00f3 la sensibilidad humana por parte del actual Presidente, pues coment\u00f3 que despu\u00e9s de varios a\u00f1os que est\u00e1 misma propuesta hab\u00eda sido presentada a otros alcaldes, fue Estrada Medina quien otorg\u00f3 la firma necesaria para realizar el tr\u00e1mite correspondiente.<\/p>\n<p>&nbsp;<\/p>\n","protected":false},"excerpt":{"rendered":"<p>HAY NUEVO PERSONAL JUBILADO EN EL AYUNTAMIENTO DE LA PIEDAD Integrantes del Comit\u00e9 de Jubilaciones,&#8230;<\/p>\n","protected":false},"author":1,"featured_media":4027,"comment_status":"open","ping_status":"open","sticky":false,"template":"","format":"standard","meta":{"jetpack_post_was_ever_published":false,"_jetpack_newsletter_access":"","_jetpack_dont_email_post_to_subs":false,"_jetpack_newsletter_tier_id":0,"_jetpack_memberships_contains_paywalled_content":false,"_jetpack_memberships_contains_paid_content":false,"footnotes":"","jetpack_publicize_message":"","jetpack_publicize_feature_enabled":true,"jetpack_social_post_already_shared":false,"jetpack_social_options":{"image_generator_settings":{"template":"highway","enabled":false},"version":2}},"categories":[1],"tags":[15,36],"class_list":["post-4023","post","type-post","status-publish","format-standard","has-post-thumbnail","hentry","category-la-piedad","tag-la-piedad","tag-principales"],"jetpack_publicize_connections":[],"jetpack_sharing_enabled":true,"featured_image_urls":{"full":["http:\/\/tvalaire.com\/wp-content\/uploads\/2018\/08\/1308-PERSOLNAL-NUEVO-JUBILDADO-dione.jpg",1650,1100,false],"thumbnail":["http:\/\/tvalaire.com\/wp-content\/uploads\/2018\/08\/1308-PERSOLNAL-NUEVO-JUBILDADO-dione-150x150.jpg",150,150,true],"medium":["http:\/\/tvalaire.com\/wp-content\/uploads\/2018\/08\/1308-PERSOLNAL-NUEVO-JUBILDADO-dione-300x200.jpg",300,200,true],"medium_large":["http:\/\/tvalaire.com\/wp-content\/uploads\/2018\/08\/1308-PERSOLNAL-NUEVO-JUBILDADO-dione-768x512.jpg",640,427,true],"large":["http:\/\/tvalaire.com\/wp-content\/uploads\/2018\/08\/1308-PERSOLNAL-NUEVO-JUBILDADO-dione-1024x683.jpg",640,427,true],"post-slider-thumb-size":["http:\/\/tvalaire.com\/wp-content\/uploads\/2018\/08\/1308-PERSOLNAL-NUEVO-JUBILDADO-dione.jpg",285,190,false],"post-category-slider-size":["http:\/\/tvalaire.com\/wp-content\/uploads\/2018\/08\/1308-PERSOLNAL-NUEVO-JUBILDADO-dione.jpg",330,220,false],"1536x1536":["http:\/\/tvalaire.com\/wp-content\/uploads\/2018\/08\/1308-PERSOLNAL-NUEVO-JUBILDADO-dione.jpg",1536,1024,false],"2048x2048":["http:\/\/tvalaire.com\/wp-content\/uploads\/2018\/08\/1308-PERSOLNAL-NUEVO-JUBILDADO-dione.jpg",1650,1100,false],"newsium-slider-full":["http:\/\/tvalaire.com\/wp-content\/uploads\/2018\/08\/1308-PERSOLNAL-NUEVO-JUBILDADO-dione.jpg",1268,845,false],"newsium-featured":["http:\/\/tvalaire.com\/wp-content\/uploads\/2018\/08\/1308-PERSOLNAL-NUEVO-JUBILDADO-dione.jpg",1024,683,false],"newsium-medium":["http:\/\/tvalaire.com\/wp-content\/uploads\/2018\/08\/1308-PERSOLNAL-NUEVO-JUBILDADO-dione.jpg",713,475,false]},"author_info":{"info":["tvalairenoti"]},"category_info":"<a href=\"http:\/\/tvalaire.com\/?cat=1\" rel=\"category\">La Piedad<\/a>","tag_info":"La Piedad","comment_count":"0","jetpack_featured_media_url":"http:\/\/tvalaire.com\/wp-content\/uploads\/2018\/08\/1308-PERSOLNAL-NUEVO-JUBILDADO-dione.jpg","_links":{"self":[{"href":"http:\/\/tvalaire.com\/index.php?rest_route=\/wp\/v2\/posts\/4023"}],"collection":[{"href":"http:\/\/tvalaire.com\/index.php?rest_route=\/wp\/v2\/posts"}],"about":[{"href":"http:\/\/tvalaire.com\/index.php?rest_route=\/wp\/v2\/types\/post"}],"author":[{"embeddable":true,"href":"http:\/\/tvalaire.com\/index.php?rest_route=\/wp\/v2\/users\/1"}],"replies":[{"embeddable":true,"href":"http:\/\/tvalaire.com\/index.php?rest_route=%2Fwp%2Fv2%2Fcomments&post=4023"}],"version-history":[{"count":1,"href":"http:\/\/tvalaire.com\/index.php?rest_route=\/wp\/v2\/posts\/4023\/revisions"}],"predecessor-version":[{"id":4028,"href":"http:\/\/tvalaire.com\/index.php?rest_route=\/wp\/v2\/posts\/4023\/revisions\/4028"}],"wp:featuredmedia":[{"embeddable":true,"href":"http:\/\/tvalaire.com\/index.php?rest_route=\/wp\/v2\/media\/4027"}],"wp:attachment":[{"href":"http:\/\/tvalaire.com\/index.php?rest_route=%2Fwp%2Fv2%2Fmedia&parent=4023"}],"wp:term":[{"taxonomy":"category","embeddable":true,"href":"http:\/\/tvalaire.com\/index.php?rest_route=%2Fwp%2Fv2%2Fcategories&post=4023"},{"taxonomy":"post_tag","embeddable":true,"href":"http:\/\/tvalaire.com\/index.php?rest_route=%2Fwp%2Fv2%2Ftags&post=4023"}],"curies":[{"name":"wp","href":"https:\/\/api.w.org\/{rel}","templated":true}]}}