{"id":4021,"date":"2018-08-09T11:21:21","date_gmt":"2018-08-09T16:21:21","guid":{"rendered":"http:\/\/tvalaire.com\/?p=4021"},"modified":"2018-08-09T11:21:21","modified_gmt":"2018-08-09T16:21:21","slug":"casa-patrimonio-historico-de-la-piedad-con-danos-en-su-estructura","status":"publish","type":"post","link":"http:\/\/tvalaire.com\/?p=4021","title":{"rendered":"CASA PATRIMONIO HIST\u00d3RICO DE LA PIEDAD CON DA\u00d1OS EN SU ESTRUCTURA"},"content":{"rendered":"<p>Protecci\u00f3n Civil de La Piedad identific\u00f3 que en la calle Ju\u00e1rez #195 esquina con Galeana una casa habitaci\u00f3n se encuentra con una estructura debilitada por el paso de los a\u00f1os y la cual se considera patrimonio hist\u00f3rico.<\/p>\n<p>Personal de la dependencia dirigidos por el comandante Juan Gabriel N\u00fa\u00f1ez Naranjo, realizaron un recorrido de an\u00e1lisis e identificaci\u00f3n de riesgo de la propiedad y acordonaron el \u00e1rea peatonal a fin de salvaguardar la integridad de quien por ah\u00ed caminan.<\/p>\n<p>Cabe se\u00f1alar que se dio aviso puntual a las oficinas de Urbanismo de Obras P\u00fablicas, al propietario de la casa y al propio Instituto Nacional de Antropolog\u00eda e Historia (INAH) ya que por la antig\u00fcedad de la propiedad se tiene contemplada como patrimonio hist\u00f3rico de la ciudad.<\/p>\n<p>N\u00fa\u00f1ez Naranjo coment\u00f3 que de momento se acordon\u00f3 el \u00e1rea a fin de evitar alg\u00fan accidente y que as\u00ed permanecer\u00e1 hasta que el INAH y dem\u00e1s personas involucradas realicen las obras pertinentes en la reducci\u00f3n de riesgos y atenuaci\u00f3n del mismo.<\/p>\n<p>De igual manera se refiri\u00f3 que se estar\u00e1 realizando un monitoreo constante de esa propiedad a fin de darle un seguimiento puntual en coordinaci\u00f3n con las instituciones de Protecci\u00f3n Civil, Obras P\u00fablicas y el INAH.<\/p>\n<p>&nbsp;<\/p>\n","protected":false},"excerpt":{"rendered":"<p>Protecci\u00f3n Civil de La Piedad identific\u00f3 que en la calle Ju\u00e1rez #195 esquina con Galeana&#8230;<\/p>\n","protected":false},"author":1,"featured_media":4018,"comment_status":"open","ping_status":"open","sticky":false,"template":"","format":"standard","meta":{"jetpack_post_was_ever_published":false,"_jetpack_newsletter_access":"","_jetpack_dont_email_post_to_subs":false,"_jetpack_newsletter_tier_id":0,"_jetpack_memberships_contains_paywalled_content":false,"_jetpack_memberships_contains_paid_content":false,"footnotes":"","jetpack_publicize_message":"","jetpack_publicize_feature_enabled":true,"jetpack_social_post_already_shared":false,"jetpack_social_options":{"image_generator_settings":{"template":"highway","enabled":false},"version":2}},"categories":[1],"tags":[15,36],"class_list":["post-4021","post","type-post","status-publish","format-standard","has-post-thumbnail","hentry","category-la-piedad","tag-la-piedad","tag-principales"],"jetpack_publicize_connections":[],"jetpack_sharing_enabled":true,"featured_image_urls":{"full":["http:\/\/tvalaire.com\/wp-content\/uploads\/2018\/08\/0908-CASA-PATRIMONIO-EN-PELIGRO-dione2.jpg",640,480,false],"thumbnail":["http:\/\/tvalaire.com\/wp-content\/uploads\/2018\/08\/0908-CASA-PATRIMONIO-EN-PELIGRO-dione2-150x150.jpg",150,150,true],"medium":["http:\/\/tvalaire.com\/wp-content\/uploads\/2018\/08\/0908-CASA-PATRIMONIO-EN-PELIGRO-dione2-300x225.jpg",300,225,true],"medium_large":["http:\/\/tvalaire.com\/wp-content\/uploads\/2018\/08\/0908-CASA-PATRIMONIO-EN-PELIGRO-dione2.jpg",640,480,false],"large":["http:\/\/tvalaire.com\/wp-content\/uploads\/2018\/08\/0908-CASA-PATRIMONIO-EN-PELIGRO-dione2.jpg",640,480,false],"post-slider-thumb-size":["http:\/\/tvalaire.com\/wp-content\/uploads\/2018\/08\/0908-CASA-PATRIMONIO-EN-PELIGRO-dione2.jpg",253,190,false],"post-category-slider-size":["http:\/\/tvalaire.com\/wp-content\/uploads\/2018\/08\/0908-CASA-PATRIMONIO-EN-PELIGRO-dione2.jpg",330,248,false],"1536x1536":["http:\/\/tvalaire.com\/wp-content\/uploads\/2018\/08\/0908-CASA-PATRIMONIO-EN-PELIGRO-dione2.jpg",640,480,false],"2048x2048":["http:\/\/tvalaire.com\/wp-content\/uploads\/2018\/08\/0908-CASA-PATRIMONIO-EN-PELIGRO-dione2.jpg",640,480,false],"newsium-slider-full":["http:\/\/tvalaire.com\/wp-content\/uploads\/2018\/08\/0908-CASA-PATRIMONIO-EN-PELIGRO-dione2.jpg",640,480,false],"newsium-featured":["http:\/\/tvalaire.com\/wp-content\/uploads\/2018\/08\/0908-CASA-PATRIMONIO-EN-PELIGRO-dione2.jpg",640,480,false],"newsium-medium":["http:\/\/tvalaire.com\/wp-content\/uploads\/2018\/08\/0908-CASA-PATRIMONIO-EN-PELIGRO-dione2.jpg",633,475,false]},"author_info":{"info":["tvalairenoti"]},"category_info":"<a href=\"http:\/\/tvalaire.com\/?cat=1\" rel=\"category\">La Piedad<\/a>","tag_info":"La Piedad","comment_count":"0","jetpack_featured_media_url":"http:\/\/tvalaire.com\/wp-content\/uploads\/2018\/08\/0908-CASA-PATRIMONIO-EN-PELIGRO-dione2.jpg","_links":{"self":[{"href":"http:\/\/tvalaire.com\/index.php?rest_route=\/wp\/v2\/posts\/4021"}],"collection":[{"href":"http:\/\/tvalaire.com\/index.php?rest_route=\/wp\/v2\/posts"}],"about":[{"href":"http:\/\/tvalaire.com\/index.php?rest_route=\/wp\/v2\/types\/post"}],"author":[{"embeddable":true,"href":"http:\/\/tvalaire.com\/index.php?rest_route=\/wp\/v2\/users\/1"}],"replies":[{"embeddable":true,"href":"http:\/\/tvalaire.com\/index.php?rest_route=%2Fwp%2Fv2%2Fcomments&post=4021"}],"version-history":[{"count":1,"href":"http:\/\/tvalaire.com\/index.php?rest_route=\/wp\/v2\/posts\/4021\/revisions"}],"predecessor-version":[{"id":4022,"href":"http:\/\/tvalaire.com\/index.php?rest_route=\/wp\/v2\/posts\/4021\/revisions\/4022"}],"wp:featuredmedia":[{"embeddable":true,"href":"http:\/\/tvalaire.com\/index.php?rest_route=\/wp\/v2\/media\/4018"}],"wp:attachment":[{"href":"http:\/\/tvalaire.com\/index.php?rest_route=%2Fwp%2Fv2%2Fmedia&parent=4021"}],"wp:term":[{"taxonomy":"category","embeddable":true,"href":"http:\/\/tvalaire.com\/index.php?rest_route=%2Fwp%2Fv2%2Fcategories&post=4021"},{"taxonomy":"post_tag","embeddable":true,"href":"http:\/\/tvalaire.com\/index.php?rest_route=%2Fwp%2Fv2%2Ftags&post=4021"}],"curies":[{"name":"wp","href":"https:\/\/api.w.org\/{rel}","templated":true}]}}