{"id":401,"date":"2017-02-10T09:17:28","date_gmt":"2017-02-10T15:17:28","guid":{"rendered":"http:\/\/tvalaire.com\/?p=401"},"modified":"2017-02-10T09:17:28","modified_gmt":"2017-02-10T15:17:28","slug":"anuncian-visita-de-la-presidenta-de-la-comision-de-migrantes","status":"publish","type":"post","link":"http:\/\/tvalaire.com\/?p=401","title":{"rendered":"ANUNCIAN VISITA DE LA PRESIDENTA DE LA COMISI\u00d3N DE MIGRANTES"},"content":{"rendered":"<p class=\"xgmail-standard\" style=\"text-align: center; background: white;\" align=\"center\">\n<p class=\"xgmail-standard\" style=\"text-align: justify; background: white;\"><span style=\"font-size: 13.0pt; font-family: 'Arial','sans-serif'; color: #212121;\">En el marco de la ola de declaraciones sobre deportaciones y violaciones a los derechos de migrantes en Estados Unidos de Am\u00e9rica, el Gobierno Municipal de La Piedad a trav\u00e9s de la direcci\u00f3n de Vinculaci\u00f3n Internacional y la Comisi\u00f3n del Migrante, prev\u00e9n la realizaci\u00f3n de un foto sobre Derechos a los Migrantes y sus Familias, el cual ser\u00e1 encabezado por la presidenta de esa comisi\u00f3n en el Congreso del Estado, la diputada Macarena Ch\u00e1vez Flores.<\/span><\/p>\n<p class=\"xgmail-standard\" style=\"text-align: justify; background: white;\"><span style=\"font-size: 13.0pt; font-family: 'Arial','sans-serif'; color: #212121;\">La visita de la legisladora se tiene prevista para el 23 de febrero a las 11:00 horas, aunque el lugar todav\u00eda no se ha definido.<\/span><\/p>\n<p class=\"xgmail-standard\" style=\"text-align: justify; background: white;\"><span style=\"font-size: 13.0pt; font-family: 'Arial','sans-serif'; color: #212121;\">La diputada Macarena Ch\u00e1vez ha pugnado por la difusi\u00f3n de los derechos que poseen los migrantes michoacanos que se encuentran en Estados Unidos, de ah\u00ed la importancia de que acuda a esta localidad que cuenta con un gran n\u00famero de migrantes quienes ahora viven dentro de la incertidumbre por las noticias difundidas en relaci\u00f3n a su estancia en el vecino pa\u00eds y las repercusiones que est\u00e1n sufriendo por las pol\u00edticas establecidas por el presidente Donald Trump.<\/span><\/p>\n<p class=\"xgmail-standard\" style=\"text-align: justify; background: white;\"><span style=\"font-size: 13.0pt; font-family: 'Arial','sans-serif'; color: #212121;\">El Foro de Migrantes y sus Familias, estar\u00e1 dirigido a las instituciones que tienen alg\u00fan tipo de contacto con este sector de la poblaci\u00f3n, a quienes se har\u00e1 una introducci\u00f3n para sensibilizarlos sobre el tema, tambi\u00e9n ser\u00e1n invitados los encargados del orden de todas las comunidades rurales, asociaciones e integrantes del sector p\u00fablico y social que est\u00e9 interesado.<\/span><\/p>\n<p class=\"xgmail-standard\" style=\"text-align: justify; background: white;\"><span style=\"font-size: 13.0pt; font-family: 'Arial','sans-serif'; color: #212121;\">Para ello, el director de vinculaci\u00f3n internacional, Jos\u00e9 Reyes Quiroz junto con los regidores Yelitza T\u00e9llez Hern\u00e1ndez y Ra\u00fal Hern\u00e1ndez N\u00fa\u00f1ez, har\u00e1n la invitaci\u00f3n a todas las instituciones y organismos interesados sobre este tema.<\/span><\/p>\n","protected":false},"excerpt":{"rendered":"<p>En el marco de la ola de declaraciones sobre deportaciones y violaciones a los derechos&#8230;<\/p>\n","protected":false},"author":1,"featured_media":402,"comment_status":"open","ping_status":"open","sticky":false,"template":"","format":"standard","meta":{"jetpack_post_was_ever_published":false,"_jetpack_newsletter_access":"","_jetpack_dont_email_post_to_subs":false,"_jetpack_newsletter_tier_id":0,"_jetpack_memberships_contains_paywalled_content":false,"_jetpack_memberships_contains_paid_content":false,"footnotes":"","jetpack_publicize_message":"","jetpack_publicize_feature_enabled":true,"jetpack_social_post_already_shared":false,"jetpack_social_options":{"image_generator_settings":{"template":"highway","enabled":false},"version":2}},"categories":[1],"tags":[15,36],"class_list":["post-401","post","type-post","status-publish","format-standard","has-post-thumbnail","hentry","category-la-piedad","tag-la-piedad","tag-principales"],"jetpack_publicize_connections":[],"jetpack_sharing_enabled":true,"featured_image_urls":{"full":["http:\/\/tvalaire.com\/wp-content\/uploads\/2017\/02\/ANUNCIAN-VISITA-DE-LA-PRESIDENTA-DE-LA-COMISI\u00d3N-DE-MIGRANTES.jpg",1024,683,false],"thumbnail":["http:\/\/tvalaire.com\/wp-content\/uploads\/2017\/02\/ANUNCIAN-VISITA-DE-LA-PRESIDENTA-DE-LA-COMISI\u00d3N-DE-MIGRANTES-150x150.jpg",150,150,true],"medium":["http:\/\/tvalaire.com\/wp-content\/uploads\/2017\/02\/ANUNCIAN-VISITA-DE-LA-PRESIDENTA-DE-LA-COMISI\u00d3N-DE-MIGRANTES-300x200.jpg",300,200,true],"medium_large":["http:\/\/tvalaire.com\/wp-content\/uploads\/2017\/02\/ANUNCIAN-VISITA-DE-LA-PRESIDENTA-DE-LA-COMISI\u00d3N-DE-MIGRANTES-768x512.jpg",640,427,true],"large":["http:\/\/tvalaire.com\/wp-content\/uploads\/2017\/02\/ANUNCIAN-VISITA-DE-LA-PRESIDENTA-DE-LA-COMISI\u00d3N-DE-MIGRANTES-1024x683.jpg",640,427,true],"post-slider-thumb-size":["http:\/\/tvalaire.com\/wp-content\/uploads\/2017\/02\/ANUNCIAN-VISITA-DE-LA-PRESIDENTA-DE-LA-COMISI\u00d3N-DE-MIGRANTES.jpg",285,190,false],"post-category-slider-size":["http:\/\/tvalaire.com\/wp-content\/uploads\/2017\/02\/ANUNCIAN-VISITA-DE-LA-PRESIDENTA-DE-LA-COMISI\u00d3N-DE-MIGRANTES.jpg",330,220,false],"1536x1536":["http:\/\/tvalaire.com\/wp-content\/uploads\/2017\/02\/ANUNCIAN-VISITA-DE-LA-PRESIDENTA-DE-LA-COMISI\u00d3N-DE-MIGRANTES.jpg",1024,683,false],"2048x2048":["http:\/\/tvalaire.com\/wp-content\/uploads\/2017\/02\/ANUNCIAN-VISITA-DE-LA-PRESIDENTA-DE-LA-COMISI\u00d3N-DE-MIGRANTES.jpg",1024,683,false],"newsium-slider-full":["http:\/\/tvalaire.com\/wp-content\/uploads\/2017\/02\/ANUNCIAN-VISITA-DE-LA-PRESIDENTA-DE-LA-COMISI\u00d3N-DE-MIGRANTES.jpg",1024,683,false],"newsium-featured":["http:\/\/tvalaire.com\/wp-content\/uploads\/2017\/02\/ANUNCIAN-VISITA-DE-LA-PRESIDENTA-DE-LA-COMISI\u00d3N-DE-MIGRANTES.jpg",1024,683,false],"newsium-medium":["http:\/\/tvalaire.com\/wp-content\/uploads\/2017\/02\/ANUNCIAN-VISITA-DE-LA-PRESIDENTA-DE-LA-COMISI\u00d3N-DE-MIGRANTES.jpg",712,475,false]},"author_info":{"info":["tvalairenoti"]},"category_info":"<a href=\"http:\/\/tvalaire.com\/?cat=1\" rel=\"category\">La Piedad<\/a>","tag_info":"La Piedad","comment_count":"0","jetpack_featured_media_url":"http:\/\/tvalaire.com\/wp-content\/uploads\/2017\/02\/ANUNCIAN-VISITA-DE-LA-PRESIDENTA-DE-LA-COMISI\u00d3N-DE-MIGRANTES.jpg","_links":{"self":[{"href":"http:\/\/tvalaire.com\/index.php?rest_route=\/wp\/v2\/posts\/401"}],"collection":[{"href":"http:\/\/tvalaire.com\/index.php?rest_route=\/wp\/v2\/posts"}],"about":[{"href":"http:\/\/tvalaire.com\/index.php?rest_route=\/wp\/v2\/types\/post"}],"author":[{"embeddable":true,"href":"http:\/\/tvalaire.com\/index.php?rest_route=\/wp\/v2\/users\/1"}],"replies":[{"embeddable":true,"href":"http:\/\/tvalaire.com\/index.php?rest_route=%2Fwp%2Fv2%2Fcomments&post=401"}],"version-history":[{"count":1,"href":"http:\/\/tvalaire.com\/index.php?rest_route=\/wp\/v2\/posts\/401\/revisions"}],"predecessor-version":[{"id":404,"href":"http:\/\/tvalaire.com\/index.php?rest_route=\/wp\/v2\/posts\/401\/revisions\/404"}],"wp:featuredmedia":[{"embeddable":true,"href":"http:\/\/tvalaire.com\/index.php?rest_route=\/wp\/v2\/media\/402"}],"wp:attachment":[{"href":"http:\/\/tvalaire.com\/index.php?rest_route=%2Fwp%2Fv2%2Fmedia&parent=401"}],"wp:term":[{"taxonomy":"category","embeddable":true,"href":"http:\/\/tvalaire.com\/index.php?rest_route=%2Fwp%2Fv2%2Fcategories&post=401"},{"taxonomy":"post_tag","embeddable":true,"href":"http:\/\/tvalaire.com\/index.php?rest_route=%2Fwp%2Fv2%2Ftags&post=401"}],"curies":[{"name":"wp","href":"https:\/\/api.w.org\/{rel}","templated":true}]}}