{"id":4005,"date":"2018-08-07T10:05:56","date_gmt":"2018-08-07T15:05:56","guid":{"rendered":"http:\/\/tvalaire.com\/?p=4005"},"modified":"2018-08-07T10:05:56","modified_gmt":"2018-08-07T15:05:56","slug":"las-mujeres-del-sindicato-de-empleados-municipales-participaron-en-el-activasem","status":"publish","type":"post","link":"http:\/\/tvalaire.com\/?p=4005","title":{"rendered":"LAS MUJERES DEL SINDICATO DE EMPLEADOS MUNICIPALES PARTICIPARON EN EL ACTIVASEM"},"content":{"rendered":"<p>En el marco del 34 Aniversario del Sindicato de Empleados Municipales (SEM) La Piedad, se realiz\u00f3 una serie de actividades deportivas y de activaci\u00f3n f\u00edsica que forman parte de los eventos con los cuales festejan un a\u00f1o m\u00e1s como grupo agremiado.<\/p>\n<p>Los trabajadores sindicalizados participaron en el torneo rel\u00e1mpago de frontenis que tuvo lugar en la unidad deportiva \u201cLic. Humberto Romero P\u00e9rez\u201d el d\u00eda de ayer. \u00a0Al mediod\u00eda, las f\u00e9minas asistieron a la Mega clase de zumba que se desarroll\u00f3 en el auditorio de la unidad con la participaci\u00f3n de todas las mujeres sindicalizadas.<\/p>\n<p>Durante el arranque de las actividades deportivas, el dirigente sindical Ricardo Garc\u00eda C\u00e1zares dijo que \u00e9sta es la segunda ocasi\u00f3n que realiza este tipo de actividades al celebrarse un aniversario m\u00e1s de la agrupaci\u00f3n gremial, que se hace con el fin de llevar a cabo una convivencia entre todos los integrantes.<\/p>\n<p>Con la cual indic\u00f3 que buscan sacar el estr\u00e9s laboral y activar a todos los que forman parte del sindicato.<\/p>\n<p>Para realizar estas actividades, reconoci\u00f3 la actitud y disposici\u00f3n del alcalde Juan Manuel Estrada Medina dando la autorizaci\u00f3n para que los trabajadores pudieran desarrollar estos eventos en d\u00eda labora\u00f1 y no los fines de semana que es cuando pueden convivir con sus familias.<\/p>\n<p>Por lo que pidi\u00f3 que ojal\u00e1 los pr\u00f3ximos gobernantes, puedan apoyar estas actividades de convivencia, que comenz\u00f3 con el frontenis en el que varios de los trabajadores pudieron participar.<\/p>\n<p>Al mediod\u00eda, las mujeres sindicalizadas encabezaron la mega zumba en la que tambi\u00e9n participaron con algunos de sus hijos a quienes buscan fomentar el amor por el deporte y la activaci\u00f3n f\u00edsica con el fin de promover la salud.<\/p>\n<p>&nbsp;<\/p>\n<p>&nbsp;<\/p>\n","protected":false},"excerpt":{"rendered":"<p>En el marco del 34 Aniversario del Sindicato de Empleados Municipales (SEM) La Piedad, se&#8230;<\/p>\n","protected":false},"author":1,"featured_media":4006,"comment_status":"open","ping_status":"open","sticky":false,"template":"","format":"standard","meta":{"jetpack_post_was_ever_published":false,"_jetpack_newsletter_access":"","_jetpack_dont_email_post_to_subs":false,"_jetpack_newsletter_tier_id":0,"_jetpack_memberships_contains_paywalled_content":false,"_jetpack_memberships_contains_paid_content":false,"footnotes":"","jetpack_publicize_message":"","jetpack_publicize_feature_enabled":true,"jetpack_social_post_already_shared":false,"jetpack_social_options":{"image_generator_settings":{"template":"highway","enabled":false},"version":2}},"categories":[1],"tags":[15,36],"class_list":["post-4005","post","type-post","status-publish","format-standard","has-post-thumbnail","hentry","category-la-piedad","tag-la-piedad","tag-principales"],"jetpack_publicize_connections":[],"jetpack_sharing_enabled":true,"featured_image_urls":{"full":["http:\/\/tvalaire.com\/wp-content\/uploads\/2018\/08\/0708-ACTIVASEM-dione3.jpg",1024,683,false],"thumbnail":["http:\/\/tvalaire.com\/wp-content\/uploads\/2018\/08\/0708-ACTIVASEM-dione3-150x150.jpg",150,150,true],"medium":["http:\/\/tvalaire.com\/wp-content\/uploads\/2018\/08\/0708-ACTIVASEM-dione3-300x200.jpg",300,200,true],"medium_large":["http:\/\/tvalaire.com\/wp-content\/uploads\/2018\/08\/0708-ACTIVASEM-dione3-768x512.jpg",640,427,true],"large":["http:\/\/tvalaire.com\/wp-content\/uploads\/2018\/08\/0708-ACTIVASEM-dione3-1024x683.jpg",640,427,true],"post-slider-thumb-size":["http:\/\/tvalaire.com\/wp-content\/uploads\/2018\/08\/0708-ACTIVASEM-dione3.jpg",285,190,false],"post-category-slider-size":["http:\/\/tvalaire.com\/wp-content\/uploads\/2018\/08\/0708-ACTIVASEM-dione3.jpg",330,220,false],"1536x1536":["http:\/\/tvalaire.com\/wp-content\/uploads\/2018\/08\/0708-ACTIVASEM-dione3.jpg",1024,683,false],"2048x2048":["http:\/\/tvalaire.com\/wp-content\/uploads\/2018\/08\/0708-ACTIVASEM-dione3.jpg",1024,683,false],"newsium-slider-full":["http:\/\/tvalaire.com\/wp-content\/uploads\/2018\/08\/0708-ACTIVASEM-dione3.jpg",1024,683,false],"newsium-featured":["http:\/\/tvalaire.com\/wp-content\/uploads\/2018\/08\/0708-ACTIVASEM-dione3.jpg",1024,683,false],"newsium-medium":["http:\/\/tvalaire.com\/wp-content\/uploads\/2018\/08\/0708-ACTIVASEM-dione3.jpg",712,475,false]},"author_info":{"info":["tvalairenoti"]},"category_info":"<a href=\"http:\/\/tvalaire.com\/?cat=1\" rel=\"category\">La Piedad<\/a>","tag_info":"La Piedad","comment_count":"0","jetpack_featured_media_url":"http:\/\/tvalaire.com\/wp-content\/uploads\/2018\/08\/0708-ACTIVASEM-dione3.jpg","_links":{"self":[{"href":"http:\/\/tvalaire.com\/index.php?rest_route=\/wp\/v2\/posts\/4005"}],"collection":[{"href":"http:\/\/tvalaire.com\/index.php?rest_route=\/wp\/v2\/posts"}],"about":[{"href":"http:\/\/tvalaire.com\/index.php?rest_route=\/wp\/v2\/types\/post"}],"author":[{"embeddable":true,"href":"http:\/\/tvalaire.com\/index.php?rest_route=\/wp\/v2\/users\/1"}],"replies":[{"embeddable":true,"href":"http:\/\/tvalaire.com\/index.php?rest_route=%2Fwp%2Fv2%2Fcomments&post=4005"}],"version-history":[{"count":1,"href":"http:\/\/tvalaire.com\/index.php?rest_route=\/wp\/v2\/posts\/4005\/revisions"}],"predecessor-version":[{"id":4008,"href":"http:\/\/tvalaire.com\/index.php?rest_route=\/wp\/v2\/posts\/4005\/revisions\/4008"}],"wp:featuredmedia":[{"embeddable":true,"href":"http:\/\/tvalaire.com\/index.php?rest_route=\/wp\/v2\/media\/4006"}],"wp:attachment":[{"href":"http:\/\/tvalaire.com\/index.php?rest_route=%2Fwp%2Fv2%2Fmedia&parent=4005"}],"wp:term":[{"taxonomy":"category","embeddable":true,"href":"http:\/\/tvalaire.com\/index.php?rest_route=%2Fwp%2Fv2%2Fcategories&post=4005"},{"taxonomy":"post_tag","embeddable":true,"href":"http:\/\/tvalaire.com\/index.php?rest_route=%2Fwp%2Fv2%2Ftags&post=4005"}],"curies":[{"name":"wp","href":"https:\/\/api.w.org\/{rel}","templated":true}]}}