{"id":3993,"date":"2018-07-31T08:16:50","date_gmt":"2018-07-31T13:16:50","guid":{"rendered":"http:\/\/tvalaire.com\/?p=3993"},"modified":"2018-07-31T08:16:50","modified_gmt":"2018-07-31T13:16:50","slug":"concluye-curso-de-verano-del-dif-municipal","status":"publish","type":"post","link":"http:\/\/tvalaire.com\/?p=3993","title":{"rendered":"CONCLUYE CURSO DE VERANO DEL DIF MUNICIPAL"},"content":{"rendered":"<p>El Sistema para el Desarrollo Integral de la Familia (DIF) dio por terminadas las actividades del curso de verano que comenz\u00f3 el 9 de Julio y donde 40 infantes se llevan un gran aprendizaje sobre el cuidado del agua, el medio ambiente y los talleres que se dise\u00f1aron de acuerdo a su edad como: manualidades, pintura y activaci\u00f3n f\u00edsica.<\/p>\n<p>La directora del DIF Carmen Judith Cabrera Salda\u00f1a, coment\u00f3 que este tipo de actividades les ayuda a los ni\u00f1os para que tengan un mejor desenvolvimiento y una autonom\u00eda, adem\u00e1s de fortalecerles valores como trabajo en equipo.<\/p>\n<p>Por su parte la encargada del \u00e1rea de Piscolog\u00eda Sonia Ram\u00edrez Escobar \u00a0se\u00f1al\u00f3 durante la clausura que el lema de este a\u00f1o fue \u201cAprender Hacer\u201d, con la intenci\u00f3n de que los ni\u00f1os y ni\u00f1as puedan poner en pr\u00e1ctica su psicomotricidad, su \u00e1rea cognitiva y el afecto social.<\/p>\n<p>El curso se imparti\u00f3 en el centro comunitario de la colonia Vasco de Quiroga de lunes a viernes, los peque\u00f1os\u00a0 estuvieron agrupados en edades, permitiendo una mejor atenci\u00f3n.<\/p>\n","protected":false},"excerpt":{"rendered":"<p>El Sistema para el Desarrollo Integral de la Familia (DIF) dio por terminadas las actividades&#8230;<\/p>\n","protected":false},"author":1,"featured_media":3995,"comment_status":"open","ping_status":"open","sticky":false,"template":"","format":"standard","meta":{"jetpack_post_was_ever_published":false,"_jetpack_newsletter_access":"","_jetpack_dont_email_post_to_subs":false,"_jetpack_newsletter_tier_id":0,"_jetpack_memberships_contains_paywalled_content":false,"_jetpack_memberships_contains_paid_content":false,"footnotes":"","jetpack_publicize_message":"","jetpack_publicize_feature_enabled":true,"jetpack_social_post_already_shared":false,"jetpack_social_options":{"image_generator_settings":{"template":"highway","enabled":false},"version":2}},"categories":[1],"tags":[15,36],"class_list":["post-3993","post","type-post","status-publish","format-standard","has-post-thumbnail","hentry","category-la-piedad","tag-la-piedad","tag-principales"],"jetpack_publicize_connections":[],"jetpack_sharing_enabled":true,"featured_image_urls":{"full":["http:\/\/tvalaire.com\/wp-content\/uploads\/2018\/07\/3107-CONCLUYE-CURSO-DE-VERANO-dione.jpg",1024,683,false],"thumbnail":["http:\/\/tvalaire.com\/wp-content\/uploads\/2018\/07\/3107-CONCLUYE-CURSO-DE-VERANO-dione-150x150.jpg",150,150,true],"medium":["http:\/\/tvalaire.com\/wp-content\/uploads\/2018\/07\/3107-CONCLUYE-CURSO-DE-VERANO-dione-300x200.jpg",300,200,true],"medium_large":["http:\/\/tvalaire.com\/wp-content\/uploads\/2018\/07\/3107-CONCLUYE-CURSO-DE-VERANO-dione-768x512.jpg",640,427,true],"large":["http:\/\/tvalaire.com\/wp-content\/uploads\/2018\/07\/3107-CONCLUYE-CURSO-DE-VERANO-dione-1024x683.jpg",640,427,true],"post-slider-thumb-size":["http:\/\/tvalaire.com\/wp-content\/uploads\/2018\/07\/3107-CONCLUYE-CURSO-DE-VERANO-dione.jpg",285,190,false],"post-category-slider-size":["http:\/\/tvalaire.com\/wp-content\/uploads\/2018\/07\/3107-CONCLUYE-CURSO-DE-VERANO-dione.jpg",330,220,false],"1536x1536":["http:\/\/tvalaire.com\/wp-content\/uploads\/2018\/07\/3107-CONCLUYE-CURSO-DE-VERANO-dione.jpg",1024,683,false],"2048x2048":["http:\/\/tvalaire.com\/wp-content\/uploads\/2018\/07\/3107-CONCLUYE-CURSO-DE-VERANO-dione.jpg",1024,683,false],"newsium-slider-full":["http:\/\/tvalaire.com\/wp-content\/uploads\/2018\/07\/3107-CONCLUYE-CURSO-DE-VERANO-dione.jpg",1024,683,false],"newsium-featured":["http:\/\/tvalaire.com\/wp-content\/uploads\/2018\/07\/3107-CONCLUYE-CURSO-DE-VERANO-dione.jpg",1024,683,false],"newsium-medium":["http:\/\/tvalaire.com\/wp-content\/uploads\/2018\/07\/3107-CONCLUYE-CURSO-DE-VERANO-dione.jpg",712,475,false]},"author_info":{"info":["tvalairenoti"]},"category_info":"<a href=\"http:\/\/tvalaire.com\/?cat=1\" rel=\"category\">La Piedad<\/a>","tag_info":"La Piedad","comment_count":"0","jetpack_featured_media_url":"http:\/\/tvalaire.com\/wp-content\/uploads\/2018\/07\/3107-CONCLUYE-CURSO-DE-VERANO-dione.jpg","_links":{"self":[{"href":"http:\/\/tvalaire.com\/index.php?rest_route=\/wp\/v2\/posts\/3993"}],"collection":[{"href":"http:\/\/tvalaire.com\/index.php?rest_route=\/wp\/v2\/posts"}],"about":[{"href":"http:\/\/tvalaire.com\/index.php?rest_route=\/wp\/v2\/types\/post"}],"author":[{"embeddable":true,"href":"http:\/\/tvalaire.com\/index.php?rest_route=\/wp\/v2\/users\/1"}],"replies":[{"embeddable":true,"href":"http:\/\/tvalaire.com\/index.php?rest_route=%2Fwp%2Fv2%2Fcomments&post=3993"}],"version-history":[{"count":1,"href":"http:\/\/tvalaire.com\/index.php?rest_route=\/wp\/v2\/posts\/3993\/revisions"}],"predecessor-version":[{"id":3996,"href":"http:\/\/tvalaire.com\/index.php?rest_route=\/wp\/v2\/posts\/3993\/revisions\/3996"}],"wp:featuredmedia":[{"embeddable":true,"href":"http:\/\/tvalaire.com\/index.php?rest_route=\/wp\/v2\/media\/3995"}],"wp:attachment":[{"href":"http:\/\/tvalaire.com\/index.php?rest_route=%2Fwp%2Fv2%2Fmedia&parent=3993"}],"wp:term":[{"taxonomy":"category","embeddable":true,"href":"http:\/\/tvalaire.com\/index.php?rest_route=%2Fwp%2Fv2%2Fcategories&post=3993"},{"taxonomy":"post_tag","embeddable":true,"href":"http:\/\/tvalaire.com\/index.php?rest_route=%2Fwp%2Fv2%2Ftags&post=3993"}],"curies":[{"name":"wp","href":"https:\/\/api.w.org\/{rel}","templated":true}]}}