{"id":394,"date":"2017-02-09T10:56:48","date_gmt":"2017-02-09T16:56:48","guid":{"rendered":"http:\/\/tvalaire.com\/?p=394"},"modified":"2017-02-09T10:56:48","modified_gmt":"2017-02-09T16:56:48","slug":"se-organizan-autoridades-municipal-y-educativas-para-el-desfile-carnaval","status":"publish","type":"post","link":"http:\/\/tvalaire.com\/?p=394","title":{"rendered":"SE ORGANIZAN AUTORIDADES MUNICIPAL Y EDUCATIVAS PARA EL DESFILE CARNAVAL"},"content":{"rendered":"<p>Por iniciativa del Gobierno Municipal que encabeza V\u00edctor V\u00e1zquez\u00a0 a trav\u00e9s del departamento de Educaci\u00f3n, Cultura y Turismo se organizaron con las autoridades educativas de nivel preescolar para resaltar las tradiciones y costumbre mexicanas por medio\u00a0 del desfile del martes del carnaval, el cual se llevara a cabo el d\u00eda 28 de febrero.<\/p>\n<p>Con una asistencia de 15 instituciones educativas se tom\u00f3 el acuerdo de que el desfile\u00a0 dar\u00e1 inicio a las 9:30 de la ma\u00f1ana en la calle Independencia, posteriormente continuar\u00e1 en Abasolo y concluir\u00e1 en la calle Guerrero a la altura de escuela secundaria \u201cFrancisco Villa\u201d, al igual que el d\u00eda 21 de\u00a0 marzo d\u00eda de la primavera, as\u00ed como tambi\u00e9n participara cultura del agua por el D\u00eda Internacional del Agua.<\/p>\n<p>Ah\u00ed mismo se dio informaci\u00f3n del Comit\u00e9 Municipal Contra las Adicciones para que en pr\u00f3ximos d\u00edas agenden una pl\u00e1tica con los padres de familia.<\/p>\n","protected":false},"excerpt":{"rendered":"<p>Por iniciativa del Gobierno Municipal que encabeza V\u00edctor V\u00e1zquez\u00a0 a trav\u00e9s del departamento de Educaci\u00f3n,&#8230;<\/p>\n","protected":false},"author":1,"featured_media":390,"comment_status":"open","ping_status":"open","sticky":false,"template":"","format":"standard","meta":{"jetpack_post_was_ever_published":false,"_jetpack_newsletter_access":"","_jetpack_dont_email_post_to_subs":false,"_jetpack_newsletter_tier_id":0,"_jetpack_memberships_contains_paywalled_content":false,"_jetpack_memberships_contains_paid_content":false,"footnotes":"","jetpack_publicize_message":"","jetpack_publicize_feature_enabled":true,"jetpack_social_post_already_shared":false,"jetpack_social_options":{"image_generator_settings":{"template":"highway","enabled":false},"version":2}},"categories":[4],"tags":[36,24],"class_list":["post-394","post","type-post","status-publish","format-standard","has-post-thumbnail","hentry","category-puruandiro","tag-principales","tag-puruandiro"],"jetpack_publicize_connections":[],"jetpack_sharing_enabled":true,"featured_image_urls":{"full":["http:\/\/tvalaire.com\/wp-content\/uploads\/2017\/02\/SE-ORGANIZAN-AUTORIDADES-MUNICIPAL-Y-EDUCATIVAS-PARA-EL-DESFILE-CARNAVAL-2.jpg",3008,2000,false],"thumbnail":["http:\/\/tvalaire.com\/wp-content\/uploads\/2017\/02\/SE-ORGANIZAN-AUTORIDADES-MUNICIPAL-Y-EDUCATIVAS-PARA-EL-DESFILE-CARNAVAL-2-150x150.jpg",150,150,true],"medium":["http:\/\/tvalaire.com\/wp-content\/uploads\/2017\/02\/SE-ORGANIZAN-AUTORIDADES-MUNICIPAL-Y-EDUCATIVAS-PARA-EL-DESFILE-CARNAVAL-2-300x199.jpg",300,199,true],"medium_large":["http:\/\/tvalaire.com\/wp-content\/uploads\/2017\/02\/SE-ORGANIZAN-AUTORIDADES-MUNICIPAL-Y-EDUCATIVAS-PARA-EL-DESFILE-CARNAVAL-2-768x511.jpg",640,426,true],"large":["http:\/\/tvalaire.com\/wp-content\/uploads\/2017\/02\/SE-ORGANIZAN-AUTORIDADES-MUNICIPAL-Y-EDUCATIVAS-PARA-EL-DESFILE-CARNAVAL-2-1024x681.jpg",640,426,true],"post-slider-thumb-size":["http:\/\/tvalaire.com\/wp-content\/uploads\/2017\/02\/SE-ORGANIZAN-AUTORIDADES-MUNICIPAL-Y-EDUCATIVAS-PARA-EL-DESFILE-CARNAVAL-2.jpg",286,190,false],"post-category-slider-size":["http:\/\/tvalaire.com\/wp-content\/uploads\/2017\/02\/SE-ORGANIZAN-AUTORIDADES-MUNICIPAL-Y-EDUCATIVAS-PARA-EL-DESFILE-CARNAVAL-2.jpg",330,219,false],"1536x1536":["http:\/\/tvalaire.com\/wp-content\/uploads\/2017\/02\/SE-ORGANIZAN-AUTORIDADES-MUNICIPAL-Y-EDUCATIVAS-PARA-EL-DESFILE-CARNAVAL-2.jpg",1536,1021,false],"2048x2048":["http:\/\/tvalaire.com\/wp-content\/uploads\/2017\/02\/SE-ORGANIZAN-AUTORIDADES-MUNICIPAL-Y-EDUCATIVAS-PARA-EL-DESFILE-CARNAVAL-2.jpg",2048,1362,false],"newsium-slider-full":["http:\/\/tvalaire.com\/wp-content\/uploads\/2017\/02\/SE-ORGANIZAN-AUTORIDADES-MUNICIPAL-Y-EDUCATIVAS-PARA-EL-DESFILE-CARNAVAL-2.jpg",1271,845,false],"newsium-featured":["http:\/\/tvalaire.com\/wp-content\/uploads\/2017\/02\/SE-ORGANIZAN-AUTORIDADES-MUNICIPAL-Y-EDUCATIVAS-PARA-EL-DESFILE-CARNAVAL-2.jpg",1024,681,false],"newsium-medium":["http:\/\/tvalaire.com\/wp-content\/uploads\/2017\/02\/SE-ORGANIZAN-AUTORIDADES-MUNICIPAL-Y-EDUCATIVAS-PARA-EL-DESFILE-CARNAVAL-2.jpg",714,475,false]},"author_info":{"info":["tvalairenoti"]},"category_info":"<a href=\"http:\/\/tvalaire.com\/?cat=4\" rel=\"category\">Puru\u00e1ndiro<\/a>","tag_info":"Puru\u00e1ndiro","comment_count":"0","jetpack_featured_media_url":"http:\/\/tvalaire.com\/wp-content\/uploads\/2017\/02\/SE-ORGANIZAN-AUTORIDADES-MUNICIPAL-Y-EDUCATIVAS-PARA-EL-DESFILE-CARNAVAL-2.jpg","_links":{"self":[{"href":"http:\/\/tvalaire.com\/index.php?rest_route=\/wp\/v2\/posts\/394"}],"collection":[{"href":"http:\/\/tvalaire.com\/index.php?rest_route=\/wp\/v2\/posts"}],"about":[{"href":"http:\/\/tvalaire.com\/index.php?rest_route=\/wp\/v2\/types\/post"}],"author":[{"embeddable":true,"href":"http:\/\/tvalaire.com\/index.php?rest_route=\/wp\/v2\/users\/1"}],"replies":[{"embeddable":true,"href":"http:\/\/tvalaire.com\/index.php?rest_route=%2Fwp%2Fv2%2Fcomments&post=394"}],"version-history":[{"count":1,"href":"http:\/\/tvalaire.com\/index.php?rest_route=\/wp\/v2\/posts\/394\/revisions"}],"predecessor-version":[{"id":395,"href":"http:\/\/tvalaire.com\/index.php?rest_route=\/wp\/v2\/posts\/394\/revisions\/395"}],"wp:featuredmedia":[{"embeddable":true,"href":"http:\/\/tvalaire.com\/index.php?rest_route=\/wp\/v2\/media\/390"}],"wp:attachment":[{"href":"http:\/\/tvalaire.com\/index.php?rest_route=%2Fwp%2Fv2%2Fmedia&parent=394"}],"wp:term":[{"taxonomy":"category","embeddable":true,"href":"http:\/\/tvalaire.com\/index.php?rest_route=%2Fwp%2Fv2%2Fcategories&post=394"},{"taxonomy":"post_tag","embeddable":true,"href":"http:\/\/tvalaire.com\/index.php?rest_route=%2Fwp%2Fv2%2Ftags&post=394"}],"curies":[{"name":"wp","href":"https:\/\/api.w.org\/{rel}","templated":true}]}}