{"id":3920,"date":"2018-07-19T11:30:48","date_gmt":"2018-07-19T16:30:48","guid":{"rendered":"http:\/\/tvalaire.com\/?p=3920"},"modified":"2018-07-30T11:31:34","modified_gmt":"2018-07-30T16:31:34","slug":"inicio-el-asfaltado-de-un-segundo-acceso-a-la-comunidad-de-los-ayala","status":"publish","type":"post","link":"http:\/\/tvalaire.com\/?p=3920","title":{"rendered":"INICI\u00d3 EL ASFALTADO DE UN SEGUNDO ACCESO A LA COMUNIDAD DE LOS AYALA"},"content":{"rendered":"<p>Dicha obra beneficiar\u00e1 a m\u00e1s de 200 personas que habitan en la comunidad, as\u00ed como a la poblaci\u00f3n infantil adscrita al Centro de Atenci\u00f3n M\u00faltiple de Educaci\u00f3n Especial<\/p>\n<p>Con una inversi\u00f3n de 942 mil 204 pesos, el Gobierno Municipal a trav\u00e9s de la direcci\u00f3n de Obras P\u00fablicas inici\u00f3 el asfaltado de la calle Pino Su\u00e1rez en Los Ayala, con el cual quedar\u00e1 habilitado un segundo acceso a esta comunidad y finalmente el Centro de Atenci\u00f3n M\u00faltiple de Educaci\u00f3n Especial (CAM), podr\u00e1 ingresar por el acceso principal.<\/p>\n<p>Los trabajos iniciaron hace unos d\u00edas y consistir\u00e1 en la aplicaci\u00f3n de un doble riego de sello de la calle Pino Su\u00e1rez entre la avenida Hidalgo y carretera La Piedad-Carapan.<\/p>\n<p>La obra se construye con recursos gestionados por el alcalde Juan Manuel Estrada Medina, ante el programa federal Fondo III del cual se destinaron 942 mil 204 pesos para el mejoramiento de 2,496.36 metros cuadrados, que beneficiar\u00e1 de manera directa a unas 200 personas, as\u00ed como a la poblaci\u00f3n estudiantil del CAM y al tr\u00e1fico vehicular que circule por la misma.<\/p>\n<p>Con esta obra, los habitantes de esta comunidad tendr\u00e1n un segundo acceso a la misma al igual que el personal docente, padres de familia y alumnos del CAM quienes desde la apertura del mismo no utilizaban el acceso principal al plantel, por el mal estado de la calle y abrieron un ingreso alterno por el camino que conduce a la comunidad de Ticu\u00edtaco.<\/p>\n","protected":false},"excerpt":{"rendered":"<p>Dicha obra beneficiar\u00e1 a m\u00e1s de 200 personas que habitan en la comunidad, as\u00ed como&#8230;<\/p>\n","protected":false},"author":1,"featured_media":3921,"comment_status":"open","ping_status":"open","sticky":false,"template":"","format":"standard","meta":{"jetpack_post_was_ever_published":false,"_jetpack_newsletter_access":"","_jetpack_dont_email_post_to_subs":false,"_jetpack_newsletter_tier_id":0,"_jetpack_memberships_contains_paywalled_content":false,"_jetpack_memberships_contains_paid_content":false,"footnotes":"","jetpack_publicize_message":"","jetpack_publicize_feature_enabled":true,"jetpack_social_post_already_shared":false,"jetpack_social_options":{"image_generator_settings":{"template":"highway","enabled":false},"version":2}},"categories":[1],"tags":[15,36],"class_list":["post-3920","post","type-post","status-publish","format-standard","has-post-thumbnail","hentry","category-la-piedad","tag-la-piedad","tag-principales"],"jetpack_publicize_connections":[],"jetpack_sharing_enabled":true,"featured_image_urls":{"full":["http:\/\/tvalaire.com\/wp-content\/uploads\/2018\/07\/01-6-1.jpg",1024,683,false],"thumbnail":["http:\/\/tvalaire.com\/wp-content\/uploads\/2018\/07\/01-6-1-150x150.jpg",150,150,true],"medium":["http:\/\/tvalaire.com\/wp-content\/uploads\/2018\/07\/01-6-1-300x200.jpg",300,200,true],"medium_large":["http:\/\/tvalaire.com\/wp-content\/uploads\/2018\/07\/01-6-1-768x512.jpg",640,427,true],"large":["http:\/\/tvalaire.com\/wp-content\/uploads\/2018\/07\/01-6-1-1024x683.jpg",640,427,true],"post-slider-thumb-size":["http:\/\/tvalaire.com\/wp-content\/uploads\/2018\/07\/01-6-1.jpg",285,190,false],"post-category-slider-size":["http:\/\/tvalaire.com\/wp-content\/uploads\/2018\/07\/01-6-1.jpg",330,220,false],"1536x1536":["http:\/\/tvalaire.com\/wp-content\/uploads\/2018\/07\/01-6-1.jpg",1024,683,false],"2048x2048":["http:\/\/tvalaire.com\/wp-content\/uploads\/2018\/07\/01-6-1.jpg",1024,683,false],"newsium-slider-full":["http:\/\/tvalaire.com\/wp-content\/uploads\/2018\/07\/01-6-1.jpg",1024,683,false],"newsium-featured":["http:\/\/tvalaire.com\/wp-content\/uploads\/2018\/07\/01-6-1.jpg",1024,683,false],"newsium-medium":["http:\/\/tvalaire.com\/wp-content\/uploads\/2018\/07\/01-6-1.jpg",712,475,false]},"author_info":{"info":["tvalairenoti"]},"category_info":"<a href=\"http:\/\/tvalaire.com\/?cat=1\" rel=\"category\">La Piedad<\/a>","tag_info":"La Piedad","comment_count":"0","jetpack_featured_media_url":"http:\/\/tvalaire.com\/wp-content\/uploads\/2018\/07\/01-6-1.jpg","_links":{"self":[{"href":"http:\/\/tvalaire.com\/index.php?rest_route=\/wp\/v2\/posts\/3920"}],"collection":[{"href":"http:\/\/tvalaire.com\/index.php?rest_route=\/wp\/v2\/posts"}],"about":[{"href":"http:\/\/tvalaire.com\/index.php?rest_route=\/wp\/v2\/types\/post"}],"author":[{"embeddable":true,"href":"http:\/\/tvalaire.com\/index.php?rest_route=\/wp\/v2\/users\/1"}],"replies":[{"embeddable":true,"href":"http:\/\/tvalaire.com\/index.php?rest_route=%2Fwp%2Fv2%2Fcomments&post=3920"}],"version-history":[{"count":1,"href":"http:\/\/tvalaire.com\/index.php?rest_route=\/wp\/v2\/posts\/3920\/revisions"}],"predecessor-version":[{"id":3922,"href":"http:\/\/tvalaire.com\/index.php?rest_route=\/wp\/v2\/posts\/3920\/revisions\/3922"}],"wp:featuredmedia":[{"embeddable":true,"href":"http:\/\/tvalaire.com\/index.php?rest_route=\/wp\/v2\/media\/3921"}],"wp:attachment":[{"href":"http:\/\/tvalaire.com\/index.php?rest_route=%2Fwp%2Fv2%2Fmedia&parent=3920"}],"wp:term":[{"taxonomy":"category","embeddable":true,"href":"http:\/\/tvalaire.com\/index.php?rest_route=%2Fwp%2Fv2%2Fcategories&post=3920"},{"taxonomy":"post_tag","embeddable":true,"href":"http:\/\/tvalaire.com\/index.php?rest_route=%2Fwp%2Fv2%2Ftags&post=3920"}],"curies":[{"name":"wp","href":"https:\/\/api.w.org\/{rel}","templated":true}]}}