{"id":3902,"date":"2018-07-17T11:23:30","date_gmt":"2018-07-17T16:23:30","guid":{"rendered":"http:\/\/tvalaire.com\/?p=3902"},"modified":"2018-07-30T11:24:05","modified_gmt":"2018-07-30T16:24:05","slug":"son-40-anos-de-festejar-a-la-virgen-del-carmen-con-carrera-atletica","status":"publish","type":"post","link":"http:\/\/tvalaire.com\/?p=3902","title":{"rendered":"SON 40 A\u00d1OS DE FESTEJAR A LA VIRGEN DEL CARMEN CON CARRERA ATL\u00c9TICA"},"content":{"rendered":"<p>Se reconoce a \u00c1ngel Mauricio Cort\u00e9s Lara, por su dedicaci\u00f3n en preservar dicha tradici\u00f3n deportiva<\/p>\n<p>Es Carlos Echeverr\u00eda el primer piedadense en ganar la ya tradicional carrera atl\u00e9tica que se realiza dentro del marco de los festejos en honor de la Virgen del Carmen; en esta ocasi\u00f3n se cumplen 40 a\u00f1os consecutivos de la actividad deportiva en el municipio de La Piedad.<\/p>\n<p>Para esta edici\u00f3n y como en a\u00f1os anteriores la actual administraci\u00f3n colaboradora del evento en coordinaci\u00f3n con el Club de Atletismo B\u00fahos de La Piedad, A.C. hicieron la convocatoria para las seis categor\u00edas que se establecieron.<\/p>\n<p>El recorrido como el de todos los a\u00f1os nuevamente fue el mismo con una distancia de 11 kil\u00f3metros y en donde los participantes pusieron a prueba la resistencia de su condici\u00f3n f\u00edsica.<\/p>\n<p>En esta ocasi\u00f3n el total de corredores en el evento deportivo fue de 100 participantes en las seis categor\u00edas y en la que se pudo contar con atletas de varios municipios de Michoac\u00e1n y otros Estados de la Rep\u00fablica e inclusive de otros pa\u00edses.<\/p>\n<p>Ah\u00ed mismo al concluir la premiaci\u00f3n, las autoridades municipales hicieron la entrega de un reconocimiento a \u00c1ngel Mauricio Cort\u00e9s Lara, por su esfuerzo y dedicaci\u00f3n para preservar la tradici\u00f3n de la carrera del Carmen.<\/p>\n<p>Cabe destacar que el actual gobierno reafirma el compromiso que se tiene con el sector deportivo del municipio y siempre est\u00e1 en la mejor disposici\u00f3n de impulsar y promover la activaci\u00f3n f\u00edsica de la ciudadan\u00eda.<\/p>\n<p>De igual manera es de destacar que durante esta administraci\u00f3n los espacios deportivos de la ciudad estuvieron en las mejores condiciones para que la poblaci\u00f3n hiciera el uso adecuado de los mismos y as\u00ed se ejercitaran en beneficio de su salud y en lugares m\u00e1s dignos para la pr\u00e1ctica deportiva.<\/p>\n","protected":false},"excerpt":{"rendered":"<p>Se reconoce a \u00c1ngel Mauricio Cort\u00e9s Lara, por su dedicaci\u00f3n en preservar dicha tradici\u00f3n deportiva&#8230;<\/p>\n","protected":false},"author":1,"featured_media":3903,"comment_status":"open","ping_status":"open","sticky":false,"template":"","format":"standard","meta":{"jetpack_post_was_ever_published":false,"_jetpack_newsletter_access":"","_jetpack_dont_email_post_to_subs":false,"_jetpack_newsletter_tier_id":0,"_jetpack_memberships_contains_paywalled_content":false,"_jetpack_memberships_contains_paid_content":false,"footnotes":"","jetpack_publicize_message":"","jetpack_publicize_feature_enabled":true,"jetpack_social_post_already_shared":false,"jetpack_social_options":{"image_generator_settings":{"template":"highway","enabled":false},"version":2}},"categories":[1],"tags":[15,36],"class_list":["post-3902","post","type-post","status-publish","format-standard","has-post-thumbnail","hentry","category-la-piedad","tag-la-piedad","tag-principales"],"jetpack_publicize_connections":[],"jetpack_sharing_enabled":true,"featured_image_urls":{"full":["http:\/\/tvalaire.com\/wp-content\/uploads\/2018\/07\/01-3-5.jpg",1024,684,false],"thumbnail":["http:\/\/tvalaire.com\/wp-content\/uploads\/2018\/07\/01-3-5-150x150.jpg",150,150,true],"medium":["http:\/\/tvalaire.com\/wp-content\/uploads\/2018\/07\/01-3-5-300x200.jpg",300,200,true],"medium_large":["http:\/\/tvalaire.com\/wp-content\/uploads\/2018\/07\/01-3-5-768x513.jpg",640,428,true],"large":["http:\/\/tvalaire.com\/wp-content\/uploads\/2018\/07\/01-3-5-1024x684.jpg",640,428,true],"post-slider-thumb-size":["http:\/\/tvalaire.com\/wp-content\/uploads\/2018\/07\/01-3-5.jpg",284,190,false],"post-category-slider-size":["http:\/\/tvalaire.com\/wp-content\/uploads\/2018\/07\/01-3-5.jpg",330,220,false],"1536x1536":["http:\/\/tvalaire.com\/wp-content\/uploads\/2018\/07\/01-3-5.jpg",1024,684,false],"2048x2048":["http:\/\/tvalaire.com\/wp-content\/uploads\/2018\/07\/01-3-5.jpg",1024,684,false],"newsium-slider-full":["http:\/\/tvalaire.com\/wp-content\/uploads\/2018\/07\/01-3-5.jpg",1024,684,false],"newsium-featured":["http:\/\/tvalaire.com\/wp-content\/uploads\/2018\/07\/01-3-5.jpg",1024,684,false],"newsium-medium":["http:\/\/tvalaire.com\/wp-content\/uploads\/2018\/07\/01-3-5.jpg",711,475,false]},"author_info":{"info":["tvalairenoti"]},"category_info":"<a href=\"http:\/\/tvalaire.com\/?cat=1\" rel=\"category\">La Piedad<\/a>","tag_info":"La Piedad","comment_count":"0","jetpack_featured_media_url":"http:\/\/tvalaire.com\/wp-content\/uploads\/2018\/07\/01-3-5.jpg","_links":{"self":[{"href":"http:\/\/tvalaire.com\/index.php?rest_route=\/wp\/v2\/posts\/3902"}],"collection":[{"href":"http:\/\/tvalaire.com\/index.php?rest_route=\/wp\/v2\/posts"}],"about":[{"href":"http:\/\/tvalaire.com\/index.php?rest_route=\/wp\/v2\/types\/post"}],"author":[{"embeddable":true,"href":"http:\/\/tvalaire.com\/index.php?rest_route=\/wp\/v2\/users\/1"}],"replies":[{"embeddable":true,"href":"http:\/\/tvalaire.com\/index.php?rest_route=%2Fwp%2Fv2%2Fcomments&post=3902"}],"version-history":[{"count":1,"href":"http:\/\/tvalaire.com\/index.php?rest_route=\/wp\/v2\/posts\/3902\/revisions"}],"predecessor-version":[{"id":3904,"href":"http:\/\/tvalaire.com\/index.php?rest_route=\/wp\/v2\/posts\/3902\/revisions\/3904"}],"wp:featuredmedia":[{"embeddable":true,"href":"http:\/\/tvalaire.com\/index.php?rest_route=\/wp\/v2\/media\/3903"}],"wp:attachment":[{"href":"http:\/\/tvalaire.com\/index.php?rest_route=%2Fwp%2Fv2%2Fmedia&parent=3902"}],"wp:term":[{"taxonomy":"category","embeddable":true,"href":"http:\/\/tvalaire.com\/index.php?rest_route=%2Fwp%2Fv2%2Fcategories&post=3902"},{"taxonomy":"post_tag","embeddable":true,"href":"http:\/\/tvalaire.com\/index.php?rest_route=%2Fwp%2Fv2%2Ftags&post=3902"}],"curies":[{"name":"wp","href":"https:\/\/api.w.org\/{rel}","templated":true}]}}