{"id":3890,"date":"2018-07-12T11:18:34","date_gmt":"2018-07-12T16:18:34","guid":{"rendered":"http:\/\/tvalaire.com\/?p=3890"},"modified":"2018-07-30T11:19:24","modified_gmt":"2018-07-30T16:19:24","slug":"este-sabado-iniciara-la-campana-masiva-reforesta-la-piedad-2018","status":"publish","type":"post","link":"http:\/\/tvalaire.com\/?p=3890","title":{"rendered":"ESTE S\u00c1BADO INICIAR\u00c1 LA CAMPA\u00d1A MASIVA \u201cREFORESTA LA PIEDAD 2018\u201d"},"content":{"rendered":"<p>Actividad que se realiza en conjunto con la Asociaci\u00f3n Interdisciplinaria de Salud P\u00fablica del Estado de Michoac\u00e1n<\/p>\n<p>El Gobierno Municipal a trav\u00e9s de la coordinaci\u00f3n de Ecolog\u00eda, arrancar\u00e1 este s\u00e1bado la segunda emisi\u00f3n de la campa\u00f1a denominada \u201cReforesta La Piedad 2018\u201d.<\/p>\n<p>El inicio de las actividades que se tienen contempladas ser\u00e1 a partir de las 09:00 horas en el Teatro del Pueblo y se realizar\u00e1 en coordinaci\u00f3n con la Asociaci\u00f3n Interdisciplinaria de Salud P\u00fablica del Estado de Michoac\u00e1n, as\u00ed como ciudadanos del municipio que apoyan estas acciones que son de beneficio com\u00fan.<\/p>\n<p>Durante el mismo acto, se har\u00e1 la invitaci\u00f3n general para que la poblaci\u00f3n que est\u00e9 interesada, pueda acercarse a solicitar la adopci\u00f3n de arbolitos o bien, para que se integren a la campa\u00f1a de reforestaci\u00f3n y colaboren con los activistas para apoyar en la plantaci\u00f3n de \u00e1rboles en algunos espacios p\u00fablicos o bien en sus domicilios.<\/p>\n<p>De igual manera, se invit\u00f3 a las instituciones p\u00fablicas y\/o educativas, para que acudan a la coordinaci\u00f3n de Ecolog\u00eda a hacer las solicitudes de plantas y \u00e1rboles que requieran, ya que \u00e9ste es el mejor momento de realizar dicha acci\u00f3n, pues la temporada pluvial ayuda a garantizar que los \u00e1rboles se mantengan.<\/p>\n","protected":false},"excerpt":{"rendered":"<p>Actividad que se realiza en conjunto con la Asociaci\u00f3n Interdisciplinaria de Salud P\u00fablica del Estado&#8230;<\/p>\n","protected":false},"author":1,"featured_media":3891,"comment_status":"open","ping_status":"open","sticky":false,"template":"","format":"standard","meta":{"jetpack_post_was_ever_published":false,"_jetpack_newsletter_access":"","_jetpack_dont_email_post_to_subs":false,"_jetpack_newsletter_tier_id":0,"_jetpack_memberships_contains_paywalled_content":false,"_jetpack_memberships_contains_paid_content":false,"footnotes":"","jetpack_publicize_message":"","jetpack_publicize_feature_enabled":true,"jetpack_social_post_already_shared":false,"jetpack_social_options":{"image_generator_settings":{"template":"highway","enabled":false},"version":2}},"categories":[1],"tags":[15,36],"class_list":["post-3890","post","type-post","status-publish","format-standard","has-post-thumbnail","hentry","category-la-piedad","tag-la-piedad","tag-principales"],"jetpack_publicize_connections":[],"jetpack_sharing_enabled":true,"featured_image_urls":{"full":["http:\/\/tvalaire.com\/wp-content\/uploads\/2018\/07\/01-7-2-1.jpg",1280,719,false],"thumbnail":["http:\/\/tvalaire.com\/wp-content\/uploads\/2018\/07\/01-7-2-1-150x150.jpg",150,150,true],"medium":["http:\/\/tvalaire.com\/wp-content\/uploads\/2018\/07\/01-7-2-1-300x169.jpg",300,169,true],"medium_large":["http:\/\/tvalaire.com\/wp-content\/uploads\/2018\/07\/01-7-2-1-768x431.jpg",640,359,true],"large":["http:\/\/tvalaire.com\/wp-content\/uploads\/2018\/07\/01-7-2-1-1024x575.jpg",640,359,true],"post-slider-thumb-size":["http:\/\/tvalaire.com\/wp-content\/uploads\/2018\/07\/01-7-2-1.jpg",330,185,false],"post-category-slider-size":["http:\/\/tvalaire.com\/wp-content\/uploads\/2018\/07\/01-7-2-1.jpg",330,185,false],"1536x1536":["http:\/\/tvalaire.com\/wp-content\/uploads\/2018\/07\/01-7-2-1.jpg",1280,719,false],"2048x2048":["http:\/\/tvalaire.com\/wp-content\/uploads\/2018\/07\/01-7-2-1.jpg",1280,719,false],"newsium-slider-full":["http:\/\/tvalaire.com\/wp-content\/uploads\/2018\/07\/01-7-2-1.jpg",1280,719,false],"newsium-featured":["http:\/\/tvalaire.com\/wp-content\/uploads\/2018\/07\/01-7-2-1.jpg",1024,575,false],"newsium-medium":["http:\/\/tvalaire.com\/wp-content\/uploads\/2018\/07\/01-7-2-1.jpg",720,404,false]},"author_info":{"info":["tvalairenoti"]},"category_info":"<a href=\"http:\/\/tvalaire.com\/?cat=1\" rel=\"category\">La Piedad<\/a>","tag_info":"La Piedad","comment_count":"0","jetpack_featured_media_url":"http:\/\/tvalaire.com\/wp-content\/uploads\/2018\/07\/01-7-2-1.jpg","_links":{"self":[{"href":"http:\/\/tvalaire.com\/index.php?rest_route=\/wp\/v2\/posts\/3890"}],"collection":[{"href":"http:\/\/tvalaire.com\/index.php?rest_route=\/wp\/v2\/posts"}],"about":[{"href":"http:\/\/tvalaire.com\/index.php?rest_route=\/wp\/v2\/types\/post"}],"author":[{"embeddable":true,"href":"http:\/\/tvalaire.com\/index.php?rest_route=\/wp\/v2\/users\/1"}],"replies":[{"embeddable":true,"href":"http:\/\/tvalaire.com\/index.php?rest_route=%2Fwp%2Fv2%2Fcomments&post=3890"}],"version-history":[{"count":1,"href":"http:\/\/tvalaire.com\/index.php?rest_route=\/wp\/v2\/posts\/3890\/revisions"}],"predecessor-version":[{"id":3892,"href":"http:\/\/tvalaire.com\/index.php?rest_route=\/wp\/v2\/posts\/3890\/revisions\/3892"}],"wp:featuredmedia":[{"embeddable":true,"href":"http:\/\/tvalaire.com\/index.php?rest_route=\/wp\/v2\/media\/3891"}],"wp:attachment":[{"href":"http:\/\/tvalaire.com\/index.php?rest_route=%2Fwp%2Fv2%2Fmedia&parent=3890"}],"wp:term":[{"taxonomy":"category","embeddable":true,"href":"http:\/\/tvalaire.com\/index.php?rest_route=%2Fwp%2Fv2%2Fcategories&post=3890"},{"taxonomy":"post_tag","embeddable":true,"href":"http:\/\/tvalaire.com\/index.php?rest_route=%2Fwp%2Fv2%2Ftags&post=3890"}],"curies":[{"name":"wp","href":"https:\/\/api.w.org\/{rel}","templated":true}]}}