{"id":3884,"date":"2018-07-11T11:16:38","date_gmt":"2018-07-11T16:16:38","guid":{"rendered":"http:\/\/tvalaire.com\/?p=3884"},"modified":"2018-07-30T11:17:10","modified_gmt":"2018-07-30T16:17:10","slug":"inicio-dif-los-curso-de-verano","status":"publish","type":"post","link":"http:\/\/tvalaire.com\/?p=3884","title":{"rendered":"INICI\u00d3 DIF LOS CURSO DE VERANO"},"content":{"rendered":"<p>La sede es el Centro Comunitario de la Vasco de Quiroga en horario de las 09:00 a las 14:00 horas<\/p>\n<p>El Sistema para el Desarrollo Integral de la Familia (DIF), arranc\u00f3 los cursos de verano que en esta ocasi\u00f3n se imparten en el Centro Comunitario de la colonia Vasco de Quiroga a los que asiste un promedio de 40 ni\u00f1os y ni\u00f1as quienes podr\u00e1n disfrutar de tres semanas de actividades deportivas, recreativas, educativas y convivencia con el medio ambiente.<\/p>\n<p>La directora del sistema DIF Carmen Judith Cabrera Salda\u00f1a, coment\u00f3 que el arranque se dio a partir de este lunes 9 de julio, con cursos que est\u00e1n enfocados a los peque\u00f1os de 5 a 10 a\u00f1os de edad, para lo cual las encargadas de los talleres dise\u00f1aron un plan de acuerdo a las edades agrup\u00e1ndolos por etapas de 5 a 6 a\u00f1os, 7 a 8 y 9 a 10.<\/p>\n<p>\u201cEl curso finaliza el viernes 27 de Julio y el personal que participa en los talleres, juegos y visitas guiadas son personas con experiencia en el manejo de grupos infantiles\u201d, expres\u00f3 la directora.<\/p>\n<p>\u201cActividades de manualidades, pintura, deporte, visitas al zool\u00f3gico de la ciudad y pl\u00e1ticas del cuidado del medio ambiente y temas de salud son algunas de las muchas acciones que se estar\u00e1n llevando a cabo durante estas tres semanas\u201d, finaliz\u00f3 Cabrera Salda\u00f1a.<\/p>\n<p>Para mayores informes comunicarse al tel\u00e9fono 52-2-01-22<\/p>\n","protected":false},"excerpt":{"rendered":"<p>La sede es el Centro Comunitario de la Vasco de Quiroga en horario de las&#8230;<\/p>\n","protected":false},"author":1,"featured_media":3885,"comment_status":"open","ping_status":"open","sticky":false,"template":"","format":"standard","meta":{"jetpack_post_was_ever_published":false,"_jetpack_newsletter_access":"","_jetpack_dont_email_post_to_subs":false,"_jetpack_newsletter_tier_id":0,"_jetpack_memberships_contains_paywalled_content":false,"_jetpack_memberships_contains_paid_content":false,"footnotes":"","jetpack_publicize_message":"","jetpack_publicize_feature_enabled":true,"jetpack_social_post_already_shared":false,"jetpack_social_options":{"image_generator_settings":{"template":"highway","enabled":false},"version":2}},"categories":[1],"tags":[15,36],"class_list":["post-3884","post","type-post","status-publish","format-standard","has-post-thumbnail","hentry","category-la-piedad","tag-la-piedad","tag-principales"],"jetpack_publicize_connections":[],"jetpack_sharing_enabled":true,"featured_image_urls":{"full":["http:\/\/tvalaire.com\/wp-content\/uploads\/2018\/07\/01-1-1.jpeg",1024,768,false],"thumbnail":["http:\/\/tvalaire.com\/wp-content\/uploads\/2018\/07\/01-1-1-150x150.jpeg",150,150,true],"medium":["http:\/\/tvalaire.com\/wp-content\/uploads\/2018\/07\/01-1-1-300x225.jpeg",300,225,true],"medium_large":["http:\/\/tvalaire.com\/wp-content\/uploads\/2018\/07\/01-1-1-768x576.jpeg",640,480,true],"large":["http:\/\/tvalaire.com\/wp-content\/uploads\/2018\/07\/01-1-1-1024x768.jpeg",640,480,true],"post-slider-thumb-size":["http:\/\/tvalaire.com\/wp-content\/uploads\/2018\/07\/01-1-1.jpeg",253,190,false],"post-category-slider-size":["http:\/\/tvalaire.com\/wp-content\/uploads\/2018\/07\/01-1-1.jpeg",330,248,false],"1536x1536":["http:\/\/tvalaire.com\/wp-content\/uploads\/2018\/07\/01-1-1.jpeg",1024,768,false],"2048x2048":["http:\/\/tvalaire.com\/wp-content\/uploads\/2018\/07\/01-1-1.jpeg",1024,768,false],"newsium-slider-full":["http:\/\/tvalaire.com\/wp-content\/uploads\/2018\/07\/01-1-1.jpeg",1024,768,false],"newsium-featured":["http:\/\/tvalaire.com\/wp-content\/uploads\/2018\/07\/01-1-1.jpeg",1024,768,false],"newsium-medium":["http:\/\/tvalaire.com\/wp-content\/uploads\/2018\/07\/01-1-1.jpeg",633,475,false]},"author_info":{"info":["tvalairenoti"]},"category_info":"<a href=\"http:\/\/tvalaire.com\/?cat=1\" rel=\"category\">La Piedad<\/a>","tag_info":"La Piedad","comment_count":"0","jetpack_featured_media_url":"http:\/\/tvalaire.com\/wp-content\/uploads\/2018\/07\/01-1-1.jpeg","_links":{"self":[{"href":"http:\/\/tvalaire.com\/index.php?rest_route=\/wp\/v2\/posts\/3884"}],"collection":[{"href":"http:\/\/tvalaire.com\/index.php?rest_route=\/wp\/v2\/posts"}],"about":[{"href":"http:\/\/tvalaire.com\/index.php?rest_route=\/wp\/v2\/types\/post"}],"author":[{"embeddable":true,"href":"http:\/\/tvalaire.com\/index.php?rest_route=\/wp\/v2\/users\/1"}],"replies":[{"embeddable":true,"href":"http:\/\/tvalaire.com\/index.php?rest_route=%2Fwp%2Fv2%2Fcomments&post=3884"}],"version-history":[{"count":1,"href":"http:\/\/tvalaire.com\/index.php?rest_route=\/wp\/v2\/posts\/3884\/revisions"}],"predecessor-version":[{"id":3886,"href":"http:\/\/tvalaire.com\/index.php?rest_route=\/wp\/v2\/posts\/3884\/revisions\/3886"}],"wp:featuredmedia":[{"embeddable":true,"href":"http:\/\/tvalaire.com\/index.php?rest_route=\/wp\/v2\/media\/3885"}],"wp:attachment":[{"href":"http:\/\/tvalaire.com\/index.php?rest_route=%2Fwp%2Fv2%2Fmedia&parent=3884"}],"wp:term":[{"taxonomy":"category","embeddable":true,"href":"http:\/\/tvalaire.com\/index.php?rest_route=%2Fwp%2Fv2%2Fcategories&post=3884"},{"taxonomy":"post_tag","embeddable":true,"href":"http:\/\/tvalaire.com\/index.php?rest_route=%2Fwp%2Fv2%2Ftags&post=3884"}],"curies":[{"name":"wp","href":"https:\/\/api.w.org\/{rel}","templated":true}]}}