{"id":3863,"date":"2018-07-09T11:08:03","date_gmt":"2018-07-09T16:08:03","guid":{"rendered":"http:\/\/tvalaire.com\/?p=3863"},"modified":"2018-07-30T11:09:17","modified_gmt":"2018-07-30T16:09:17","slug":"se-convoca-al-certamen-para-elegir-reina-de-fiestas-patrias","status":"publish","type":"post","link":"http:\/\/tvalaire.com\/?p=3863","title":{"rendered":"SE CONVOCA AL CERTAMEN PARA ELEGIR REINA DE FIESTAS PATRIAS"},"content":{"rendered":"<p>La fecha l\u00edmite de inscripci\u00f3n es el 27 de julio en tres diferentes dependencias de gobierno<\/p>\n<p>El Gobierno Municipal de La Piedad, a trav\u00e9s del Comit\u00e9 de Festejos Patrios hace la invitaci\u00f3n a las jovencitas de la ciudad para que sean part\u00edcipes y se inscriban en el Certamen de Fiestas Patrias 2018.<\/p>\n<p>En relaci\u00f3n con la convocatoria que se publica, las j\u00f3venes interesadas deben cumplir con algunos de los requisitos que a continuaci\u00f3n se mencionan: ser originaria y vecina de este municipio o tener como m\u00ednimo 5 a\u00f1os viviendo en La Piedad, de igual manera deben tener entre 17 y 26 a\u00f1os.<\/p>\n<p>Tendr\u00e1n que tener estudios de preparatoria, en curso o concluido el nivel; ser soltera y no haber estado casada.<\/p>\n<p>Para ser registrada como participante a partir de la publicaci\u00f3n de esta informaci\u00f3n y hasta el 27 de julio las aspirantes deben acudir a la direcci\u00f3n de Educaci\u00f3n en la calle Matamoros # 39 o marcar al tel\u00e9fono 52 2 18 74.<\/p>\n<p>Tambi\u00e9n se les puede atender en las instalaciones del DIF de la localidad que se ubica en Enrique Ram\u00edrez #75 o bien llamar a los tel\u00e9fonos 52 2 71 30 y al 52 2 01 22 para que les brinden mayores informes.<\/p>\n<p>De igual manera el Instituto de la Mujer (IMM) que se ubica en la calle Guerrero #130 les pueden ayudar con m\u00e1s informaci\u00f3n al respecto del evento, as\u00ed como en el tel\u00e9fono 52 2 78 52<\/p>\n","protected":false},"excerpt":{"rendered":"<p>La fecha l\u00edmite de inscripci\u00f3n es el 27 de julio en tres diferentes dependencias de&#8230;<\/p>\n","protected":false},"author":1,"featured_media":3864,"comment_status":"open","ping_status":"open","sticky":false,"template":"","format":"standard","meta":{"jetpack_post_was_ever_published":false,"_jetpack_newsletter_access":"","_jetpack_dont_email_post_to_subs":false,"_jetpack_newsletter_tier_id":0,"_jetpack_memberships_contains_paywalled_content":false,"_jetpack_memberships_contains_paid_content":false,"footnotes":"","jetpack_publicize_message":"","jetpack_publicize_feature_enabled":true,"jetpack_social_post_already_shared":false,"jetpack_social_options":{"image_generator_settings":{"template":"highway","enabled":false},"version":2}},"categories":[1],"tags":[15,36],"class_list":["post-3863","post","type-post","status-publish","format-standard","has-post-thumbnail","hentry","category-la-piedad","tag-la-piedad","tag-principales"],"jetpack_publicize_connections":[],"jetpack_sharing_enabled":true,"featured_image_urls":{"full":["http:\/\/tvalaire.com\/wp-content\/uploads\/2018\/07\/Convocatoria-reina-fiestaas-patrias-2018.jpg",3300,5100,false],"thumbnail":["http:\/\/tvalaire.com\/wp-content\/uploads\/2018\/07\/Convocatoria-reina-fiestaas-patrias-2018-150x150.jpg",150,150,true],"medium":["http:\/\/tvalaire.com\/wp-content\/uploads\/2018\/07\/Convocatoria-reina-fiestaas-patrias-2018-194x300.jpg",194,300,true],"medium_large":["http:\/\/tvalaire.com\/wp-content\/uploads\/2018\/07\/Convocatoria-reina-fiestaas-patrias-2018-768x1187.jpg",640,989,true],"large":["http:\/\/tvalaire.com\/wp-content\/uploads\/2018\/07\/Convocatoria-reina-fiestaas-patrias-2018-663x1024.jpg",640,988,true],"post-slider-thumb-size":["http:\/\/tvalaire.com\/wp-content\/uploads\/2018\/07\/Convocatoria-reina-fiestaas-patrias-2018.jpg",123,190,false],"post-category-slider-size":["http:\/\/tvalaire.com\/wp-content\/uploads\/2018\/07\/Convocatoria-reina-fiestaas-patrias-2018.jpg",226,350,false],"1536x1536":["http:\/\/tvalaire.com\/wp-content\/uploads\/2018\/07\/Convocatoria-reina-fiestaas-patrias-2018.jpg",994,1536,false],"2048x2048":["http:\/\/tvalaire.com\/wp-content\/uploads\/2018\/07\/Convocatoria-reina-fiestaas-patrias-2018.jpg",1325,2048,false],"newsium-slider-full":["http:\/\/tvalaire.com\/wp-content\/uploads\/2018\/07\/Convocatoria-reina-fiestaas-patrias-2018.jpg",547,845,false],"newsium-featured":["http:\/\/tvalaire.com\/wp-content\/uploads\/2018\/07\/Convocatoria-reina-fiestaas-patrias-2018.jpg",1024,1583,false],"newsium-medium":["http:\/\/tvalaire.com\/wp-content\/uploads\/2018\/07\/Convocatoria-reina-fiestaas-patrias-2018.jpg",307,475,false]},"author_info":{"info":["tvalairenoti"]},"category_info":"<a href=\"http:\/\/tvalaire.com\/?cat=1\" rel=\"category\">La Piedad<\/a>","tag_info":"La Piedad","comment_count":"0","jetpack_featured_media_url":"http:\/\/tvalaire.com\/wp-content\/uploads\/2018\/07\/Convocatoria-reina-fiestaas-patrias-2018.jpg","_links":{"self":[{"href":"http:\/\/tvalaire.com\/index.php?rest_route=\/wp\/v2\/posts\/3863"}],"collection":[{"href":"http:\/\/tvalaire.com\/index.php?rest_route=\/wp\/v2\/posts"}],"about":[{"href":"http:\/\/tvalaire.com\/index.php?rest_route=\/wp\/v2\/types\/post"}],"author":[{"embeddable":true,"href":"http:\/\/tvalaire.com\/index.php?rest_route=\/wp\/v2\/users\/1"}],"replies":[{"embeddable":true,"href":"http:\/\/tvalaire.com\/index.php?rest_route=%2Fwp%2Fv2%2Fcomments&post=3863"}],"version-history":[{"count":1,"href":"http:\/\/tvalaire.com\/index.php?rest_route=\/wp\/v2\/posts\/3863\/revisions"}],"predecessor-version":[{"id":3865,"href":"http:\/\/tvalaire.com\/index.php?rest_route=\/wp\/v2\/posts\/3863\/revisions\/3865"}],"wp:featuredmedia":[{"embeddable":true,"href":"http:\/\/tvalaire.com\/index.php?rest_route=\/wp\/v2\/media\/3864"}],"wp:attachment":[{"href":"http:\/\/tvalaire.com\/index.php?rest_route=%2Fwp%2Fv2%2Fmedia&parent=3863"}],"wp:term":[{"taxonomy":"category","embeddable":true,"href":"http:\/\/tvalaire.com\/index.php?rest_route=%2Fwp%2Fv2%2Fcategories&post=3863"},{"taxonomy":"post_tag","embeddable":true,"href":"http:\/\/tvalaire.com\/index.php?rest_route=%2Fwp%2Fv2%2Ftags&post=3863"}],"curies":[{"name":"wp","href":"https:\/\/api.w.org\/{rel}","templated":true}]}}