{"id":3854,"date":"2018-07-06T11:04:11","date_gmt":"2018-07-06T16:04:11","guid":{"rendered":"http:\/\/tvalaire.com\/?p=3854"},"modified":"2018-07-30T11:04:52","modified_gmt":"2018-07-30T16:04:52","slug":"convoca-dif-a-la-campana-de-operaciones-de-cataratas-o-problemas-de-retina","status":"publish","type":"post","link":"http:\/\/tvalaire.com\/?p=3854","title":{"rendered":"CONVOCA DIF A LA CAMPA\u00d1A DE OPERACIONES DE CATARATAS O PROBLEMAS DE RETINA"},"content":{"rendered":"<p>Esta ser\u00e1 la s\u00e9ptima ocasi\u00f3n que se llevan personas con este tipo de padecimientos para que sean intervenidos quir\u00fargicamente en la CDMX por parte de la Fundaci\u00f3n Sala Uno<\/p>\n<p>El Sistema para el Desarrollo Integral de la Familia (DIF) La Piedad, abri\u00f3 la convocatoria para las jornadas de operaciones de cataratas que se realizar\u00e1n del 13 al 15 de agosto en la Ciudad de M\u00e9xico con la \u201cFundaci\u00f3n Sala Uno\u201d y donde tambi\u00e9n se atender\u00e1n personas que tengan problemas de retina.<\/p>\n<p>Con esta jornada son 18 que se hacen durante los \u00faltimos tres a\u00f1os favoreciendo a 244 personas y 125 en este \u00faltimo a\u00f1o.<\/p>\n<p>Las personas que sean candidatos a las operaciones pueden acudir a las instalaciones del DIF al \u00e1rea de campa\u00f1as para que se les pueda hacer su expediente y donde se les brinde la informaci\u00f3n general sobre la documentaci\u00f3n que necesitan para qu\u00e9 sean intervenidos.<\/p>\n<p>\u201cSon tres d\u00edas donde los o las candidatas a operaciones deber\u00e1n de estar en la Ciudad de M\u00e9xico ya que el primer d\u00eda se les hace la revisi\u00f3n, el segundo d\u00eda la cirug\u00eda y el tercer d\u00eda para que se puedan recuperar\u201d, puntualizo la directora Carmen Judith Cabrera Salda\u00f1a.<\/p>\n<p>Peri\u00f3dicamente se est\u00e1n llevando grupos de personas para que puedan ser operados de su vista y donde tambi\u00e9n se aprovecha el viaje para llevar algunas otras para ser revisadas, ya que por parte de la fundaci\u00f3n se les brinda seguimiento y tratamiento sin ning\u00fan costo, adem\u00e1s ahora ya se cuenta con especialistas en Oftalmopediatr\u00eda.<\/p>\n<p>Las personas que son operadas de las cataratas no pagan nada de su cirug\u00eda, \u00fanicamente un costo m\u00ednimo de transporte, all\u00e1 se les brinda hospedaje por medio de los albergues cercanos a donde son operados.<\/p>\n<p>Tambi\u00e9n pueden comunicarse al tel\u00e9fono 5-22-01-22 para mayores informes.<\/p>\n","protected":false},"excerpt":{"rendered":"<p>Esta ser\u00e1 la s\u00e9ptima ocasi\u00f3n que se llevan personas con este tipo de padecimientos para&#8230;<\/p>\n","protected":false},"author":1,"featured_media":3855,"comment_status":"open","ping_status":"open","sticky":false,"template":"","format":"standard","meta":{"jetpack_post_was_ever_published":false,"_jetpack_newsletter_access":"","_jetpack_dont_email_post_to_subs":false,"_jetpack_newsletter_tier_id":0,"_jetpack_memberships_contains_paywalled_content":false,"_jetpack_memberships_contains_paid_content":false,"footnotes":"","jetpack_publicize_message":"","jetpack_publicize_feature_enabled":true,"jetpack_social_post_already_shared":false,"jetpack_social_options":{"image_generator_settings":{"template":"highway","enabled":false},"version":2}},"categories":[1],"tags":[15,36],"class_list":["post-3854","post","type-post","status-publish","format-standard","has-post-thumbnail","hentry","category-la-piedad","tag-la-piedad","tag-principales"],"jetpack_publicize_connections":[],"jetpack_sharing_enabled":true,"featured_image_urls":{"full":["http:\/\/tvalaire.com\/wp-content\/uploads\/2018\/07\/01-2-1-1.jpg",1024,683,false],"thumbnail":["http:\/\/tvalaire.com\/wp-content\/uploads\/2018\/07\/01-2-1-1-150x150.jpg",150,150,true],"medium":["http:\/\/tvalaire.com\/wp-content\/uploads\/2018\/07\/01-2-1-1-300x200.jpg",300,200,true],"medium_large":["http:\/\/tvalaire.com\/wp-content\/uploads\/2018\/07\/01-2-1-1-768x512.jpg",640,427,true],"large":["http:\/\/tvalaire.com\/wp-content\/uploads\/2018\/07\/01-2-1-1-1024x683.jpg",640,427,true],"post-slider-thumb-size":["http:\/\/tvalaire.com\/wp-content\/uploads\/2018\/07\/01-2-1-1.jpg",285,190,false],"post-category-slider-size":["http:\/\/tvalaire.com\/wp-content\/uploads\/2018\/07\/01-2-1-1.jpg",330,220,false],"1536x1536":["http:\/\/tvalaire.com\/wp-content\/uploads\/2018\/07\/01-2-1-1.jpg",1024,683,false],"2048x2048":["http:\/\/tvalaire.com\/wp-content\/uploads\/2018\/07\/01-2-1-1.jpg",1024,683,false],"newsium-slider-full":["http:\/\/tvalaire.com\/wp-content\/uploads\/2018\/07\/01-2-1-1.jpg",1024,683,false],"newsium-featured":["http:\/\/tvalaire.com\/wp-content\/uploads\/2018\/07\/01-2-1-1.jpg",1024,683,false],"newsium-medium":["http:\/\/tvalaire.com\/wp-content\/uploads\/2018\/07\/01-2-1-1.jpg",712,475,false]},"author_info":{"info":["tvalairenoti"]},"category_info":"<a href=\"http:\/\/tvalaire.com\/?cat=1\" rel=\"category\">La Piedad<\/a>","tag_info":"La Piedad","comment_count":"0","jetpack_featured_media_url":"http:\/\/tvalaire.com\/wp-content\/uploads\/2018\/07\/01-2-1-1.jpg","_links":{"self":[{"href":"http:\/\/tvalaire.com\/index.php?rest_route=\/wp\/v2\/posts\/3854"}],"collection":[{"href":"http:\/\/tvalaire.com\/index.php?rest_route=\/wp\/v2\/posts"}],"about":[{"href":"http:\/\/tvalaire.com\/index.php?rest_route=\/wp\/v2\/types\/post"}],"author":[{"embeddable":true,"href":"http:\/\/tvalaire.com\/index.php?rest_route=\/wp\/v2\/users\/1"}],"replies":[{"embeddable":true,"href":"http:\/\/tvalaire.com\/index.php?rest_route=%2Fwp%2Fv2%2Fcomments&post=3854"}],"version-history":[{"count":1,"href":"http:\/\/tvalaire.com\/index.php?rest_route=\/wp\/v2\/posts\/3854\/revisions"}],"predecessor-version":[{"id":3856,"href":"http:\/\/tvalaire.com\/index.php?rest_route=\/wp\/v2\/posts\/3854\/revisions\/3856"}],"wp:featuredmedia":[{"embeddable":true,"href":"http:\/\/tvalaire.com\/index.php?rest_route=\/wp\/v2\/media\/3855"}],"wp:attachment":[{"href":"http:\/\/tvalaire.com\/index.php?rest_route=%2Fwp%2Fv2%2Fmedia&parent=3854"}],"wp:term":[{"taxonomy":"category","embeddable":true,"href":"http:\/\/tvalaire.com\/index.php?rest_route=%2Fwp%2Fv2%2Fcategories&post=3854"},{"taxonomy":"post_tag","embeddable":true,"href":"http:\/\/tvalaire.com\/index.php?rest_route=%2Fwp%2Fv2%2Ftags&post=3854"}],"curies":[{"name":"wp","href":"https:\/\/api.w.org\/{rel}","templated":true}]}}