{"id":3851,"date":"2018-07-06T11:02:33","date_gmt":"2018-07-06T16:02:33","guid":{"rendered":"http:\/\/tvalaire.com\/?p=3851"},"modified":"2018-07-30T11:03:26","modified_gmt":"2018-07-30T16:03:26","slug":"el-16-de-julio-inicia-el-programa-mis-vacaciones-en-la-biblioteca-2018","status":"publish","type":"post","link":"http:\/\/tvalaire.com\/?p=3851","title":{"rendered":"EL 16 DE JULIO INICIA EL PROGRAMA \u201cMIS VACACIONES EN LA BIBLIOTECA 2018\u201d"},"content":{"rendered":"<p>La convocatoria para las inscripciones est\u00e1 abierta en todos los acervos culturales del municipio<\/p>\n<p>Como cada a\u00f1o, el Gobierno Municipal a trav\u00e9s de las bibliotecas locales pondr\u00e1 en marcha el programa \u201cMis vacaciones en la biblioteca 2018\u201d, a trav\u00e9s del cual se pondr\u00e1n a disposici\u00f3n de los padres de familia diversos talleres de verano para que inscriban a sus hijos durante este periodo de vacaciones escolares.<\/p>\n<p>Los cursos son totalmente gratuitos y podr\u00e1n acceder a \u00e9l, todas las madres de familia que acudan a partir de ahora a las bibliotecas p\u00fablicas y que cuenten con ni\u00f1os en edad de los 8 a los 13 a\u00f1os.<\/p>\n<p>El inicio de los talleres ser\u00e1 a partir del 16 de julio y concluir\u00e1n el 3 de agosto y se impartir\u00e1n de lunes a viernes en horarios de las 11:00 a las 13:00 horas durante la ma\u00f1ana y por la tarde de las 16:00 a las 18:00 horas.<\/p>\n<p>En total son cuatro los talleres a los cuales podr\u00e1n acceder como son: el de Cuenta cuentos y desastres; Quiroga y sus m\u00e1gicos relatos; La lectura un camino para la Cultura de la paz y Una ojeada a las culturas del mundo.<\/p>\n<p>Cristi\u00e1n Meza coordinador del bibliotecas municipales, inform\u00f3 que en la \u00fanica biblioteca en la que se iniciar\u00e1n los talleres a partir de este lunes 9 de julio es en la de El Cuitzillo, el resto de los acervos todos arrancar\u00e1n el 16 de este mismo mes.<\/p>\n<p>Por lo que invit\u00f3 a los padres de familia a acudir a la biblioteca m\u00e1s cercana para inscribir a sus hijos.<\/p>\n","protected":false},"excerpt":{"rendered":"<p>La convocatoria para las inscripciones est\u00e1 abierta en todos los acervos culturales del municipio Como&#8230;<\/p>\n","protected":false},"author":1,"featured_media":3852,"comment_status":"open","ping_status":"open","sticky":false,"template":"","format":"standard","meta":{"jetpack_post_was_ever_published":false,"_jetpack_newsletter_access":"","_jetpack_dont_email_post_to_subs":false,"_jetpack_newsletter_tier_id":0,"_jetpack_memberships_contains_paywalled_content":false,"_jetpack_memberships_contains_paid_content":false,"footnotes":"","jetpack_publicize_message":"","jetpack_publicize_feature_enabled":true,"jetpack_social_post_already_shared":false,"jetpack_social_options":{"image_generator_settings":{"template":"highway","enabled":false},"version":2}},"categories":[1],"tags":[15,36],"class_list":["post-3851","post","type-post","status-publish","format-standard","has-post-thumbnail","hentry","category-la-piedad","tag-la-piedad","tag-principales"],"jetpack_publicize_connections":[],"jetpack_sharing_enabled":true,"featured_image_urls":{"full":["http:\/\/tvalaire.com\/wp-content\/uploads\/2018\/07\/1-3.jpg",1024,684,false],"thumbnail":["http:\/\/tvalaire.com\/wp-content\/uploads\/2018\/07\/1-3-150x150.jpg",150,150,true],"medium":["http:\/\/tvalaire.com\/wp-content\/uploads\/2018\/07\/1-3-300x200.jpg",300,200,true],"medium_large":["http:\/\/tvalaire.com\/wp-content\/uploads\/2018\/07\/1-3-768x513.jpg",640,428,true],"large":["http:\/\/tvalaire.com\/wp-content\/uploads\/2018\/07\/1-3-1024x684.jpg",640,428,true],"post-slider-thumb-size":["http:\/\/tvalaire.com\/wp-content\/uploads\/2018\/07\/1-3.jpg",284,190,false],"post-category-slider-size":["http:\/\/tvalaire.com\/wp-content\/uploads\/2018\/07\/1-3.jpg",330,220,false],"1536x1536":["http:\/\/tvalaire.com\/wp-content\/uploads\/2018\/07\/1-3.jpg",1024,684,false],"2048x2048":["http:\/\/tvalaire.com\/wp-content\/uploads\/2018\/07\/1-3.jpg",1024,684,false],"newsium-slider-full":["http:\/\/tvalaire.com\/wp-content\/uploads\/2018\/07\/1-3.jpg",1024,684,false],"newsium-featured":["http:\/\/tvalaire.com\/wp-content\/uploads\/2018\/07\/1-3.jpg",1024,684,false],"newsium-medium":["http:\/\/tvalaire.com\/wp-content\/uploads\/2018\/07\/1-3.jpg",711,475,false]},"author_info":{"info":["tvalairenoti"]},"category_info":"<a href=\"http:\/\/tvalaire.com\/?cat=1\" rel=\"category\">La Piedad<\/a>","tag_info":"La Piedad","comment_count":"0","jetpack_featured_media_url":"http:\/\/tvalaire.com\/wp-content\/uploads\/2018\/07\/1-3.jpg","_links":{"self":[{"href":"http:\/\/tvalaire.com\/index.php?rest_route=\/wp\/v2\/posts\/3851"}],"collection":[{"href":"http:\/\/tvalaire.com\/index.php?rest_route=\/wp\/v2\/posts"}],"about":[{"href":"http:\/\/tvalaire.com\/index.php?rest_route=\/wp\/v2\/types\/post"}],"author":[{"embeddable":true,"href":"http:\/\/tvalaire.com\/index.php?rest_route=\/wp\/v2\/users\/1"}],"replies":[{"embeddable":true,"href":"http:\/\/tvalaire.com\/index.php?rest_route=%2Fwp%2Fv2%2Fcomments&post=3851"}],"version-history":[{"count":1,"href":"http:\/\/tvalaire.com\/index.php?rest_route=\/wp\/v2\/posts\/3851\/revisions"}],"predecessor-version":[{"id":3853,"href":"http:\/\/tvalaire.com\/index.php?rest_route=\/wp\/v2\/posts\/3851\/revisions\/3853"}],"wp:featuredmedia":[{"embeddable":true,"href":"http:\/\/tvalaire.com\/index.php?rest_route=\/wp\/v2\/media\/3852"}],"wp:attachment":[{"href":"http:\/\/tvalaire.com\/index.php?rest_route=%2Fwp%2Fv2%2Fmedia&parent=3851"}],"wp:term":[{"taxonomy":"category","embeddable":true,"href":"http:\/\/tvalaire.com\/index.php?rest_route=%2Fwp%2Fv2%2Fcategories&post=3851"},{"taxonomy":"post_tag","embeddable":true,"href":"http:\/\/tvalaire.com\/index.php?rest_route=%2Fwp%2Fv2%2Ftags&post=3851"}],"curies":[{"name":"wp","href":"https:\/\/api.w.org\/{rel}","templated":true}]}}