{"id":3848,"date":"2018-07-05T11:01:29","date_gmt":"2018-07-05T16:01:29","guid":{"rendered":"http:\/\/tvalaire.com\/?p=3848"},"modified":"2018-07-30T11:02:26","modified_gmt":"2018-07-30T16:02:26","slug":"inician-inscripciones-para-curso-de-verano-del-dif-municipal-de-la-piedad","status":"publish","type":"post","link":"http:\/\/tvalaire.com\/?p=3848","title":{"rendered":"INICIAN INSCRIPCIONES PARA CURSO DE VERANO DEL DIF MUNICIPAL DE\u00a0LA\u00a0PIEDAD"},"content":{"rendered":"<p class=\"x_gmail-p2\"><b>El curso dura tres semanas y a los ni\u00f1os se les brinda el material necesario para sus actividades<\/b><\/p>\n<p class=\"x_gmail-p4\">El Sistema para el Desarrollo Integral de\u00a0<span class=\"markhgi24tsl7\" data-markjs=\"true\">la<\/span>\u00a0Familia (DIF)\u00a0<span class=\"markhgi24tsl7\" data-markjs=\"true\">La<\/span>\u00a0<span class=\"markbuto8jo5a\" data-markjs=\"true\">Piedad<\/span>\u00a0invita al curso de verano que da inicio este 9 de julio al viernes 27, los ni\u00f1os podr\u00e1n realizar actividades de manualidades, pintura, deporte, visitas al zool\u00f3gico de\u00a0<span class=\"markhgi24tsl7\" data-markjs=\"true\">la<\/span>\u00a0ciudad y p<span class=\"markhgi24tsl7\" data-markjs=\"true\">l\u00e1<\/span>ticas del cuidado del medio ambiente y temas de salud.<span class=\"x_gmail-Apple-converted-space\">\u00a0<\/span><\/p>\n<p class=\"x_gmail-p4\"><span class=\"markhgi24tsl7\" data-markjs=\"true\">La<\/span>s inscripciones se realizan en el \u00e1rea de Psicolog\u00eda del DIF en un\u00a0<span class=\"mark9zl70ed4y\" data-markjs=\"true\">h<\/span>orario de 9 de\u00a0<span class=\"markhgi24tsl7\" data-markjs=\"true\">la<\/span>\u00a0ma\u00f1ana a 2 de\u00a0<span class=\"markhgi24tsl7\" data-markjs=\"true\">la<\/span>\u00a0tarde.<\/p>\n<p class=\"x_gmail-p4\">Carmen Judit<span class=\"mark9zl70ed4y\" data-markjs=\"true\">h<\/span>\u00a0Cabrera Salda\u00f1a, directora del sistema DIF coment\u00f3 que estas actividades son con\u00a0<span class=\"markhgi24tsl7\" data-markjs=\"true\">la<\/span>\u00a0finalidad de que los peque\u00f1os que est\u00e1n en periodo vacacional puedan convivir con m\u00e1s ni\u00f1os y\u00a0<span class=\"mark9zl70ed4y\" data-markjs=\"true\">h<\/span>acer cosas diferentes a\u00a0<span class=\"markhgi24tsl7\" data-markjs=\"true\">la<\/span>s que realizan en su escue<span class=\"markhgi24tsl7\" data-markjs=\"true\">la<\/span>, este curso est\u00e1 dise\u00f1ado para infantes de 5 a 10 a\u00f1os.<\/p>\n<p class=\"x_gmail-p4\">Puntualiz\u00f3 que el lugar donde se llevar\u00e1 a cabo el curso es en el centro comunitario de\u00a0<span class=\"markhgi24tsl7\" data-markjs=\"true\">la<\/span>\u00a0colonia Vasco de Quiroga y a<span class=\"mark9zl70ed4y\" data-markjs=\"true\">h<\/span>\u00ed se les brindar\u00e1 el material a los ni\u00f1os para\u00a0<span class=\"mark9zl70ed4y\" data-markjs=\"true\">h<\/span>acer sus actividades en los diversos talleres, adem\u00e1s se agrupan a los peque\u00f1os en etapas de 5 a 6 a\u00f1os y de 7 a 8 y de 9 a 10.<\/p>\n<p class=\"x_gmail-p4\">Para mayores informes comunicarse al tel\u00e9fono 52-2-01-22<\/p>\n","protected":false},"excerpt":{"rendered":"<p>El curso dura tres semanas y a los ni\u00f1os se les brinda el material necesario&#8230;<\/p>\n","protected":false},"author":1,"featured_media":3849,"comment_status":"open","ping_status":"open","sticky":false,"template":"","format":"standard","meta":{"jetpack_post_was_ever_published":false,"_jetpack_newsletter_access":"","_jetpack_dont_email_post_to_subs":false,"_jetpack_newsletter_tier_id":0,"_jetpack_memberships_contains_paywalled_content":false,"_jetpack_memberships_contains_paid_content":false,"footnotes":"","jetpack_publicize_message":"","jetpack_publicize_feature_enabled":true,"jetpack_social_post_already_shared":false,"jetpack_social_options":{"image_generator_settings":{"template":"highway","enabled":false},"version":2}},"categories":[1],"tags":[15,36],"class_list":["post-3848","post","type-post","status-publish","format-standard","has-post-thumbnail","hentry","category-la-piedad","tag-la-piedad","tag-principales"],"jetpack_publicize_connections":[],"jetpack_sharing_enabled":true,"featured_image_urls":{"full":["http:\/\/tvalaire.com\/wp-content\/uploads\/2018\/07\/descarga-1.png",1100,733,false],"thumbnail":["http:\/\/tvalaire.com\/wp-content\/uploads\/2018\/07\/descarga-1-150x150.png",150,150,true],"medium":["http:\/\/tvalaire.com\/wp-content\/uploads\/2018\/07\/descarga-1-300x200.png",300,200,true],"medium_large":["http:\/\/tvalaire.com\/wp-content\/uploads\/2018\/07\/descarga-1-768x512.png",640,427,true],"large":["http:\/\/tvalaire.com\/wp-content\/uploads\/2018\/07\/descarga-1-1024x682.png",640,426,true],"post-slider-thumb-size":["http:\/\/tvalaire.com\/wp-content\/uploads\/2018\/07\/descarga-1.png",285,190,false],"post-category-slider-size":["http:\/\/tvalaire.com\/wp-content\/uploads\/2018\/07\/descarga-1.png",330,220,false],"1536x1536":["http:\/\/tvalaire.com\/wp-content\/uploads\/2018\/07\/descarga-1.png",1100,733,false],"2048x2048":["http:\/\/tvalaire.com\/wp-content\/uploads\/2018\/07\/descarga-1.png",1100,733,false],"newsium-slider-full":["http:\/\/tvalaire.com\/wp-content\/uploads\/2018\/07\/descarga-1.png",1100,733,false],"newsium-featured":["http:\/\/tvalaire.com\/wp-content\/uploads\/2018\/07\/descarga-1.png",1024,682,false],"newsium-medium":["http:\/\/tvalaire.com\/wp-content\/uploads\/2018\/07\/descarga-1.png",713,475,false]},"author_info":{"info":["tvalairenoti"]},"category_info":"<a href=\"http:\/\/tvalaire.com\/?cat=1\" rel=\"category\">La Piedad<\/a>","tag_info":"La Piedad","comment_count":"0","jetpack_featured_media_url":"http:\/\/tvalaire.com\/wp-content\/uploads\/2018\/07\/descarga-1.png","_links":{"self":[{"href":"http:\/\/tvalaire.com\/index.php?rest_route=\/wp\/v2\/posts\/3848"}],"collection":[{"href":"http:\/\/tvalaire.com\/index.php?rest_route=\/wp\/v2\/posts"}],"about":[{"href":"http:\/\/tvalaire.com\/index.php?rest_route=\/wp\/v2\/types\/post"}],"author":[{"embeddable":true,"href":"http:\/\/tvalaire.com\/index.php?rest_route=\/wp\/v2\/users\/1"}],"replies":[{"embeddable":true,"href":"http:\/\/tvalaire.com\/index.php?rest_route=%2Fwp%2Fv2%2Fcomments&post=3848"}],"version-history":[{"count":1,"href":"http:\/\/tvalaire.com\/index.php?rest_route=\/wp\/v2\/posts\/3848\/revisions"}],"predecessor-version":[{"id":3850,"href":"http:\/\/tvalaire.com\/index.php?rest_route=\/wp\/v2\/posts\/3848\/revisions\/3850"}],"wp:featuredmedia":[{"embeddable":true,"href":"http:\/\/tvalaire.com\/index.php?rest_route=\/wp\/v2\/media\/3849"}],"wp:attachment":[{"href":"http:\/\/tvalaire.com\/index.php?rest_route=%2Fwp%2Fv2%2Fmedia&parent=3848"}],"wp:term":[{"taxonomy":"category","embeddable":true,"href":"http:\/\/tvalaire.com\/index.php?rest_route=%2Fwp%2Fv2%2Fcategories&post=3848"},{"taxonomy":"post_tag","embeddable":true,"href":"http:\/\/tvalaire.com\/index.php?rest_route=%2Fwp%2Fv2%2Ftags&post=3848"}],"curies":[{"name":"wp","href":"https:\/\/api.w.org\/{rel}","templated":true}]}}