{"id":3845,"date":"2018-07-05T11:00:33","date_gmt":"2018-07-05T16:00:33","guid":{"rendered":"http:\/\/tvalaire.com\/?p=3845"},"modified":"2018-07-30T11:01:23","modified_gmt":"2018-07-30T16:01:23","slug":"este-lunes-comienza-el-pago-de-becas-municipales","status":"publish","type":"post","link":"http:\/\/tvalaire.com\/?p=3845","title":{"rendered":"ESTE LUNES COMIENZA EL PAGO DE BECAS MUNICIPALES"},"content":{"rendered":"<p class=\"x_gmail-p2\"><b>Se pide a su vez a los beneficiarios que concluir\u00e1n un nivel e ingresar\u00e1n a otro estar pendientes del registro para\u00a0<span class=\"markn3cbna8ok\" data-markjs=\"true\">la<\/span>s nuevas becas<\/b><\/p>\n<p class=\"x_gmail-p4\">A partir del lunes 9 de julio, se\u00a0<span class=\"markecj9n61ta\" data-markjs=\"true\">h<\/span>ar\u00e1\u00a0<span class=\"markn3cbna8ok\" data-markjs=\"true\">la<\/span>\u00a0entrega oficial de\u00a0<span class=\"markn3cbna8ok\" data-markjs=\"true\">la<\/span>s becas municipales a los m\u00e1s de 4 mil 200 alumnos que son beneficiados en esta ciudad.<\/p>\n<p class=\"x_gmail-p4\"><span class=\"markn3cbna8ok\" data-markjs=\"true\">La<\/span>s listas con\u00a0<span class=\"markn3cbna8ok\" data-markjs=\"true\">la<\/span>\u00a0programaci\u00f3n de los pagos se encuentran ya publicadas en los pasillos de Presidencia Municipal y en\u00a0<span class=\"markn3cbna8ok\" data-markjs=\"true\">la<\/span>\u00a0direcci\u00f3n de Educaci\u00f3n, por lo que se invita a\u00a0<span class=\"markn3cbna8ok\" data-markjs=\"true\">la<\/span>s personas interesadas a revisar\u00a0<span class=\"markn3cbna8ok\" data-markjs=\"true\">la<\/span>s fec<span class=\"markecj9n61ta\" data-markjs=\"true\">h<\/span>as establecidas para que puedan acudir a tiempo.<\/p>\n<p class=\"x_gmail-p4\">Aunque cabe ac<span class=\"markn3cbna8ok\" data-markjs=\"true\">la<\/span>rar, que quienes no acudan en los tiempos ya contemp<span class=\"markn3cbna8ok\" data-markjs=\"true\">la<\/span>dos, tienen 10 d\u00edas\u00a0<span class=\"markecj9n61ta\" data-markjs=\"true\">h<\/span>\u00e1biles posterior a esa fec<span class=\"markecj9n61ta\" data-markjs=\"true\">h<\/span>a, para que acudan a Tesorer\u00eda a cobrar.<\/p>\n<p class=\"x_gmail-p4\">Seg\u00fan\u00a0<span class=\"markn3cbna8ok\" data-markjs=\"true\">la<\/span>\u00a0programaci\u00f3n establecida, durante los d\u00edas lunes, martes y mi\u00e9rcoles se destinar\u00e1n para\u00a0<span class=\"markn3cbna8ok\" data-markjs=\"true\">la<\/span>\u00a0entrega de\u00a0<span class=\"markn3cbna8ok\" data-markjs=\"true\">la<\/span>s becas para alumnos del nivel de Primarias, el jueves 12 de julio se otorgar\u00e1n\u00a0<span class=\"markn3cbna8ok\" data-markjs=\"true\">la<\/span>s de Secundaria y Telesecundarias y el viernes 13 de julio para\u00a0<span class=\"markn3cbna8ok\" data-markjs=\"true\">la<\/span>s Preparatorias y Universidades, as\u00ed como\u00a0<span class=\"markn3cbna8ok\" data-markjs=\"true\">la<\/span>s de excelencia.<\/p>\n<p class=\"x_gmail-p4\">En el caso de los alumnos que\u00a0<span class=\"markecj9n61ta\" data-markjs=\"true\">h<\/span>ayan terminado este a\u00f1o alg\u00fan nivel educativo (ya sea primaria, secundaria o preparatoria), se les pide estar pendientes de los avisos que d\u00e9 a conocer el Gobierno Municipal a trav\u00e9s de\u00a0<span class=\"markn3cbna8ok\" data-markjs=\"true\">la<\/span>\u00a0direcci\u00f3n de Educaci\u00f3n, sobre\u00a0<span class=\"markn3cbna8ok\" data-markjs=\"true\">la<\/span>s nuevas fec<span class=\"markecj9n61ta\" data-markjs=\"true\">h<\/span>as para solicitar beca nueva.<\/p>\n<p class=\"x_gmail-p4\">Lo mismo, para los beneficiados que pasan de grado esco<span class=\"markn3cbna8ok\" data-markjs=\"true\">la<\/span>r para que acudan a tiempo a renovar su apoyo municipal.<\/p>\n","protected":false},"excerpt":{"rendered":"<p>Se pide a su vez a los beneficiarios que concluir\u00e1n un nivel e ingresar\u00e1n a&#8230;<\/p>\n","protected":false},"author":1,"featured_media":3846,"comment_status":"open","ping_status":"open","sticky":false,"template":"","format":"standard","meta":{"jetpack_post_was_ever_published":false,"_jetpack_newsletter_access":"","_jetpack_dont_email_post_to_subs":false,"_jetpack_newsletter_tier_id":0,"_jetpack_memberships_contains_paywalled_content":false,"_jetpack_memberships_contains_paid_content":false,"footnotes":"","jetpack_publicize_message":"","jetpack_publicize_feature_enabled":true,"jetpack_social_post_already_shared":false,"jetpack_social_options":{"image_generator_settings":{"template":"highway","enabled":false},"version":2}},"categories":[1],"tags":[15,36],"class_list":["post-3845","post","type-post","status-publish","format-standard","has-post-thumbnail","hentry","category-la-piedad","tag-la-piedad","tag-principales"],"jetpack_publicize_connections":[],"jetpack_sharing_enabled":true,"featured_image_urls":{"full":["http:\/\/tvalaire.com\/wp-content\/uploads\/2018\/07\/descarga.png",1024,683,false],"thumbnail":["http:\/\/tvalaire.com\/wp-content\/uploads\/2018\/07\/descarga-150x150.png",150,150,true],"medium":["http:\/\/tvalaire.com\/wp-content\/uploads\/2018\/07\/descarga-300x200.png",300,200,true],"medium_large":["http:\/\/tvalaire.com\/wp-content\/uploads\/2018\/07\/descarga-768x512.png",640,427,true],"large":["http:\/\/tvalaire.com\/wp-content\/uploads\/2018\/07\/descarga-1024x683.png",640,427,true],"post-slider-thumb-size":["http:\/\/tvalaire.com\/wp-content\/uploads\/2018\/07\/descarga.png",285,190,false],"post-category-slider-size":["http:\/\/tvalaire.com\/wp-content\/uploads\/2018\/07\/descarga.png",330,220,false],"1536x1536":["http:\/\/tvalaire.com\/wp-content\/uploads\/2018\/07\/descarga.png",1024,683,false],"2048x2048":["http:\/\/tvalaire.com\/wp-content\/uploads\/2018\/07\/descarga.png",1024,683,false],"newsium-slider-full":["http:\/\/tvalaire.com\/wp-content\/uploads\/2018\/07\/descarga.png",1024,683,false],"newsium-featured":["http:\/\/tvalaire.com\/wp-content\/uploads\/2018\/07\/descarga.png",1024,683,false],"newsium-medium":["http:\/\/tvalaire.com\/wp-content\/uploads\/2018\/07\/descarga.png",712,475,false]},"author_info":{"info":["tvalairenoti"]},"category_info":"<a href=\"http:\/\/tvalaire.com\/?cat=1\" rel=\"category\">La Piedad<\/a>","tag_info":"La Piedad","comment_count":"0","jetpack_featured_media_url":"http:\/\/tvalaire.com\/wp-content\/uploads\/2018\/07\/descarga.png","_links":{"self":[{"href":"http:\/\/tvalaire.com\/index.php?rest_route=\/wp\/v2\/posts\/3845"}],"collection":[{"href":"http:\/\/tvalaire.com\/index.php?rest_route=\/wp\/v2\/posts"}],"about":[{"href":"http:\/\/tvalaire.com\/index.php?rest_route=\/wp\/v2\/types\/post"}],"author":[{"embeddable":true,"href":"http:\/\/tvalaire.com\/index.php?rest_route=\/wp\/v2\/users\/1"}],"replies":[{"embeddable":true,"href":"http:\/\/tvalaire.com\/index.php?rest_route=%2Fwp%2Fv2%2Fcomments&post=3845"}],"version-history":[{"count":1,"href":"http:\/\/tvalaire.com\/index.php?rest_route=\/wp\/v2\/posts\/3845\/revisions"}],"predecessor-version":[{"id":3847,"href":"http:\/\/tvalaire.com\/index.php?rest_route=\/wp\/v2\/posts\/3845\/revisions\/3847"}],"wp:featuredmedia":[{"embeddable":true,"href":"http:\/\/tvalaire.com\/index.php?rest_route=\/wp\/v2\/media\/3846"}],"wp:attachment":[{"href":"http:\/\/tvalaire.com\/index.php?rest_route=%2Fwp%2Fv2%2Fmedia&parent=3845"}],"wp:term":[{"taxonomy":"category","embeddable":true,"href":"http:\/\/tvalaire.com\/index.php?rest_route=%2Fwp%2Fv2%2Fcategories&post=3845"},{"taxonomy":"post_tag","embeddable":true,"href":"http:\/\/tvalaire.com\/index.php?rest_route=%2Fwp%2Fv2%2Ftags&post=3845"}],"curies":[{"name":"wp","href":"https:\/\/api.w.org\/{rel}","templated":true}]}}