{"id":3807,"date":"2018-06-25T10:14:25","date_gmt":"2018-06-25T15:14:25","guid":{"rendered":"http:\/\/tvalaire.com\/?p=3807"},"modified":"2018-07-04T10:15:46","modified_gmt":"2018-07-04T15:15:46","slug":"cierran-compuerta-del-rio-a-la-altura-del-cbtis-84","status":"publish","type":"post","link":"http:\/\/tvalaire.com\/?p=3807","title":{"rendered":"CIERRAN COMPUERTA DEL R\u00cdO A\u00a0LA\u00a0ALTURA DEL CBTIS 84"},"content":{"rendered":"<p class=\"x_MsoNormal\">Debido a\u00a0<span class=\"marktukx2if87\" data-markjs=\"true\">la<\/span>s lluvias registradas en el municipio, personal de\u00a0<span class=\"marktukx2if87\" data-markjs=\"true\">la<\/span>\u00a0Unidad de Protecci\u00f3n Civil,<span class=\"marktukx2if87\" data-markjs=\"true\">la<\/span>\u00a0coordinaci\u00f3n de Ecolog\u00eda con el apoyo de\u00a0<span class=\"marktukx2if87\" data-markjs=\"true\">la<\/span>\u00a0Comisi\u00f3n Nacional del Agua de Santa Ana, cerraron\u00a0<span class=\"marktukx2if87\" data-markjs=\"true\">la<\/span>s compuertas del r\u00edo a\u00a0<span class=\"marktukx2if87\" data-markjs=\"true\">la<\/span>\u00a0altura del CBTIS 84 y colocaron dos bombas para extraer el agua del cauce al dren y bajar el nivel del Lerma para impedir afectaciones.<\/p>\n<p class=\"x_MsoNormal\">Lo anterior, como parte de\u00a0<span class=\"marktukx2if87\" data-markjs=\"true\">la<\/span>s acciones que realizan los gobiernos y\u00a0<span class=\"marktukx2if87\" data-markjs=\"true\">la<\/span>s instancias de protecci\u00f3n civil, para impedir en\u00a0<span class=\"marktukx2if87\" data-markjs=\"true\">la<\/span>\u00a0medida de lo posible afectaciones a\u00a0<span class=\"marktukx2if87\" data-markjs=\"true\">la<\/span>s zonas<span class=\"markf985qx0p5\" data-markjs=\"true\">h<\/span>abitadas de ambos municipios colindantes (<span class=\"marktukx2if87\" data-markjs=\"true\">La<\/span>\u00a0<span class=\"marklnhqb16q4\" data-markjs=\"true\">Piedad<\/span>\u00a0y P\u00e9njamo).<\/p>\n<p class=\"x_MsoNormal\">Y es que este domingo producto de\u00a0<span class=\"marktukx2if87\" data-markjs=\"true\">la<\/span>\u00a0tormenta registrada el s\u00e1bado por\u00a0<span class=\"marktukx2if87\" data-markjs=\"true\">la<\/span>\u00a0noc<span class=\"markf985qx0p5\" data-markjs=\"true\">h<\/span>e,\u00a0<span class=\"marktukx2if87\" data-markjs=\"true\">la<\/span>creciente del r\u00edo\u00a0<span class=\"markf985qx0p5\" data-markjs=\"true\">h<\/span>izo que se saliera el agua por algunos puntos afectados, \u00e1reas de Santa Ana en el municipio de P\u00e9njamo y alert\u00f3 a\u00a0<span class=\"marktukx2if87\" data-markjs=\"true\">la<\/span>s instancias y corporaciones locales, quienes de inmediato pusieron en marc<span class=\"markf985qx0p5\" data-markjs=\"true\">h<\/span>a un programa de trabajo que consisti\u00f3 en\u00a0<span class=\"marktukx2if87\" data-markjs=\"true\">la<\/span>extracci\u00f3n de agua del r\u00edo Lerma y el cierre de\u00a0<span class=\"marktukx2if87\" data-markjs=\"true\">la<\/span>s compuertas a\u00a0<span class=\"marktukx2if87\" data-markjs=\"true\">la<\/span>\u00a0altura del CBTIS 84, para impedir que el agua se regrese por el cauce a\u00a0<span class=\"marktukx2if87\" data-markjs=\"true\">la<\/span>\u00a0zona urbana de\u00a0<span class=\"marktukx2if87\" data-markjs=\"true\">La<\/span>\u00a0<span class=\"marklnhqb16q4\" data-markjs=\"true\">Piedad<\/span>.<\/p>\n<p class=\"x_MsoNormal\">Juan N\u00fa\u00f1ez Naranjo, responsable de\u00a0<span class=\"marktukx2if87\" data-markjs=\"true\">la<\/span>\u00a0unidad de Protecci\u00f3n Civil inform\u00f3 que\u00a0<span class=\"marktukx2if87\" data-markjs=\"true\">la<\/span>s zonas que est\u00e1n siendo constantemente vigi<span class=\"marktukx2if87\" data-markjs=\"true\">la<\/span>das son el r\u00edo y el arroyo 5 de Oros, con\u00a0<span class=\"marktukx2if87\" data-markjs=\"true\">la<\/span>finalidad de evitar afectaciones a\u00a0<span class=\"marktukx2if87\" data-markjs=\"true\">la<\/span>s personas que\u00a0<span class=\"markf985qx0p5\" data-markjs=\"true\">h<\/span>abitan en estos puntos, as\u00ed como en El Malec\u00f3n y avenida Malec\u00f3n, \u00e9sta \u00faltima ayer fue cerrada a\u00a0<span class=\"marktukx2if87\" data-markjs=\"true\">la<\/span>\u00a0circu<span class=\"marktukx2if87\" data-markjs=\"true\">la<\/span>ci\u00f3n por unos momentos con\u00a0<span class=\"marktukx2if87\" data-markjs=\"true\">la<\/span>\u00a0finalidad de extraer el agua que\u00a0<span class=\"markf985qx0p5\" data-markjs=\"true\">h<\/span>ab\u00eda debido a\u00a0<span class=\"marktukx2if87\" data-markjs=\"true\">la<\/span>\u00a0creciente del r\u00edo.<\/p>\n<p class=\"x_MsoNormal\">Autoridades municipales y\u00a0<span class=\"marktukx2if87\" data-markjs=\"true\">la<\/span>\u00a0Comisi\u00f3n Nacional de Agua realizan vigi<span class=\"marktukx2if87\" data-markjs=\"true\">la<\/span>ncia permanente para evitar afectaciones o alertar a tiempo a\u00a0<span class=\"marktukx2if87\" data-markjs=\"true\">la<\/span>s personas que pudieran ser afectadas.<\/p>\n","protected":false},"excerpt":{"rendered":"<p>Debido a\u00a0las lluvias registradas en el municipio, personal de\u00a0la\u00a0Unidad de Protecci\u00f3n Civil,la\u00a0coordinaci\u00f3n de Ecolog\u00eda con&#8230;<\/p>\n","protected":false},"author":1,"featured_media":3808,"comment_status":"open","ping_status":"open","sticky":false,"template":"","format":"standard","meta":{"jetpack_post_was_ever_published":false,"_jetpack_newsletter_access":"","_jetpack_dont_email_post_to_subs":false,"_jetpack_newsletter_tier_id":0,"_jetpack_memberships_contains_paywalled_content":false,"_jetpack_memberships_contains_paid_content":false,"footnotes":"","jetpack_publicize_message":"","jetpack_publicize_feature_enabled":true,"jetpack_social_post_already_shared":false,"jetpack_social_options":{"image_generator_settings":{"template":"highway","enabled":false},"version":2}},"categories":[1],"tags":[15,36],"class_list":["post-3807","post","type-post","status-publish","format-standard","has-post-thumbnail","hentry","category-la-piedad","tag-la-piedad","tag-principales"],"jetpack_publicize_connections":[],"jetpack_sharing_enabled":true,"featured_image_urls":{"full":["http:\/\/tvalaire.com\/wp-content\/uploads\/2018\/07\/01-1.jpeg",1280,719,false],"thumbnail":["http:\/\/tvalaire.com\/wp-content\/uploads\/2018\/07\/01-1-150x150.jpeg",150,150,true],"medium":["http:\/\/tvalaire.com\/wp-content\/uploads\/2018\/07\/01-1-300x169.jpeg",300,169,true],"medium_large":["http:\/\/tvalaire.com\/wp-content\/uploads\/2018\/07\/01-1-768x431.jpeg",640,359,true],"large":["http:\/\/tvalaire.com\/wp-content\/uploads\/2018\/07\/01-1-1024x575.jpeg",640,359,true],"post-slider-thumb-size":["http:\/\/tvalaire.com\/wp-content\/uploads\/2018\/07\/01-1.jpeg",330,185,false],"post-category-slider-size":["http:\/\/tvalaire.com\/wp-content\/uploads\/2018\/07\/01-1.jpeg",330,185,false],"1536x1536":["http:\/\/tvalaire.com\/wp-content\/uploads\/2018\/07\/01-1.jpeg",1280,719,false],"2048x2048":["http:\/\/tvalaire.com\/wp-content\/uploads\/2018\/07\/01-1.jpeg",1280,719,false],"newsium-slider-full":["http:\/\/tvalaire.com\/wp-content\/uploads\/2018\/07\/01-1.jpeg",1280,719,false],"newsium-featured":["http:\/\/tvalaire.com\/wp-content\/uploads\/2018\/07\/01-1.jpeg",1024,575,false],"newsium-medium":["http:\/\/tvalaire.com\/wp-content\/uploads\/2018\/07\/01-1.jpeg",720,404,false]},"author_info":{"info":["tvalairenoti"]},"category_info":"<a href=\"http:\/\/tvalaire.com\/?cat=1\" rel=\"category\">La Piedad<\/a>","tag_info":"La Piedad","comment_count":"0","jetpack_featured_media_url":"http:\/\/tvalaire.com\/wp-content\/uploads\/2018\/07\/01-1.jpeg","_links":{"self":[{"href":"http:\/\/tvalaire.com\/index.php?rest_route=\/wp\/v2\/posts\/3807"}],"collection":[{"href":"http:\/\/tvalaire.com\/index.php?rest_route=\/wp\/v2\/posts"}],"about":[{"href":"http:\/\/tvalaire.com\/index.php?rest_route=\/wp\/v2\/types\/post"}],"author":[{"embeddable":true,"href":"http:\/\/tvalaire.com\/index.php?rest_route=\/wp\/v2\/users\/1"}],"replies":[{"embeddable":true,"href":"http:\/\/tvalaire.com\/index.php?rest_route=%2Fwp%2Fv2%2Fcomments&post=3807"}],"version-history":[{"count":1,"href":"http:\/\/tvalaire.com\/index.php?rest_route=\/wp\/v2\/posts\/3807\/revisions"}],"predecessor-version":[{"id":3809,"href":"http:\/\/tvalaire.com\/index.php?rest_route=\/wp\/v2\/posts\/3807\/revisions\/3809"}],"wp:featuredmedia":[{"embeddable":true,"href":"http:\/\/tvalaire.com\/index.php?rest_route=\/wp\/v2\/media\/3808"}],"wp:attachment":[{"href":"http:\/\/tvalaire.com\/index.php?rest_route=%2Fwp%2Fv2%2Fmedia&parent=3807"}],"wp:term":[{"taxonomy":"category","embeddable":true,"href":"http:\/\/tvalaire.com\/index.php?rest_route=%2Fwp%2Fv2%2Fcategories&post=3807"},{"taxonomy":"post_tag","embeddable":true,"href":"http:\/\/tvalaire.com\/index.php?rest_route=%2Fwp%2Fv2%2Ftags&post=3807"}],"curies":[{"name":"wp","href":"https:\/\/api.w.org\/{rel}","templated":true}]}}