{"id":3804,"date":"2018-06-25T10:09:40","date_gmt":"2018-06-25T15:09:40","guid":{"rendered":"http:\/\/tvalaire.com\/?p=3804"},"modified":"2018-07-04T10:13:44","modified_gmt":"2018-07-04T15:13:44","slug":"ser-responsables-con-el-ambiente-exhorto-en-inicio-de-reforesta-la-piedad","status":"publish","type":"post","link":"http:\/\/tvalaire.com\/?p=3804","title":{"rendered":"SER RESPONSABLES CON EL AMBIENTE EXHORT\u00d3 EN INICIO DE \u201cREFORESTA\u00a0LA\u00a0PIEDAD\u201d"},"content":{"rendered":"<p class=\"x_MsoNormal\" align=\"center\">\n<p class=\"x_MsoNormal\"><span lang=\"ES\">El promotor de\u00a0<span class=\"mark81mhm30az\" data-markjs=\"true\">la<\/span>\u00a0Carta de\u00a0<span class=\"mark81mhm30az\" data-markjs=\"true\">la<\/span>\u00a0Tierra, Mateo Alfredo Castillo Ceja ofreci\u00f3 este s\u00e1bado por<span class=\"mark81mhm30az\" data-markjs=\"true\">la<\/span>\u00a0tarde\u00a0<span class=\"mark81mhm30az\" data-markjs=\"true\">la<\/span>\u00a0conferencia \u201cPrincipios y valores para\u00a0<span class=\"mark81mhm30az\" data-markjs=\"true\">la<\/span>\u00a0sustentabilidad del ser\u201d, con\u00a0<span class=\"mark81mhm30az\" data-markjs=\"true\">la<\/span>\u00a0cual arranc\u00f3 el programa \u201cReforesta\u00a0<span class=\"mark81mhm30az\" data-markjs=\"true\">La<\/span>\u00a0<span class=\"mark0onbqxxur\" data-markjs=\"true\">Piedad<\/span>\u201d, mediante el cual dio inicio una campa\u00f1a de reforestaci\u00f3n masiva en por lo menos 10 puntos en\u00a0<span class=\"mark81mhm30az\" data-markjs=\"true\">la<\/span>\u00a0ciudad.<\/span><\/p>\n<p class=\"x_MsoNormal\"><span lang=\"ES\"><span class=\"mark81mhm30az\" data-markjs=\"true\">La<\/span>\u00a0conferencia que ofreci\u00f3 el promotor de\u00a0<span class=\"mark81mhm30az\" data-markjs=\"true\">la<\/span>\u00a0Carta de\u00a0<span class=\"mark81mhm30az\" data-markjs=\"true\">la<\/span>\u00a0Tierra de\u00a0<span class=\"mark81mhm30az\" data-markjs=\"true\">la<\/span>\u00a0UNESCO, se llev\u00f3 a cabo en\u00a0<span class=\"mark81mhm30az\" data-markjs=\"true\">La<\/span>\u00a0Escue<span class=\"mark81mhm30az\" data-markjs=\"true\">la<\/span>\u00a0de Artes y estuvo apoyada por\u00a0<span class=\"mark81mhm30az\" data-markjs=\"true\">la<\/span>\u00a0coordinaci\u00f3n de Ecolog\u00eda del municipio, as\u00ed como asociaciones que promueven el respeto por el medio ambiente como<span class=\"mark81mhm30az\" data-markjs=\"true\">la<\/span>\u00a0Asociaci\u00f3n de Salud P\u00fablica en Mic<span class=\"markq5lrlo6on\" data-markjs=\"true\">h<\/span>oac\u00e1n, representada por Jos\u00e9 Francisco Flores Mora y Cint<span class=\"markq5lrlo6on\" data-markjs=\"true\">h<\/span>ia Ana<span class=\"markq5lrlo6on\" data-markjs=\"true\">h<\/span>\u00ed Estrada Tafol<span class=\"mark81mhm30az\" data-markjs=\"true\">la<\/span>,\u00a0<span class=\"mark81mhm30az\" data-markjs=\"true\">la<\/span>\u00a0coordinaci\u00f3n de Ecolog\u00eda, as\u00ed como representantes de Juventud Viral, quienes se unieron de manera activa a\u00a0<span class=\"mark81mhm30az\" data-markjs=\"true\">la<\/span>\u00a0p<span class=\"mark81mhm30az\" data-markjs=\"true\">la<\/span>ntaci\u00f3n y cuidado de \u00e1rboles.<\/span><\/p>\n<p class=\"x_MsoNormal\"><span lang=\"ES\">Los puntos en los que se realiza\u00a0<span class=\"mark81mhm30az\" data-markjs=\"true\">la<\/span>\u00a0p<span class=\"mark81mhm30az\" data-markjs=\"true\">la<\/span>ntaci\u00f3n de \u00e1rboles son: Colonia\u00a0<span class=\"mark81mhm30az\" data-markjs=\"true\">L\u00e1<\/span>zaro C\u00e1rdenas, Camelinas, Magisterial, margen del Pante\u00f3n Municipal, camell\u00f3n del bulevar\u00a0<span class=\"mark81mhm30az\" data-markjs=\"true\">L\u00e1<\/span>zaro C\u00e1rdenas, FOVISSSTE, calles cercanas al CBTIS 84, Unidades Deportivas de\u00a0<span class=\"mark81mhm30az\" data-markjs=\"true\">la<\/span>\u00a0Ciudad, Ciclopista,\u00a0<span class=\"markq5lrlo6on\" data-markjs=\"true\">H<\/span>ospital General de\u00a0<span class=\"mark81mhm30az\" data-markjs=\"true\">La<\/span>\u00a0<span class=\"mark0onbqxxur\" data-markjs=\"true\">Piedad<\/span>, Instituto Tecnol\u00f3gico, Parque Morelos y el camell\u00f3n del bulevar Juan Pablo II.<\/span><\/p>\n<p class=\"x_MsoNormal\"><span lang=\"ES\">Castillo Ceja elogi\u00f3 el que\u00a0<span class=\"markq5lrlo6on\" data-markjs=\"true\">h<\/span>aya asociaciones locales interesados en\u00a0<span class=\"mark81mhm30az\" data-markjs=\"true\">la<\/span>\u00a0p<span class=\"mark81mhm30az\" data-markjs=\"true\">la<\/span>ntaci\u00f3n de \u00e1rboles, pero los invit\u00f3 a su vez a cuidar de cada uno de ellos m\u00e1s en estos momentos en los que el p<span class=\"mark81mhm30az\" data-markjs=\"true\">la<\/span>neta enfrenta una crisis social, en donde debido a esto, ya\u00a0<span class=\"markq5lrlo6on\" data-markjs=\"true\">h<\/span>ay ciudades que no tienen agua como Ciudad del Cabo en \u00c1frica o los problemas por el agua que ya enfrentan ciudades vecinas como Guada<span class=\"mark81mhm30az\" data-markjs=\"true\">la<\/span>jara y Morelia en donde se\u00a0<span class=\"markq5lrlo6on\" data-markjs=\"true\">h<\/span>a dec<span class=\"mark81mhm30az\" data-markjs=\"true\">la<\/span>rado que tienen asegurado el recurso solo por 15 a\u00f1os m\u00e1s, de a<span class=\"markq5lrlo6on\" data-markjs=\"true\">h<\/span>\u00ed que se debe trabajar para disminuir los consumos y ve<span class=\"mark81mhm30az\" data-markjs=\"true\">la<\/span>r por nuestra naturaleza con acciones como\u00a0<span class=\"mark81mhm30az\" data-markjs=\"true\">la<\/span>s que a<span class=\"markq5lrlo6on\" data-markjs=\"true\">h<\/span>ora emprende\u00a0<span class=\"mark81mhm30az\" data-markjs=\"true\">La<\/span>\u00a0<span class=\"mark0onbqxxur\" data-markjs=\"true\">Piedad<\/span>\u00a0con el programa Reforesta.<\/span><\/p>\n<p class=\"x_MsoNormal\"><span lang=\"ES\">Mencion\u00f3 que\u00a0<span class=\"markq5lrlo6on\" data-markjs=\"true\">h<\/span>ay dos maneras de morir en el mundo, una por\u00a0<span class=\"mark81mhm30az\" data-markjs=\"true\">la<\/span>s m\u00e1quinas destructivas que con solo apretar un bot\u00f3n pueden ocasionar\u00a0<span class=\"mark81mhm30az\" data-markjs=\"true\">la<\/span>\u00a0muerte de muc<span class=\"markq5lrlo6on\" data-markjs=\"true\">h<\/span>as personas, otra es por los rezagos ocasionados por\u00a0<span class=\"mark81mhm30az\" data-markjs=\"true\">la<\/span>\u00a0contaminaci\u00f3n ambiental, de a<span class=\"markq5lrlo6on\" data-markjs=\"true\">h<\/span>\u00ed que es necesario enriquecer con acciones como \u00e9sta a nuestro ecosistema.<\/span><\/p>\n<p class=\"x_MsoNormal\"><span lang=\"ES\">Promovi\u00f3 a su vez\u00a0<span class=\"mark81mhm30az\" data-markjs=\"true\">la<\/span>\u00a0Carta de\u00a0<span class=\"mark81mhm30az\" data-markjs=\"true\">la<\/span>\u00a0Tierra que propone acciones co<span class=\"markq5lrlo6on\" data-markjs=\"true\">h<\/span>erentes para\u00a0<span class=\"mark81mhm30az\" data-markjs=\"true\">la<\/span>\u00a0vida y que es a su vez una respuesta a los problemas que se viven\u00a0<span class=\"markq5lrlo6on\" data-markjs=\"true\">h<\/span>oy en d\u00eda en\u00a0<span class=\"mark81mhm30az\" data-markjs=\"true\">la<\/span>\u00a0tierra mediante cuatro ejes que son: Cuidado a\u00a0<span class=\"mark81mhm30az\" data-markjs=\"true\">la<\/span>\u00a0tierra, a\u00a0<span class=\"mark81mhm30az\" data-markjs=\"true\">la<\/span>\u00a0integridad ecol\u00f3gica,\u00a0<span class=\"mark81mhm30az\" data-markjs=\"true\">la<\/span>\u00a0justicia social y no a\u00a0<span class=\"mark81mhm30az\" data-markjs=\"true\">la<\/span>\u00a0violencia.<\/span><\/p>\n","protected":false},"excerpt":{"rendered":"<p>El promotor de\u00a0la\u00a0Carta de\u00a0la\u00a0Tierra, Mateo Alfredo Castillo Ceja ofreci\u00f3 este s\u00e1bado porla\u00a0tarde\u00a0la\u00a0conferencia \u201cPrincipios y valores&#8230;<\/p>\n","protected":false},"author":1,"featured_media":3805,"comment_status":"open","ping_status":"open","sticky":false,"template":"","format":"standard","meta":{"jetpack_post_was_ever_published":false,"_jetpack_newsletter_access":"","_jetpack_dont_email_post_to_subs":false,"_jetpack_newsletter_tier_id":0,"_jetpack_memberships_contains_paywalled_content":false,"_jetpack_memberships_contains_paid_content":false,"footnotes":"","jetpack_publicize_message":"","jetpack_publicize_feature_enabled":true,"jetpack_social_post_already_shared":false,"jetpack_social_options":{"image_generator_settings":{"template":"highway","enabled":false},"version":2}},"categories":[1],"tags":[15,36],"class_list":["post-3804","post","type-post","status-publish","format-standard","has-post-thumbnail","hentry","category-la-piedad","tag-la-piedad","tag-principales"],"jetpack_publicize_connections":[],"jetpack_sharing_enabled":true,"featured_image_urls":{"full":["http:\/\/tvalaire.com\/wp-content\/uploads\/2018\/07\/01-7.jpg",6000,4000,false],"thumbnail":["http:\/\/tvalaire.com\/wp-content\/uploads\/2018\/07\/01-7-150x150.jpg",150,150,true],"medium":["http:\/\/tvalaire.com\/wp-content\/uploads\/2018\/07\/01-7-300x200.jpg",300,200,true],"medium_large":["http:\/\/tvalaire.com\/wp-content\/uploads\/2018\/07\/01-7-768x512.jpg",640,427,true],"large":["http:\/\/tvalaire.com\/wp-content\/uploads\/2018\/07\/01-7-1024x683.jpg",640,427,true],"post-slider-thumb-size":["http:\/\/tvalaire.com\/wp-content\/uploads\/2018\/07\/01-7.jpg",285,190,false],"post-category-slider-size":["http:\/\/tvalaire.com\/wp-content\/uploads\/2018\/07\/01-7.jpg",330,220,false],"1536x1536":["http:\/\/tvalaire.com\/wp-content\/uploads\/2018\/07\/01-7.jpg",1536,1024,false],"2048x2048":["http:\/\/tvalaire.com\/wp-content\/uploads\/2018\/07\/01-7.jpg",2048,1365,false],"newsium-slider-full":["http:\/\/tvalaire.com\/wp-content\/uploads\/2018\/07\/01-7.jpg",1268,845,false],"newsium-featured":["http:\/\/tvalaire.com\/wp-content\/uploads\/2018\/07\/01-7.jpg",1024,683,false],"newsium-medium":["http:\/\/tvalaire.com\/wp-content\/uploads\/2018\/07\/01-7.jpg",713,475,false]},"author_info":{"info":["tvalairenoti"]},"category_info":"<a href=\"http:\/\/tvalaire.com\/?cat=1\" rel=\"category\">La Piedad<\/a>","tag_info":"La Piedad","comment_count":"0","jetpack_featured_media_url":"http:\/\/tvalaire.com\/wp-content\/uploads\/2018\/07\/01-7.jpg","_links":{"self":[{"href":"http:\/\/tvalaire.com\/index.php?rest_route=\/wp\/v2\/posts\/3804"}],"collection":[{"href":"http:\/\/tvalaire.com\/index.php?rest_route=\/wp\/v2\/posts"}],"about":[{"href":"http:\/\/tvalaire.com\/index.php?rest_route=\/wp\/v2\/types\/post"}],"author":[{"embeddable":true,"href":"http:\/\/tvalaire.com\/index.php?rest_route=\/wp\/v2\/users\/1"}],"replies":[{"embeddable":true,"href":"http:\/\/tvalaire.com\/index.php?rest_route=%2Fwp%2Fv2%2Fcomments&post=3804"}],"version-history":[{"count":1,"href":"http:\/\/tvalaire.com\/index.php?rest_route=\/wp\/v2\/posts\/3804\/revisions"}],"predecessor-version":[{"id":3806,"href":"http:\/\/tvalaire.com\/index.php?rest_route=\/wp\/v2\/posts\/3804\/revisions\/3806"}],"wp:featuredmedia":[{"embeddable":true,"href":"http:\/\/tvalaire.com\/index.php?rest_route=\/wp\/v2\/media\/3805"}],"wp:attachment":[{"href":"http:\/\/tvalaire.com\/index.php?rest_route=%2Fwp%2Fv2%2Fmedia&parent=3804"}],"wp:term":[{"taxonomy":"category","embeddable":true,"href":"http:\/\/tvalaire.com\/index.php?rest_route=%2Fwp%2Fv2%2Fcategories&post=3804"},{"taxonomy":"post_tag","embeddable":true,"href":"http:\/\/tvalaire.com\/index.php?rest_route=%2Fwp%2Fv2%2Ftags&post=3804"}],"curies":[{"name":"wp","href":"https:\/\/api.w.org\/{rel}","templated":true}]}}