{"id":3777,"date":"2018-06-08T09:39:37","date_gmt":"2018-06-08T14:39:37","guid":{"rendered":"http:\/\/tvalaire.com\/?p=3777"},"modified":"2018-06-20T09:47:45","modified_gmt":"2018-06-20T14:47:45","slug":"gobierno-municipal-reconoce-labor-de-periodistas-locales","status":"publish","type":"post","link":"http:\/\/tvalaire.com\/?p=3777","title":{"rendered":"GOBIERNO MUNICIPAL RECONOCE\u00a0LABOR DE PERIODISTAS LOCALES"},"content":{"rendered":"<p class=\"x_MsoNormal\" align=\"center\"><b>\u201cPara este gobierno municipal, es importante\u00a0<span class=\"markvk31oqti2\" data-markjs=\"true\">la<\/span>\u00a0<span class=\"markvk31oqti2\" data-markjs=\"true\">la<\/span>bor de\u00a0<span class=\"markvk31oqti2\" data-markjs=\"true\">la<\/span>\u00a0gente que se dedica a informar a\u00a0<span class=\"markvk31oqti2\" data-markjs=\"true\">la<\/span>\u00a0sociedad\u201d:\u00a0<span class=\"markoblt0u06y\" data-markjs=\"true\">H<\/span>ermosillo Garc\u00eda<\/b><\/p>\n<p class=\"x_MsoNormal\">En el marco del d\u00eda de\u00a0<span class=\"markvk31oqti2\" data-markjs=\"true\">la<\/span>\u00a0Libertad de Expresi\u00f3n, el Gobierno Municipal en sesi\u00f3n solemne de Cabildo\u00a0<span class=\"markoblt0u06y\" data-markjs=\"true\">h<\/span>izo entrega de reconocimientos a reporteros de\u00a0<span class=\"markvk31oqti2\" data-markjs=\"true\">la<\/span>\u00a0localidad, en donde el s\u00edndico encargado del despac<span class=\"markoblt0u06y\" data-markjs=\"true\">h<\/span>o del presidente, Nico<span class=\"markvk31oqti2\" data-markjs=\"true\">l\u00e1<\/span>s\u00a0<span class=\"markoblt0u06y\" data-markjs=\"true\">H<\/span>ermosillo Garc\u00eda, destac\u00f3\u00a0<span class=\"markvk31oqti2\" data-markjs=\"true\">la<\/span>\u00a0importancia que tiene\u00a0<span class=\"markvk31oqti2\" data-markjs=\"true\">la<\/span>\u00a0<span class=\"markvk31oqti2\" data-markjs=\"true\">la<\/span>bor que realizan para mantener informada a\u00a0<span class=\"markvk31oqti2\" data-markjs=\"true\">la<\/span>sociedad.<\/p>\n<p class=\"x_MsoNormal\"><span class=\"markvk31oqti2\" data-markjs=\"true\">La<\/span>bor que dijo, es dif\u00edcil y de alto riesgo, donde es f\u00e1cil para quien no est\u00e1 dentro de ese gremio, el poder criticar y no reconocer\u00a0<span class=\"markvk31oqti2\" data-markjs=\"true\">la<\/span>\u00a0<span class=\"markvk31oqti2\" data-markjs=\"true\">la<\/span>bor de todos.<\/p>\n<p class=\"x_MsoNormal\">Mencion\u00f3 que para este gobierno, es importante cuando escriben algo bueno del trabajo que se realiza, as\u00ed como de\u00a0<span class=\"markvk31oqti2\" data-markjs=\"true\">la<\/span>s cosas que no son del agrado, pues son destacables y se tienen que se\u00f1a<span class=\"markvk31oqti2\" data-markjs=\"true\">la<\/span>r, es por eso que\u00a0<span class=\"markoblt0u06y\" data-markjs=\"true\">h<\/span>an sido respetuosos de su trabajo.<\/p>\n<p class=\"x_MsoNormal\"><span class=\"markvk31oqti2\" data-markjs=\"true\">La<\/span>\u00a0libertad de expresi\u00f3n indic\u00f3 que contribuye a generar libertad de prensa, derec<span class=\"markoblt0u06y\" data-markjs=\"true\">h<\/span>o de reuni\u00f3n y participaci\u00f3n pol\u00edtica es fin, es un derec<span class=\"markoblt0u06y\" data-markjs=\"true\">h<\/span>o\u00a0<span class=\"markoblt0u06y\" data-markjs=\"true\">h<\/span>umano b\u00e1sico constitucional y necesario que est\u00e1 consagrado en nuestra Carta Magna en los art\u00edculos 6 y 7, por lo que el Gobierno Municipal, reconoc\u00eda a todos los que ejercer este trabajo y que est\u00e1n comprometidos con\u00a0<span class=\"markvk31oqti2\" data-markjs=\"true\">la<\/span>\u00a0verdad.<\/p>\n<p class=\"x_MsoNormal\">A nombre de los\u00a0<span class=\"markoblt0u06y\" data-markjs=\"true\">h<\/span>omenajeados, Mart\u00edn Garc\u00eda R\u00edos de Amanecer Regional se dirigi\u00f3 a los integrantes del Cabildo a quienes de entrada, pidi\u00f3 un minuto de silencio por los compa\u00f1eros que se fueron como Don Silviano Mart\u00ednez, Jes\u00fas\u00a0<span class=\"markoblt0u06y\" data-markjs=\"true\">H<\/span>ern\u00e1ndez\u00a0<span class=\"markoblt0u06y\" data-markjs=\"true\">H<\/span>ern\u00e1ndez y Jos\u00e9 Luis G\u00f3mez.<\/p>\n<p class=\"x_MsoNormal\">Felicit\u00f3 a todos sus compa\u00f1eros que se esfuerzan d\u00eda a d\u00eda para mantener informada a<span class=\"markvk31oqti2\" data-markjs=\"true\">la<\/span>\u00a0comunidad, pues todos salen de sus casas en busca de noticias sin importar el<span class=\"markoblt0u06y\" data-markjs=\"true\">h<\/span>ambre o\u00a0<span class=\"markvk31oqti2\" data-markjs=\"true\">la<\/span>\u00a0distancia para llegar a donde est\u00e1\u00a0<span class=\"markvk31oqti2\" data-markjs=\"true\">la<\/span>\u00a0noticia, sacrificando a sus familias con tal de cumplir con el compromiso de cumplir con sus lectores.<\/p>\n<p class=\"x_MsoNormal\">As\u00ed mismo, ex<span class=\"markoblt0u06y\" data-markjs=\"true\">h<\/span>ort\u00f3 a sus compa\u00f1eros a seguir informando con veracidad y se\u00f1a<span class=\"markvk31oqti2\" data-markjs=\"true\">la<\/span>r a quienes\u00a0<span class=\"markoblt0u06y\" data-markjs=\"true\">h<\/span>agan mal su trabajo.<\/p>\n","protected":false},"excerpt":{"rendered":"<p>\u201cPara este gobierno municipal, es importante\u00a0la\u00a0labor de\u00a0la\u00a0gente que se dedica a informar a\u00a0la\u00a0sociedad\u201d:\u00a0Hermosillo Garc\u00eda En&#8230;<\/p>\n","protected":false},"author":1,"featured_media":3778,"comment_status":"open","ping_status":"open","sticky":false,"template":"","format":"standard","meta":{"jetpack_post_was_ever_published":false,"_jetpack_newsletter_access":"","_jetpack_dont_email_post_to_subs":false,"_jetpack_newsletter_tier_id":0,"_jetpack_memberships_contains_paywalled_content":false,"_jetpack_memberships_contains_paid_content":false,"footnotes":"","jetpack_publicize_message":"","jetpack_publicize_feature_enabled":true,"jetpack_social_post_already_shared":false,"jetpack_social_options":{"image_generator_settings":{"template":"highway","enabled":false},"version":2}},"categories":[1],"tags":[15],"class_list":["post-3777","post","type-post","status-publish","format-standard","has-post-thumbnail","hentry","category-la-piedad","tag-la-piedad"],"jetpack_publicize_connections":[],"jetpack_sharing_enabled":true,"featured_image_urls":{"full":["http:\/\/tvalaire.com\/wp-content\/uploads\/2018\/06\/01-2-2.jpg",448,252,false],"thumbnail":["http:\/\/tvalaire.com\/wp-content\/uploads\/2018\/06\/01-2-2-150x150.jpg",150,150,true],"medium":["http:\/\/tvalaire.com\/wp-content\/uploads\/2018\/06\/01-2-2-300x169.jpg",300,169,true],"medium_large":["http:\/\/tvalaire.com\/wp-content\/uploads\/2018\/06\/01-2-2.jpg",448,252,false],"large":["http:\/\/tvalaire.com\/wp-content\/uploads\/2018\/06\/01-2-2.jpg",448,252,false],"post-slider-thumb-size":["http:\/\/tvalaire.com\/wp-content\/uploads\/2018\/06\/01-2-2.jpg",330,186,false],"post-category-slider-size":["http:\/\/tvalaire.com\/wp-content\/uploads\/2018\/06\/01-2-2.jpg",330,186,false],"1536x1536":["http:\/\/tvalaire.com\/wp-content\/uploads\/2018\/06\/01-2-2.jpg",448,252,false],"2048x2048":["http:\/\/tvalaire.com\/wp-content\/uploads\/2018\/06\/01-2-2.jpg",448,252,false],"newsium-slider-full":["http:\/\/tvalaire.com\/wp-content\/uploads\/2018\/06\/01-2-2.jpg",448,252,false],"newsium-featured":["http:\/\/tvalaire.com\/wp-content\/uploads\/2018\/06\/01-2-2.jpg",448,252,false],"newsium-medium":["http:\/\/tvalaire.com\/wp-content\/uploads\/2018\/06\/01-2-2.jpg",448,252,false]},"author_info":{"info":["tvalairenoti"]},"category_info":"<a href=\"http:\/\/tvalaire.com\/?cat=1\" rel=\"category\">La Piedad<\/a>","tag_info":"La Piedad","comment_count":"0","jetpack_featured_media_url":"http:\/\/tvalaire.com\/wp-content\/uploads\/2018\/06\/01-2-2.jpg","_links":{"self":[{"href":"http:\/\/tvalaire.com\/index.php?rest_route=\/wp\/v2\/posts\/3777"}],"collection":[{"href":"http:\/\/tvalaire.com\/index.php?rest_route=\/wp\/v2\/posts"}],"about":[{"href":"http:\/\/tvalaire.com\/index.php?rest_route=\/wp\/v2\/types\/post"}],"author":[{"embeddable":true,"href":"http:\/\/tvalaire.com\/index.php?rest_route=\/wp\/v2\/users\/1"}],"replies":[{"embeddable":true,"href":"http:\/\/tvalaire.com\/index.php?rest_route=%2Fwp%2Fv2%2Fcomments&post=3777"}],"version-history":[{"count":2,"href":"http:\/\/tvalaire.com\/index.php?rest_route=\/wp\/v2\/posts\/3777\/revisions"}],"predecessor-version":[{"id":3780,"href":"http:\/\/tvalaire.com\/index.php?rest_route=\/wp\/v2\/posts\/3777\/revisions\/3780"}],"wp:featuredmedia":[{"embeddable":true,"href":"http:\/\/tvalaire.com\/index.php?rest_route=\/wp\/v2\/media\/3778"}],"wp:attachment":[{"href":"http:\/\/tvalaire.com\/index.php?rest_route=%2Fwp%2Fv2%2Fmedia&parent=3777"}],"wp:term":[{"taxonomy":"category","embeddable":true,"href":"http:\/\/tvalaire.com\/index.php?rest_route=%2Fwp%2Fv2%2Fcategories&post=3777"},{"taxonomy":"post_tag","embeddable":true,"href":"http:\/\/tvalaire.com\/index.php?rest_route=%2Fwp%2Fv2%2Ftags&post=3777"}],"curies":[{"name":"wp","href":"https:\/\/api.w.org\/{rel}","templated":true}]}}