{"id":3774,"date":"2018-06-03T09:34:07","date_gmt":"2018-06-03T14:34:07","guid":{"rendered":"http:\/\/tvalaire.com\/?p=3774"},"modified":"2018-06-20T09:38:42","modified_gmt":"2018-06-20T14:38:42","slug":"que-nuestro-paso-por-la-tierra-no-pase-desapercibido","status":"publish","type":"post","link":"http:\/\/tvalaire.com\/?p=3774","title":{"rendered":"\u201cQUE NUESTRO PASO POR\u00a0LA\u00a0TIERRA NO PASE DESAPERCIBIDO\u201d"},"content":{"rendered":"<div><\/div>\n<div><\/div>\n<div>As\u00ed se expres\u00f3\u00a0<span class=\"mark39myllvqk\" data-markjs=\"true\">la<\/span>\u00a0redora Dulce Jazm\u00edn\u00a0<span class=\"mark94pgor1aa\" data-markjs=\"true\">H<\/span>ern\u00e1ndez Z\u00e1rate durante su discurso<\/div>\n<div>oficial en el acto luctuoso de Don Melc<span class=\"mark94pgor1aa\" data-markjs=\"true\">h<\/span>or Ocampo<\/div>\n<div><\/div>\n<div><span class=\"mark39myllvqk\" data-markjs=\"true\">La<\/span>\u00a0regidora Dulce Jazm\u00edn\u00a0<span class=\"mark94pgor1aa\" data-markjs=\"true\">H<\/span>ern\u00e1ndez Z\u00e1rate, en su discurso oficial por el<\/div>\n<div>aniversario luctuoso de Don Melc<span class=\"mark94pgor1aa\" data-markjs=\"true\">h<\/span>or Ocampo,\u00a0<span class=\"mark94pgor1aa\" data-markjs=\"true\">h<\/span>izo a los presentes una<\/div>\n<div>ex<span class=\"mark94pgor1aa\" data-markjs=\"true\">h<\/span>ortaci\u00f3n en donde pidi\u00f3 a los presentes comprometerse con\u00a0<span class=\"mark39myllvqk\" data-markjs=\"true\">la<\/span>\u00a0sociedad,<\/div>\n<div>para que su paso por\u00a0<span class=\"mark39myllvqk\" data-markjs=\"true\">la<\/span>\u00a0tierra no pase desapercibido.<\/div>\n<div>Es tiempo dijo, de luc<span class=\"mark94pgor1aa\" data-markjs=\"true\">h<\/span>ar por una sociedad justa, libre, \u00edntegra y equitativa<\/div>\n<div>como lo visualiz\u00f3 Don Melc<span class=\"mark94pgor1aa\" data-markjs=\"true\">h<\/span>or Ocampo, quien fuera abogado, cient\u00edfico y<\/div>\n<div>pol\u00edtico liberal mexicano, autor de\u00a0<span class=\"mark39myllvqk\" data-markjs=\"true\">la<\/span>\u00a0ep\u00edsto<span class=\"mark39myllvqk\" data-markjs=\"true\">la<\/span>\u00a0que lleva su nombre y quien fuera<\/div>\n<div>adem\u00e1s el tercer Gobernador de nuestro Estado.<\/div>\n<div>Destac\u00f3 que sin duda alguna Melc<span class=\"mark94pgor1aa\" data-markjs=\"true\">h<\/span>or Ocampo, fue un parteaguas importante<\/div>\n<div>para el pa\u00eds en tiempos relevantes de cambio, pues no s\u00f3lo se centr\u00f3 en el<\/div>\n<div>desarrollo personal, sino que\u00a0<span class=\"mark94pgor1aa\" data-markjs=\"true\">h<\/span>izo \u00e9nfasis en apoyar y apunta<span class=\"mark39myllvqk\" data-markjs=\"true\">la<\/span>r aspectos<\/div>\n<div>fundamentales para\u00a0<span class=\"mark39myllvqk\" data-markjs=\"true\">la<\/span>\u00a0sociedad, como mejorar\u00a0<span class=\"mark39myllvqk\" data-markjs=\"true\">la<\/span>\u00a0educaci\u00f3n b\u00e1sica, el nivel<\/div>\n<div>superior, salud, control y mejor administraci\u00f3n p\u00fablica en donde los resultados<\/div>\n<div>fueron evidentes, ya que contaba con un gran amor a su pa\u00eds y el bienestar era<\/div>\n<div>una de sus prioridades.<\/div>\n<div>Ese mismo amor expuso, lo llev\u00f3 a enfrentar varios conflictos personales,<\/div>\n<div>pol\u00edticos y sociales, que lo dejaron en el exilio, lo cual lo orill\u00f3 a aprender cada<\/div>\n<div>d\u00eda.<\/div>\n<div><span class=\"mark39myllvqk\" data-markjs=\"true\">La<\/span>\u00a0regidora record\u00f3 pues, al\u00a0<span class=\"mark94pgor1aa\" data-markjs=\"true\">h<\/span>ombre \u00edntegro que fue Melc<span class=\"mark94pgor1aa\" data-markjs=\"true\">h<\/span>or Ocampo no solo<\/div>\n<div>por su capacidad moral, sino adem\u00e1s por\u00a0<span class=\"mark39myllvqk\" data-markjs=\"true\">la<\/span>\u00a0gran diversidad de conocimientos<\/div>\n<div>que pose\u00eda, lo cual\u00a0<span class=\"mark94pgor1aa\" data-markjs=\"true\">h<\/span>ab<span class=\"mark39myllvqk\" data-markjs=\"true\">la<\/span>\u00a0de su necesidad que por obligaci\u00f3n tenemos todos<\/div>\n<div>para seguir aprendiendo, como lo dej\u00f3 p<span class=\"mark39myllvqk\" data-markjs=\"true\">la<\/span>smado en su ep\u00edsto<span class=\"mark39myllvqk\" data-markjs=\"true\">la<\/span>.<\/div>\n<div>El acto en esta ocasi\u00f3n, estuvo a cargo de\u00a0<span class=\"mark39myllvqk\" data-markjs=\"true\">la<\/span>\u00a0escue<span class=\"mark39myllvqk\" data-markjs=\"true\">la<\/span>\u00a0Primaria Melc<span class=\"mark94pgor1aa\" data-markjs=\"true\">h<\/span>or<\/div>\n<div>Ocampo y tuvo lugar esta ma\u00f1ana en\u00a0<span class=\"mark39myllvqk\" data-markjs=\"true\">la<\/span>\u00a0P<span class=\"mark39myllvqk\" data-markjs=\"true\">la<\/span>za Principal en donde estuvo<\/div>\n<div>encabezado por el s\u00edndico, Nico<span class=\"mark39myllvqk\" data-markjs=\"true\">l\u00e1<\/span>s\u00a0<span class=\"mark94pgor1aa\" data-markjs=\"true\">H<\/span>ermosillo Garc\u00eda encargado del despac<span class=\"mark94pgor1aa\" data-markjs=\"true\">h<\/span>o<\/div>\n<div>del Presidente; Daniel V\u00e1zquez Zava<span class=\"mark39myllvqk\" data-markjs=\"true\">la<\/span>, secretario del\u00a0<span class=\"markxyu2xm2pa\" data-markjs=\"true\">Ayuntamiento<\/span>, regidores<\/div>\n<div>que forman parte del Cabildo; el director de educaci\u00f3n Marco Antonio<\/div>\n<div>Rodr\u00edguez Mac\u00edas; Mart\u00edn Juan Carlos Camac<span class=\"mark94pgor1aa\" data-markjs=\"true\">h<\/span>o Aguilera, supervisor de\u00a0<span class=\"mark39myllvqk\" data-markjs=\"true\">la<\/span><\/div>\n<div>zona 296 de primarias; Mayanin\u00a0<span class=\"mark94pgor1aa\" data-markjs=\"true\">H<\/span>ern\u00e1ndez Melo, directora de\u00a0<span class=\"mark39myllvqk\" data-markjs=\"true\">la<\/span>\u00a0escue<span class=\"mark39myllvqk\" data-markjs=\"true\">la<\/span><\/div>\n<div>primaria encargada del evento, entre otros.<\/div>\n<div><\/div>\n<div>El acto c\u00edvico incluy\u00f3 los\u00a0<span class=\"mark94pgor1aa\" data-markjs=\"true\">h<\/span>onores a\u00a0<span class=\"mark39myllvqk\" data-markjs=\"true\">la<\/span>\u00a0bandera, se ofreci\u00f3 una rese\u00f1a\u00a0<span class=\"mark94pgor1aa\" data-markjs=\"true\">h<\/span>ist\u00f3rica,<\/div>\n<div>poes\u00eda grupal, coral y se\u00a0<span class=\"mark94pgor1aa\" data-markjs=\"true\">h<\/span>izo una representaci\u00f3n del contenido de\u00a0<span class=\"mark39myllvqk\" data-markjs=\"true\">la<\/span>\u00a0ep\u00edsto<span class=\"mark39myllvqk\" data-markjs=\"true\">la<\/span><\/div>\n<div>de Melc<span class=\"mark94pgor1aa\" data-markjs=\"true\">h<\/span>or Ocampo, ante\u00a0<span class=\"mark39myllvqk\" data-markjs=\"true\">la<\/span>\u00a0presencia de alumnos de\u00a0<span class=\"mark39myllvqk\" data-markjs=\"true\">la<\/span>\u00a0escue<span class=\"mark39myllvqk\" data-markjs=\"true\">la<\/span>\u00a0que lleva este<\/div>\n<div>mismo nombre y contingentes de alumnos del colegio Pierre Faure, Fray Pedro<\/div>\n<div>de Gante, Miguel de Cervantes, Francisco J. M\u00fajica, padres de familia entre<\/div>\n<div>otros.<\/div>\n","protected":false},"excerpt":{"rendered":"<p>As\u00ed se expres\u00f3\u00a0la\u00a0redora Dulce Jazm\u00edn\u00a0Hern\u00e1ndez Z\u00e1rate durante su discurso oficial en el acto luctuoso de&#8230;<\/p>\n","protected":false},"author":1,"featured_media":3775,"comment_status":"open","ping_status":"open","sticky":false,"template":"","format":"standard","meta":{"jetpack_post_was_ever_published":false,"_jetpack_newsletter_access":"","_jetpack_dont_email_post_to_subs":false,"_jetpack_newsletter_tier_id":0,"_jetpack_memberships_contains_paywalled_content":false,"_jetpack_memberships_contains_paid_content":false,"footnotes":"","jetpack_publicize_message":"","jetpack_publicize_feature_enabled":true,"jetpack_social_post_already_shared":false,"jetpack_social_options":{"image_generator_settings":{"template":"highway","enabled":false},"version":2}},"categories":[1],"tags":[15],"class_list":["post-3774","post","type-post","status-publish","format-standard","has-post-thumbnail","hentry","category-la-piedad","tag-la-piedad"],"jetpack_publicize_connections":[],"jetpack_sharing_enabled":true,"featured_image_urls":{"full":["http:\/\/tvalaire.com\/wp-content\/uploads\/2018\/06\/thumbnail_DSC_6012.jpg",1280,853,false],"thumbnail":["http:\/\/tvalaire.com\/wp-content\/uploads\/2018\/06\/thumbnail_DSC_6012-150x150.jpg",150,150,true],"medium":["http:\/\/tvalaire.com\/wp-content\/uploads\/2018\/06\/thumbnail_DSC_6012-300x200.jpg",300,200,true],"medium_large":["http:\/\/tvalaire.com\/wp-content\/uploads\/2018\/06\/thumbnail_DSC_6012-768x512.jpg",640,427,true],"large":["http:\/\/tvalaire.com\/wp-content\/uploads\/2018\/06\/thumbnail_DSC_6012-1024x682.jpg",640,426,true],"post-slider-thumb-size":["http:\/\/tvalaire.com\/wp-content\/uploads\/2018\/06\/thumbnail_DSC_6012.jpg",285,190,false],"post-category-slider-size":["http:\/\/tvalaire.com\/wp-content\/uploads\/2018\/06\/thumbnail_DSC_6012.jpg",330,220,false],"1536x1536":["http:\/\/tvalaire.com\/wp-content\/uploads\/2018\/06\/thumbnail_DSC_6012.jpg",1280,853,false],"2048x2048":["http:\/\/tvalaire.com\/wp-content\/uploads\/2018\/06\/thumbnail_DSC_6012.jpg",1280,853,false],"newsium-slider-full":["http:\/\/tvalaire.com\/wp-content\/uploads\/2018\/06\/thumbnail_DSC_6012.jpg",1268,845,false],"newsium-featured":["http:\/\/tvalaire.com\/wp-content\/uploads\/2018\/06\/thumbnail_DSC_6012.jpg",1024,682,false],"newsium-medium":["http:\/\/tvalaire.com\/wp-content\/uploads\/2018\/06\/thumbnail_DSC_6012.jpg",713,475,false]},"author_info":{"info":["tvalairenoti"]},"category_info":"<a href=\"http:\/\/tvalaire.com\/?cat=1\" rel=\"category\">La Piedad<\/a>","tag_info":"La Piedad","comment_count":"0","jetpack_featured_media_url":"http:\/\/tvalaire.com\/wp-content\/uploads\/2018\/06\/thumbnail_DSC_6012.jpg","_links":{"self":[{"href":"http:\/\/tvalaire.com\/index.php?rest_route=\/wp\/v2\/posts\/3774"}],"collection":[{"href":"http:\/\/tvalaire.com\/index.php?rest_route=\/wp\/v2\/posts"}],"about":[{"href":"http:\/\/tvalaire.com\/index.php?rest_route=\/wp\/v2\/types\/post"}],"author":[{"embeddable":true,"href":"http:\/\/tvalaire.com\/index.php?rest_route=\/wp\/v2\/users\/1"}],"replies":[{"embeddable":true,"href":"http:\/\/tvalaire.com\/index.php?rest_route=%2Fwp%2Fv2%2Fcomments&post=3774"}],"version-history":[{"count":1,"href":"http:\/\/tvalaire.com\/index.php?rest_route=\/wp\/v2\/posts\/3774\/revisions"}],"predecessor-version":[{"id":3776,"href":"http:\/\/tvalaire.com\/index.php?rest_route=\/wp\/v2\/posts\/3774\/revisions\/3776"}],"wp:featuredmedia":[{"embeddable":true,"href":"http:\/\/tvalaire.com\/index.php?rest_route=\/wp\/v2\/media\/3775"}],"wp:attachment":[{"href":"http:\/\/tvalaire.com\/index.php?rest_route=%2Fwp%2Fv2%2Fmedia&parent=3774"}],"wp:term":[{"taxonomy":"category","embeddable":true,"href":"http:\/\/tvalaire.com\/index.php?rest_route=%2Fwp%2Fv2%2Fcategories&post=3774"},{"taxonomy":"post_tag","embeddable":true,"href":"http:\/\/tvalaire.com\/index.php?rest_route=%2Fwp%2Fv2%2Ftags&post=3774"}],"curies":[{"name":"wp","href":"https:\/\/api.w.org\/{rel}","templated":true}]}}