{"id":3771,"date":"2018-06-01T09:32:16","date_gmt":"2018-06-01T14:32:16","guid":{"rendered":"http:\/\/tvalaire.com\/?p=3771"},"modified":"2018-06-20T09:33:38","modified_gmt":"2018-06-20T14:33:38","slug":"declaran-pre-alerta-por-las-altas-temperaturas-en-la-piedad","status":"publish","type":"post","link":"http:\/\/tvalaire.com\/?p=3771","title":{"rendered":"DECLARAN PRE-ALERTA POR\u00a0LAS ALTAS TEMPERATURAS EN\u00a0LA\u00a0PIEDAD"},"content":{"rendered":"<p class=\"x_MsoNormal\" align=\"center\"><b>En caso de ser necesario el S\u00edndico Municipal, como encargado del despac<span class=\"mark3vmf34rnw\" data-markjs=\"true\">h<\/span>o del Alcalde convocar\u00e1 a reuni\u00f3n extraordinaria.<\/b><\/p>\n<p class=\"x_MsoNormal\">\n<p class=\"x_MsoNormal\">El Gobierno Municipal a trav\u00e9s del comit\u00e9 de Protecci\u00f3n Civil, anunci\u00f3 que se\u00a0<span class=\"mark3vmf34rnw\" data-markjs=\"true\">h<\/span>a entrado en fase de pre-alerta por\u00a0<span class=\"mark4k41ajrl2\" data-markjs=\"true\">la<\/span>s altas temperaturas registradas en los \u00faltimos d\u00edas en\u00a0<span class=\"mark4k41ajrl2\" data-markjs=\"true\">La<\/span><span class=\"markb23u3457i\" data-markjs=\"true\">Piedad<\/span>.<\/p>\n<p class=\"x_MsoNormal\">Raz\u00f3n por\u00a0<span class=\"mark4k41ajrl2\" data-markjs=\"true\">la<\/span>\u00a0cual se informa que el Comit\u00e9 Municipal de Protecci\u00f3n Civil, que se encuentra en sesi\u00f3n permanente realizar\u00e1 monitoreos de\u00a0<span class=\"mark4k41ajrl2\" data-markjs=\"true\">la<\/span>\u00a0temperatura ambiental en determinados momentos durante el d\u00eda y anuncia que en caso de ser necesario el S\u00edndico encargado del despac<span class=\"mark3vmf34rnw\" data-markjs=\"true\">h<\/span>o del Presidente Municipal, Nico<span class=\"mark4k41ajrl2\" data-markjs=\"true\">l\u00e1<\/span>s\u00a0<span class=\"mark3vmf34rnw\" data-markjs=\"true\">H<\/span>ermosillo Garc\u00eda, citar\u00e1 a reuni\u00f3n para dec<span class=\"mark4k41ajrl2\" data-markjs=\"true\">la<\/span>rar\u00a0<span class=\"mark4k41ajrl2\" data-markjs=\"true\">la<\/span>\u00a0emergencia.<\/p>\n<p class=\"x_MsoNormal\">Una vez\u00a0<span class=\"mark3vmf34rnw\" data-markjs=\"true\">h<\/span>ec<span class=\"mark3vmf34rnw\" data-markjs=\"true\">h<\/span>a esta dec<span class=\"mark4k41ajrl2\" data-markjs=\"true\">la<\/span>raci\u00f3n, se activar\u00edan protocolos establecidos y se proceder\u00eda a bajar recursos del Protecci\u00f3n Civil para poder actuar en consecuencia.<\/p>\n<p class=\"x_MsoNormal\">Este jueves se alcanz\u00f3\u00a0<span class=\"mark4k41ajrl2\" data-markjs=\"true\">la<\/span>\u00a0temperatura m\u00e1s alta de 37 grados cent\u00edgrados y para los pr\u00f3ximos d\u00edas osci<span class=\"mark4k41ajrl2\" data-markjs=\"true\">la<\/span>r\u00e1 entre los 33 grados.<\/p>\n<p class=\"x_MsoNormal\">Por lo que se pide a\u00a0<span class=\"mark4k41ajrl2\" data-markjs=\"true\">la<\/span>\u00a0pob<span class=\"mark4k41ajrl2\" data-markjs=\"true\">la<\/span>ci\u00f3n estar atentos a los pron\u00f3sticos del tiempo pero a trav\u00e9s de los medios oficiales como Sistema Nacional de Protecci\u00f3n Civil y Servicio Meteorol\u00f3gico Nacional, as\u00ed como a los l<span class=\"mark4k41ajrl2\" data-markjs=\"true\">la<\/span>mados que el Gobierno Municipal\u00a0<span class=\"mark3vmf34rnw\" data-markjs=\"true\">h<\/span>aga a trav\u00e9s de los medios de comunicaci\u00f3n.<\/p>\n","protected":false},"excerpt":{"rendered":"<p>En caso de ser necesario el S\u00edndico Municipal, como encargado del despacho del Alcalde convocar\u00e1&#8230;<\/p>\n","protected":false},"author":1,"featured_media":3772,"comment_status":"open","ping_status":"open","sticky":false,"template":"","format":"standard","meta":{"jetpack_post_was_ever_published":false,"_jetpack_newsletter_access":"","_jetpack_dont_email_post_to_subs":false,"_jetpack_newsletter_tier_id":0,"_jetpack_memberships_contains_paywalled_content":false,"_jetpack_memberships_contains_paid_content":false,"footnotes":"","jetpack_publicize_message":"","jetpack_publicize_feature_enabled":true,"jetpack_social_post_already_shared":false,"jetpack_social_options":{"image_generator_settings":{"template":"highway","enabled":false},"version":2}},"categories":[1],"tags":[15],"class_list":["post-3771","post","type-post","status-publish","format-standard","has-post-thumbnail","hentry","category-la-piedad","tag-la-piedad"],"jetpack_publicize_connections":[],"jetpack_sharing_enabled":true,"featured_image_urls":{"full":["http:\/\/tvalaire.com\/wp-content\/uploads\/2018\/06\/01-1.jpeg",336,448,false],"thumbnail":["http:\/\/tvalaire.com\/wp-content\/uploads\/2018\/06\/01-1-150x150.jpeg",150,150,true],"medium":["http:\/\/tvalaire.com\/wp-content\/uploads\/2018\/06\/01-1-225x300.jpeg",225,300,true],"medium_large":["http:\/\/tvalaire.com\/wp-content\/uploads\/2018\/06\/01-1.jpeg",336,448,false],"large":["http:\/\/tvalaire.com\/wp-content\/uploads\/2018\/06\/01-1.jpeg",336,448,false],"post-slider-thumb-size":["http:\/\/tvalaire.com\/wp-content\/uploads\/2018\/06\/01-1.jpeg",143,190,false],"post-category-slider-size":["http:\/\/tvalaire.com\/wp-content\/uploads\/2018\/06\/01-1.jpeg",263,350,false],"1536x1536":["http:\/\/tvalaire.com\/wp-content\/uploads\/2018\/06\/01-1.jpeg",336,448,false],"2048x2048":["http:\/\/tvalaire.com\/wp-content\/uploads\/2018\/06\/01-1.jpeg",336,448,false],"newsium-slider-full":["http:\/\/tvalaire.com\/wp-content\/uploads\/2018\/06\/01-1.jpeg",336,448,false],"newsium-featured":["http:\/\/tvalaire.com\/wp-content\/uploads\/2018\/06\/01-1.jpeg",336,448,false],"newsium-medium":["http:\/\/tvalaire.com\/wp-content\/uploads\/2018\/06\/01-1.jpeg",336,448,false]},"author_info":{"info":["tvalairenoti"]},"category_info":"<a href=\"http:\/\/tvalaire.com\/?cat=1\" rel=\"category\">La Piedad<\/a>","tag_info":"La Piedad","comment_count":"0","jetpack_featured_media_url":"http:\/\/tvalaire.com\/wp-content\/uploads\/2018\/06\/01-1.jpeg","_links":{"self":[{"href":"http:\/\/tvalaire.com\/index.php?rest_route=\/wp\/v2\/posts\/3771"}],"collection":[{"href":"http:\/\/tvalaire.com\/index.php?rest_route=\/wp\/v2\/posts"}],"about":[{"href":"http:\/\/tvalaire.com\/index.php?rest_route=\/wp\/v2\/types\/post"}],"author":[{"embeddable":true,"href":"http:\/\/tvalaire.com\/index.php?rest_route=\/wp\/v2\/users\/1"}],"replies":[{"embeddable":true,"href":"http:\/\/tvalaire.com\/index.php?rest_route=%2Fwp%2Fv2%2Fcomments&post=3771"}],"version-history":[{"count":1,"href":"http:\/\/tvalaire.com\/index.php?rest_route=\/wp\/v2\/posts\/3771\/revisions"}],"predecessor-version":[{"id":3773,"href":"http:\/\/tvalaire.com\/index.php?rest_route=\/wp\/v2\/posts\/3771\/revisions\/3773"}],"wp:featuredmedia":[{"embeddable":true,"href":"http:\/\/tvalaire.com\/index.php?rest_route=\/wp\/v2\/media\/3772"}],"wp:attachment":[{"href":"http:\/\/tvalaire.com\/index.php?rest_route=%2Fwp%2Fv2%2Fmedia&parent=3771"}],"wp:term":[{"taxonomy":"category","embeddable":true,"href":"http:\/\/tvalaire.com\/index.php?rest_route=%2Fwp%2Fv2%2Fcategories&post=3771"},{"taxonomy":"post_tag","embeddable":true,"href":"http:\/\/tvalaire.com\/index.php?rest_route=%2Fwp%2Fv2%2Ftags&post=3771"}],"curies":[{"name":"wp","href":"https:\/\/api.w.org\/{rel}","templated":true}]}}