{"id":3768,"date":"2018-05-31T09:30:24","date_gmt":"2018-05-31T14:30:24","guid":{"rendered":"http:\/\/tvalaire.com\/?p=3768"},"modified":"2018-06-20T09:32:10","modified_gmt":"2018-06-20T14:32:10","slug":"comisiones-al-interior-del-cabildo-revisaran-caso-del-mercado-francisco-j-mujica","status":"publish","type":"post","link":"http:\/\/tvalaire.com\/?p=3768","title":{"rendered":"COMISIONES AL INTERIOR DEL CABILDO REVISAR\u00c1N CASO DEL MERCADO \u201cFRANCISCO J. M\u00daJICA\u201d"},"content":{"rendered":"<p class=\"x_MsoNormal\" align=\"center\"><b>Actualmente\u00a0<span class=\"markuxifi55vz\" data-markjs=\"true\">h<\/span>ay 16 locales cerrados; tambi\u00e9n analizar\u00e1n\u00a0<span class=\"marktoxvqgz8a\" data-markjs=\"true\">la<\/span>\u00a0posible donaci\u00f3n de un terreno a Rescate y Salvamento\u00a0<span class=\"marktoxvqgz8a\" data-markjs=\"true\">La<\/span>\u00a0<span class=\"marky5c12to6w\" data-markjs=\"true\">Piedad<\/span><\/b><\/p>\n<p class=\"x_MsoNormal\">\n<p class=\"x_MsoNormal\">En sesi\u00f3n ordinaria de Cabildo, integrantes de este cuerpo colegiado analizaron varios puntos entre los que se encuentra\u00a0<span class=\"marktoxvqgz8a\" data-markjs=\"true\">la<\/span>\u00a0solicitud que\u00a0<span class=\"markuxifi55vz\" data-markjs=\"true\">h<\/span>izo Nico<span class=\"marktoxvqgz8a\" data-markjs=\"true\">l\u00e1<\/span>s\u00a0<span class=\"markuxifi55vz\" data-markjs=\"true\">H<\/span>ermosillo Garc\u00eda, S\u00edndico Municipal, encargado de despac<span class=\"markuxifi55vz\" data-markjs=\"true\">h<\/span>o de\u00a0<span class=\"marktoxvqgz8a\" data-markjs=\"true\">la<\/span>\u00a0Presidencia, para\u00a0<span class=\"marktoxvqgz8a\" data-markjs=\"true\">la<\/span>\u00a0revocaci\u00f3n o asignaci\u00f3n de concesiones del Mercado Municipal Francisco J. Mujica, ya que por muc<span class=\"markuxifi55vz\" data-markjs=\"true\">h<\/span>o tiempo los locales no se\u00a0<span class=\"markuxifi55vz\" data-markjs=\"true\">h<\/span>an trabajado y se encuentran cerrados.<\/p>\n<p class=\"x_MsoNormal\">Al respecto, el S\u00edndico consider\u00f3 prudente revisar el caso de \u00e9sta \u00e1rea comercial, como lo\u00a0<span class=\"markuxifi55vz\" data-markjs=\"true\">h<\/span>icieron en su momento con los mercados de\u00a0<span class=\"marktoxvqgz8a\" data-markjs=\"true\">la<\/span>\u00a0Uni\u00f3n 12 de Octubre y el Gildardo Maga\u00f1a, ya que en\u00a0<span class=\"marktoxvqgz8a\" data-markjs=\"true\">la<\/span>\u00a0actualidad\u00a0<span class=\"markuxifi55vz\" data-markjs=\"true\">h<\/span>ay 16 locales que se encuentran cerrados, por tanto necesitan\u00a0<span class=\"markuxifi55vz\" data-markjs=\"true\">h<\/span>acer un an\u00e1lisis y estudio con\u00a0<span class=\"marktoxvqgz8a\" data-markjs=\"true\">la<\/span>\u00a0finalidad de reactivar el comercio de este mercado.<\/p>\n<p class=\"x_MsoNormal\"><span class=\"marktoxvqgz8a\" data-markjs=\"true\">La<\/span>s comisiones que analizar\u00e1n este caso son\u00a0<span class=\"marktoxvqgz8a\" data-markjs=\"true\">la<\/span>s de Servicios P\u00fablicos, Industria y Comercio,\u00a0<span class=\"markuxifi55vz\" data-markjs=\"true\">H<\/span>acienda, adem\u00e1s de incorporarse el resto de los regidores que forman parte del\u00a0<span class=\"mark81vjt40y6\" data-markjs=\"true\">Ayuntamiento<\/span>.<\/p>\n<p class=\"x_MsoNormal\">En\u00a0<span class=\"marktoxvqgz8a\" data-markjs=\"true\">la<\/span>\u00a0misma sesi\u00f3n, se dio lectura a\u00a0<span class=\"marktoxvqgz8a\" data-markjs=\"true\">la<\/span>\u00a0solicitud que present\u00f3\u00a0<span class=\"marktoxvqgz8a\" data-markjs=\"true\">la<\/span>\u00a0regidora Yelitza Sara\u00ed T\u00e9llez\u00a0<span class=\"markuxifi55vz\" data-markjs=\"true\">H<\/span>ern\u00e1ndez, integrante de\u00a0<span class=\"marktoxvqgz8a\" data-markjs=\"true\">la<\/span>\u00a0Comisi\u00f3n de Salud y asistencia social, para turnar a comisiones el an\u00e1lisis, discusi\u00f3n, y en su caso aprobaci\u00f3n, de\u00a0<span class=\"marktoxvqgz8a\" data-markjs=\"true\">la<\/span>\u00a0donaci\u00f3n de un terreno del municipio para\u00a0<span class=\"marktoxvqgz8a\" data-markjs=\"true\">la<\/span>\u00a0construcci\u00f3n y equipamiento de\u00a0<span class=\"marktoxvqgz8a\" data-markjs=\"true\">la<\/span>s insta<span class=\"marktoxvqgz8a\" data-markjs=\"true\">la<\/span>ciones del\u00a0<span class=\"markuxifi55vz\" data-markjs=\"true\">H<\/span>. Cuerpo de Bomberos Voluntario Rescate y Salvamento de Mic<span class=\"markuxifi55vz\" data-markjs=\"true\">h<\/span>oac\u00e1n I.A.P. delegaci\u00f3n Regional\u00a0<span class=\"marktoxvqgz8a\" data-markjs=\"true\">La<\/span><span class=\"marky5c12to6w\" data-markjs=\"true\">Piedad<\/span>.<\/p>\n<p class=\"x_MsoNormal\"><span class=\"marktoxvqgz8a\" data-markjs=\"true\">La<\/span>\u00a0instituci\u00f3n tiene 4 a\u00f1os en el municipio y funciona en\u00a0<span class=\"marktoxvqgz8a\" data-markjs=\"true\">la<\/span>\u00a0colonia Santa Fe bajo el respaldo del doctor Gabriel Aguirre de\u00a0<span class=\"marktoxvqgz8a\" data-markjs=\"true\">la<\/span>\u00a0Paz, en donde adem\u00e1s de atenci\u00f3n de servicios de emergencias tambi\u00e9n ofrecen consultas m\u00e9dicas gratuitas en\u00a0<span class=\"marktoxvqgz8a\" data-markjs=\"true\">la<\/span>s insta<span class=\"marktoxvqgz8a\" data-markjs=\"true\">la<\/span>ciones que actualmente ocupan y se\u00a0<span class=\"markuxifi55vz\" data-markjs=\"true\">h<\/span>an sumado de manera responsable, a\u00a0<span class=\"marktoxvqgz8a\" data-markjs=\"true\">la<\/span>\u00a0atenci\u00f3n de l<span class=\"marktoxvqgz8a\" data-markjs=\"true\">la<\/span>mados por parte de\u00a0<span class=\"marktoxvqgz8a\" data-markjs=\"true\">la<\/span>\u00a0ciudadan\u00eda, como lo\u00a0<span class=\"markuxifi55vz\" data-markjs=\"true\">h<\/span>ace el resto de\u00a0<span class=\"marktoxvqgz8a\" data-markjs=\"true\">la<\/span>s corporaciones con excepci\u00f3n de Cruz Roja que\u00a0<span class=\"markuxifi55vz\" data-markjs=\"true\">h<\/span>a negado los servicios.<\/p>\n<p class=\"x_MsoNormal\"><span class=\"marktoxvqgz8a\" data-markjs=\"true\">La<\/span>\u00a0petici\u00f3n fue turnada a comisiones unidas de\u00a0<span class=\"markuxifi55vz\" data-markjs=\"true\">H<\/span>acienda, Salud, Servicios P\u00fablicos e Igualdad, Integraci\u00f3n y Diversidad, para su an\u00e1lisis.<\/p>\n<p class=\"x_MsoNormal\">Tambi\u00e9n autorizaron por mayor\u00eda de votos y una abstenci\u00f3n,\u00a0<span class=\"marktoxvqgz8a\" data-markjs=\"true\">la<\/span>s Minutas n\u00famero 425 y 584 que\u00a0<span class=\"markuxifi55vz\" data-markjs=\"true\">h<\/span>izo llegar\u00a0<span class=\"marktoxvqgz8a\" data-markjs=\"true\">la<\/span>\u00a0mesa directiva del\u00a0<span class=\"markuxifi55vz\" data-markjs=\"true\">H<\/span>. Congreso del Estado de Mic<span class=\"markuxifi55vz\" data-markjs=\"true\">h<\/span>oac\u00e1n de Ocampo, mediante\u00a0<span class=\"marktoxvqgz8a\" data-markjs=\"true\">la<\/span>\u00a0cual se reforman, adicionan y derogan diversas disposiciones de\u00a0<span class=\"marktoxvqgz8a\" data-markjs=\"true\">la<\/span>Constituci\u00f3n Pol\u00edtica del Estado y se aprob\u00f3\u00a0<span class=\"marktoxvqgz8a\" data-markjs=\"true\">la<\/span>\u00a0solicitud de licencia que present\u00f3 el regidor Alejandro Salda\u00f1a Agui<span class=\"marktoxvqgz8a\" data-markjs=\"true\">la<\/span>r para ausentarse del 4 al 14 de junio de este a\u00f1o.<\/p>\n","protected":false},"excerpt":{"rendered":"<p>Actualmente\u00a0hay 16 locales cerrados; tambi\u00e9n analizar\u00e1n\u00a0la\u00a0posible donaci\u00f3n de un terreno a Rescate y Salvamento\u00a0La\u00a0Piedad En&#8230;<\/p>\n","protected":false},"author":1,"featured_media":3769,"comment_status":"open","ping_status":"open","sticky":false,"template":"","format":"standard","meta":{"jetpack_post_was_ever_published":false,"_jetpack_newsletter_access":"","_jetpack_dont_email_post_to_subs":false,"_jetpack_newsletter_tier_id":0,"_jetpack_memberships_contains_paywalled_content":false,"_jetpack_memberships_contains_paid_content":false,"footnotes":"","jetpack_publicize_message":"","jetpack_publicize_feature_enabled":true,"jetpack_social_post_already_shared":false,"jetpack_social_options":{"image_generator_settings":{"template":"highway","enabled":false},"version":2}},"categories":[1],"tags":[15],"class_list":["post-3768","post","type-post","status-publish","format-standard","has-post-thumbnail","hentry","category-la-piedad","tag-la-piedad"],"jetpack_publicize_connections":[],"jetpack_sharing_enabled":true,"featured_image_urls":{"full":["http:\/\/tvalaire.com\/wp-content\/uploads\/2018\/06\/01-3.jpg",448,336,false],"thumbnail":["http:\/\/tvalaire.com\/wp-content\/uploads\/2018\/06\/01-3-150x150.jpg",150,150,true],"medium":["http:\/\/tvalaire.com\/wp-content\/uploads\/2018\/06\/01-3-300x225.jpg",300,225,true],"medium_large":["http:\/\/tvalaire.com\/wp-content\/uploads\/2018\/06\/01-3.jpg",448,336,false],"large":["http:\/\/tvalaire.com\/wp-content\/uploads\/2018\/06\/01-3.jpg",448,336,false],"post-slider-thumb-size":["http:\/\/tvalaire.com\/wp-content\/uploads\/2018\/06\/01-3.jpg",253,190,false],"post-category-slider-size":["http:\/\/tvalaire.com\/wp-content\/uploads\/2018\/06\/01-3.jpg",330,248,false],"1536x1536":["http:\/\/tvalaire.com\/wp-content\/uploads\/2018\/06\/01-3.jpg",448,336,false],"2048x2048":["http:\/\/tvalaire.com\/wp-content\/uploads\/2018\/06\/01-3.jpg",448,336,false],"newsium-slider-full":["http:\/\/tvalaire.com\/wp-content\/uploads\/2018\/06\/01-3.jpg",448,336,false],"newsium-featured":["http:\/\/tvalaire.com\/wp-content\/uploads\/2018\/06\/01-3.jpg",448,336,false],"newsium-medium":["http:\/\/tvalaire.com\/wp-content\/uploads\/2018\/06\/01-3.jpg",448,336,false]},"author_info":{"info":["tvalairenoti"]},"category_info":"<a href=\"http:\/\/tvalaire.com\/?cat=1\" rel=\"category\">La Piedad<\/a>","tag_info":"La Piedad","comment_count":"0","jetpack_featured_media_url":"http:\/\/tvalaire.com\/wp-content\/uploads\/2018\/06\/01-3.jpg","_links":{"self":[{"href":"http:\/\/tvalaire.com\/index.php?rest_route=\/wp\/v2\/posts\/3768"}],"collection":[{"href":"http:\/\/tvalaire.com\/index.php?rest_route=\/wp\/v2\/posts"}],"about":[{"href":"http:\/\/tvalaire.com\/index.php?rest_route=\/wp\/v2\/types\/post"}],"author":[{"embeddable":true,"href":"http:\/\/tvalaire.com\/index.php?rest_route=\/wp\/v2\/users\/1"}],"replies":[{"embeddable":true,"href":"http:\/\/tvalaire.com\/index.php?rest_route=%2Fwp%2Fv2%2Fcomments&post=3768"}],"version-history":[{"count":1,"href":"http:\/\/tvalaire.com\/index.php?rest_route=\/wp\/v2\/posts\/3768\/revisions"}],"predecessor-version":[{"id":3770,"href":"http:\/\/tvalaire.com\/index.php?rest_route=\/wp\/v2\/posts\/3768\/revisions\/3770"}],"wp:featuredmedia":[{"embeddable":true,"href":"http:\/\/tvalaire.com\/index.php?rest_route=\/wp\/v2\/media\/3769"}],"wp:attachment":[{"href":"http:\/\/tvalaire.com\/index.php?rest_route=%2Fwp%2Fv2%2Fmedia&parent=3768"}],"wp:term":[{"taxonomy":"category","embeddable":true,"href":"http:\/\/tvalaire.com\/index.php?rest_route=%2Fwp%2Fv2%2Fcategories&post=3768"},{"taxonomy":"post_tag","embeddable":true,"href":"http:\/\/tvalaire.com\/index.php?rest_route=%2Fwp%2Fv2%2Ftags&post=3768"}],"curies":[{"name":"wp","href":"https:\/\/api.w.org\/{rel}","templated":true}]}}