{"id":3759,"date":"2018-05-25T09:23:59","date_gmt":"2018-05-25T14:23:59","guid":{"rendered":"http:\/\/tvalaire.com\/?p=3759"},"modified":"2018-06-20T09:26:09","modified_gmt":"2018-06-20T14:26:09","slug":"por-periodo-de-lluvias-en-sesion-permanente-el-consejo-municipal-de-proteccion-civil","status":"publish","type":"post","link":"http:\/\/tvalaire.com\/?p=3759","title":{"rendered":"POR PERIODO DE LLUVIAS; EN SESI\u00d3N PERMANENTE EL CONSEJO MUNICIPAL DE PROTECCI\u00d3N CIVIL"},"content":{"rendered":"<p class=\"x_MsoNormal\" align=\"center\"><b>Autoridades que lo integran\u00a0<span class=\"markq8h5zkl6k\" data-markjs=\"true\">h<\/span>icieron\u00a0<span class=\"marku4ndg54gy\" data-markjs=\"true\">la<\/span>\u00a0dec<span class=\"marku4ndg54gy\" data-markjs=\"true\">la<\/span>ratoria este d\u00eda durante\u00a0<span class=\"marku4ndg54gy\" data-markjs=\"true\">la<\/span>\u00a0primera sesi\u00f3n ordinaria del\u00a0<span class=\"markldippbz7u\" data-markjs=\"true\">2018<\/span><\/b><\/p>\n<p class=\"x_MsoNormal\">\n<p class=\"x_MsoNormal\">El Consejo Municipal de Protecci\u00f3n Civil entr\u00f3\u00a0<span class=\"markq8h5zkl6k\" data-markjs=\"true\">h<\/span>oy en sesi\u00f3n permanente ante\u00a0<span class=\"marku4ndg54gy\" data-markjs=\"true\">la<\/span>\u00a0llegada del periodo de lluvias; para este a\u00f1o se tienen pronosticados 17\u00a0<span class=\"markq8h5zkl6k\" data-markjs=\"true\">h<\/span>uracanes sin embargo, de acuerdo a estimaciones\u00a0<span class=\"markq8h5zkl6k\" data-markjs=\"true\">h<\/span>ec<span class=\"markq8h5zkl6k\" data-markjs=\"true\">h<\/span>as por\u00a0<span class=\"marku4ndg54gy\" data-markjs=\"true\">la<\/span>\u00a0Comisi\u00f3n Nacional del Agua (CONAGUA),\u00a0<span class=\"marku4ndg54gy\" data-markjs=\"true\">la<\/span>s primeras precipitaciones leves se dar\u00edan\u00a0<span class=\"markq8h5zkl6k\" data-markjs=\"true\">h<\/span>asta el pr\u00f3ximo mes de junio. Mientras, se pronostican temperaturas muy altas.<\/p>\n<p class=\"x_MsoNormal\"><span class=\"marku4ndg54gy\" data-markjs=\"true\">La<\/span>\u00a0dec<span class=\"marku4ndg54gy\" data-markjs=\"true\">la<\/span>ratoria se realiz\u00f3 este medio d\u00eda en el Centro Cultural\u00a0<span class=\"mark7rwzeefew\" data-markjs=\"true\">Piedad<\/span>ense, en reuni\u00f3n ordinaria del Consejo Municipal de Protecci\u00f3n Civil, que preside en estos momentos el s\u00edndico Nico<span class=\"marku4ndg54gy\" data-markjs=\"true\">l\u00e1<\/span>s\u00a0<span class=\"markq8h5zkl6k\" data-markjs=\"true\">H<\/span>ermosillo Garc\u00eda, como encargado del despac<span class=\"markq8h5zkl6k\" data-markjs=\"true\">h<\/span>o del Presidente, as\u00ed como integrantes de\u00a0<span class=\"marku4ndg54gy\" data-markjs=\"true\">la<\/span>s diversas corporaciones de auxilio, Tr\u00e1nsito Estatal y Municipal, Jurisdicci\u00f3n Sanitaria,\u00a0<span class=\"markq8h5zkl6k\" data-markjs=\"true\">H<\/span>ospital Regional y dependencias de gobierno tales como DIF, Seguridad P\u00fablica, Obras P\u00fablicas, Desarrollo Social, Oficial\u00eda Mayor, Secretar\u00eda del<span class=\"mark7ccdqtebl\" data-markjs=\"true\">Ayuntamiento<\/span>\u00a0y Comunicaci\u00f3n Social.<\/p>\n<p class=\"x_MsoNormal\">Juan Gabriel N\u00fa\u00f1ez Naranjo, coordinador municipal de Protecci\u00f3n Civil dio a conocer datos espec\u00edficos que se encuentran en el at<span class=\"marku4ndg54gy\" data-markjs=\"true\">la<\/span>s de riesgos en donde establece que los fen\u00f3menos a los que se deben tomar en cuenta en este municipio, son los<span class=\"markq8h5zkl6k\" data-markjs=\"true\">h<\/span>idrometeorol\u00f3gicos.<\/p>\n<p class=\"x_MsoNormal\">En este sentido, coment\u00f3 que\u00a0<span class=\"marku4ndg54gy\" data-markjs=\"true\">la<\/span>\u00a0Comisi\u00f3n Nacional de Agua tiene pronosticados para este periodo de lluvias 17\u00a0<span class=\"markq8h5zkl6k\" data-markjs=\"true\">h<\/span>uracanes (el a\u00f1o pasado\u00a0<span class=\"markq8h5zkl6k\" data-markjs=\"true\">h<\/span>ubo 18), algunos con influencia en el pac\u00edfico y otros en el at<span class=\"marku4ndg54gy\" data-markjs=\"true\">l\u00e1<\/span>ntico, por lo que requieren ajustar los programas a ellos, as\u00ed como de\u00a0<span class=\"marku4ndg54gy\" data-markjs=\"true\">la<\/span>s tormentas at\u00edpicas.<\/p>\n<p class=\"x_MsoNormal\">El at<span class=\"marku4ndg54gy\" data-markjs=\"true\">la<\/span>s de riesgo en\u00a0<span class=\"marku4ndg54gy\" data-markjs=\"true\">La<\/span>\u00a0<span class=\"mark7rwzeefew\" data-markjs=\"true\">Piedad<\/span>\u00a0reconoce a\u00a0<span class=\"marku4ndg54gy\" data-markjs=\"true\">la<\/span>\u00a0zona inundable en\u00a0<span class=\"marku4ndg54gy\" data-markjs=\"true\">la<\/span>s \u00e1reas de: Fraccionamiento Dr. Miguel Silva, 3 Estrel<span class=\"marku4ndg54gy\" data-markjs=\"true\">la<\/span>s,\u00a0<span class=\"marku4ndg54gy\" data-markjs=\"true\">La<\/span>\u00a0Pur\u00edsima, calle Doctor\u00a0<span class=\"markq8h5zkl6k\" data-markjs=\"true\">H<\/span>errera, El Malec\u00f3n, Nueva\u00a0<span class=\"marku4ndg54gy\" data-markjs=\"true\">L\u00e1<\/span>zaro C\u00e1rdenas, fraccionamientos El Cuitzillo y El Ensue\u00f1o, as\u00ed como Galer\u00edas del R\u00edo y San Jos\u00e9. \u00c1reas con deslizamientos de\u00a0<span class=\"marku4ndg54gy\" data-markjs=\"true\">la<\/span>deras en\u00a0<span class=\"marku4ndg54gy\" data-markjs=\"true\">la<\/span>s colonias: Ju\u00e1rez, San Jos\u00e9, Nueva Banquetes, calle Pedro Aceves, Calpu<span class=\"marku4ndg54gy\" data-markjs=\"true\">la<\/span>lpan, El Ranc<span class=\"markq8h5zkl6k\" data-markjs=\"true\">h<\/span>ito y\u00a0<span class=\"marku4ndg54gy\" data-markjs=\"true\">la<\/span>S\u00f3stenes Roc<span class=\"markq8h5zkl6k\" data-markjs=\"true\">h<\/span>a.<\/p>\n<p class=\"x_MsoNormal\">Para atender a todas\u00a0<span class=\"marku4ndg54gy\" data-markjs=\"true\">la<\/span>s \u00e1reas que pudieran estar en riesgo, se cuenta ya con los refugios temporales los cuales estar\u00edan a cargo del DIF y Desarrollo Social administrados por Protecci\u00f3n Civil en\u00a0<span class=\"marku4ndg54gy\" data-markjs=\"true\">la<\/span>\u00a0calle\u00a0<span class=\"markq8h5zkl6k\" data-markjs=\"true\">H<\/span>idalgo, los centros comunitarios existentes y\u00a0<span class=\"marku4ndg54gy\" data-markjs=\"true\">la<\/span>Universidad del Valle de Atemajac quien apoyar\u00eda con los alumnos del \u00e1rea de gastronom\u00eda.<\/p>\n","protected":false},"excerpt":{"rendered":"<p>Autoridades que lo integran\u00a0hicieron\u00a0la\u00a0declaratoria este d\u00eda durante\u00a0la\u00a0primera sesi\u00f3n ordinaria del\u00a02018 El Consejo Municipal de Protecci\u00f3n&#8230;<\/p>\n","protected":false},"author":1,"featured_media":3760,"comment_status":"open","ping_status":"open","sticky":false,"template":"","format":"standard","meta":{"jetpack_post_was_ever_published":false,"_jetpack_newsletter_access":"","_jetpack_dont_email_post_to_subs":false,"_jetpack_newsletter_tier_id":0,"_jetpack_memberships_contains_paywalled_content":false,"_jetpack_memberships_contains_paid_content":false,"footnotes":"","jetpack_publicize_message":"","jetpack_publicize_feature_enabled":true,"jetpack_social_post_already_shared":false,"jetpack_social_options":{"image_generator_settings":{"template":"highway","enabled":false},"version":2}},"categories":[1],"tags":[15],"class_list":["post-3759","post","type-post","status-publish","format-standard","has-post-thumbnail","hentry","category-la-piedad","tag-la-piedad"],"jetpack_publicize_connections":[],"jetpack_sharing_enabled":true,"featured_image_urls":{"full":["http:\/\/tvalaire.com\/wp-content\/uploads\/2018\/06\/01-2-1.jpg",448,299,false],"thumbnail":["http:\/\/tvalaire.com\/wp-content\/uploads\/2018\/06\/01-2-1-150x150.jpg",150,150,true],"medium":["http:\/\/tvalaire.com\/wp-content\/uploads\/2018\/06\/01-2-1-300x200.jpg",300,200,true],"medium_large":["http:\/\/tvalaire.com\/wp-content\/uploads\/2018\/06\/01-2-1.jpg",448,299,false],"large":["http:\/\/tvalaire.com\/wp-content\/uploads\/2018\/06\/01-2-1.jpg",448,299,false],"post-slider-thumb-size":["http:\/\/tvalaire.com\/wp-content\/uploads\/2018\/06\/01-2-1.jpg",285,190,false],"post-category-slider-size":["http:\/\/tvalaire.com\/wp-content\/uploads\/2018\/06\/01-2-1.jpg",330,220,false],"1536x1536":["http:\/\/tvalaire.com\/wp-content\/uploads\/2018\/06\/01-2-1.jpg",448,299,false],"2048x2048":["http:\/\/tvalaire.com\/wp-content\/uploads\/2018\/06\/01-2-1.jpg",448,299,false],"newsium-slider-full":["http:\/\/tvalaire.com\/wp-content\/uploads\/2018\/06\/01-2-1.jpg",448,299,false],"newsium-featured":["http:\/\/tvalaire.com\/wp-content\/uploads\/2018\/06\/01-2-1.jpg",448,299,false],"newsium-medium":["http:\/\/tvalaire.com\/wp-content\/uploads\/2018\/06\/01-2-1.jpg",448,299,false]},"author_info":{"info":["tvalairenoti"]},"category_info":"<a href=\"http:\/\/tvalaire.com\/?cat=1\" rel=\"category\">La Piedad<\/a>","tag_info":"La Piedad","comment_count":"0","jetpack_featured_media_url":"http:\/\/tvalaire.com\/wp-content\/uploads\/2018\/06\/01-2-1.jpg","_links":{"self":[{"href":"http:\/\/tvalaire.com\/index.php?rest_route=\/wp\/v2\/posts\/3759"}],"collection":[{"href":"http:\/\/tvalaire.com\/index.php?rest_route=\/wp\/v2\/posts"}],"about":[{"href":"http:\/\/tvalaire.com\/index.php?rest_route=\/wp\/v2\/types\/post"}],"author":[{"embeddable":true,"href":"http:\/\/tvalaire.com\/index.php?rest_route=\/wp\/v2\/users\/1"}],"replies":[{"embeddable":true,"href":"http:\/\/tvalaire.com\/index.php?rest_route=%2Fwp%2Fv2%2Fcomments&post=3759"}],"version-history":[{"count":1,"href":"http:\/\/tvalaire.com\/index.php?rest_route=\/wp\/v2\/posts\/3759\/revisions"}],"predecessor-version":[{"id":3761,"href":"http:\/\/tvalaire.com\/index.php?rest_route=\/wp\/v2\/posts\/3759\/revisions\/3761"}],"wp:featuredmedia":[{"embeddable":true,"href":"http:\/\/tvalaire.com\/index.php?rest_route=\/wp\/v2\/media\/3760"}],"wp:attachment":[{"href":"http:\/\/tvalaire.com\/index.php?rest_route=%2Fwp%2Fv2%2Fmedia&parent=3759"}],"wp:term":[{"taxonomy":"category","embeddable":true,"href":"http:\/\/tvalaire.com\/index.php?rest_route=%2Fwp%2Fv2%2Fcategories&post=3759"},{"taxonomy":"post_tag","embeddable":true,"href":"http:\/\/tvalaire.com\/index.php?rest_route=%2Fwp%2Fv2%2Ftags&post=3759"}],"curies":[{"name":"wp","href":"https:\/\/api.w.org\/{rel}","templated":true}]}}