{"id":3751,"date":"2018-05-04T09:25:15","date_gmt":"2018-05-04T14:25:15","guid":{"rendered":"http:\/\/tvalaire.com\/?p=3751"},"modified":"2018-06-06T09:25:55","modified_gmt":"2018-06-06T14:25:55","slug":"secretario-de-seguridad-publica-se-reunio-hoy-con-lideres-del-transporte-en-la-ciudad","status":"publish","type":"post","link":"http:\/\/tvalaire.com\/?p=3751","title":{"rendered":"SECRETARIO DE SEGURIDAD P\u00daBLICA SE REUNI\u00d3 HOY CON L\u00cdDERES DEL TRANSPORTE EN LA CIUDAD"},"content":{"rendered":"<p>&nbsp;<\/p>\n<p>El encuentro se dio, a petici\u00f3n de los concesionarios ante el Alcalde para analizar el tema de las detenciones de sus compa\u00f1eros<\/p>\n<p>El Secretario de Seguridad P\u00fablica del Estado, Juan Bernardo Corona por intervenci\u00f3n del Alcalde, se reuni\u00f3 hoy con concesionarios del transporte en la Ciudad para analizar la situaci\u00f3n de sus compa\u00f1eros detenidos durante el bloqueo del 2 de mayo, en donde el funcionario estatal acord\u00f3 liberar a los detenidos en un lapso de dos horas a partir de la reuni\u00f3n.<\/p>\n<p>Juan Bernardo Corona inform\u00f3 a los l\u00edderes del transporte que ten\u00eda instrucciones del Gobernador del Estado, para agilizar los tr\u00e1mites y liberar a sus compa\u00f1eros en el transcurso del d\u00eda de hoy.<\/p>\n<p>Durante la reuni\u00f3n, se plante\u00f3 a su vez el inter\u00e9s que ha manifestado el Presidente Municipal para que los transportistas colaboren e inmediatamente despu\u00e9s de la liberaci\u00f3n de sus compa\u00f1eros puedan reanudar el servicio p\u00fablico en la Ciudad.<\/p>\n<p>Los concesionarios por su parte, expresaron tambi\u00e9n su inter\u00e9s por reanudar el servicio, ya que este es el principal sustento y al no laborar est\u00e1n afectando tambi\u00e9n su econom\u00eda y la de sus familias.<\/p>\n<p>Y en este mismo tenor, solicitaron al Secretario de Seguridad P\u00fablica hacer efectiva la informaci\u00f3n que les brind\u00f3, para dar tranquilidad a las familias de los compa\u00f1eros detenidos.<\/p>\n<p>La reuni\u00f3n entre el Secretario de Seguridad P\u00fablica del Estado con los concesionarios se dio, luego de la visita que hizo el Alcalde este jueves a Morelia en donde se reuni\u00f3 con el subsecretario de gobernaci\u00f3n, Armando Hurtado.<\/p>\n<p>&nbsp;<\/p>\n<p>&nbsp;<\/p>\n<p>&#8212;&#8212;&#8212;&#8212;&#8212;&#8212;&#8212;&#8212;&#8212;&#8212;&#8212;&#8212;&#8212;&#8212;&#8212;&#8212;&#8212;&#8212;&#8212;&#8212;&#8212;&#8212;&#8212;&#8212;&#8212;&#8212;&#8212;&#8212;&#8212;&#8212;&#8212;&#8212;&#8212;&#8212;&#8212;&#8212;&#8211;<\/p>\n<ul>\n<li>Este mensaje tiene exclusivamente fines informativos en materia de protecci\u00f3n civil, seguridad y\/o salud p\u00fablica, de conformidad con lo dispuesto por el primer p\u00e1rrafo del art\u00edculo 209 de la Ley General de Instituciones y Procedimientos Electorales (LGIPE).<\/li>\n<\/ul>\n","protected":false},"excerpt":{"rendered":"<p>&nbsp; El encuentro se dio, a petici\u00f3n de los concesionarios ante el Alcalde para analizar&#8230;<\/p>\n","protected":false},"author":1,"featured_media":0,"comment_status":"open","ping_status":"open","sticky":false,"template":"","format":"standard","meta":{"jetpack_post_was_ever_published":false,"_jetpack_newsletter_access":"","_jetpack_dont_email_post_to_subs":false,"_jetpack_newsletter_tier_id":0,"_jetpack_memberships_contains_paywalled_content":false,"_jetpack_memberships_contains_paid_content":false,"footnotes":"","jetpack_publicize_message":"","jetpack_publicize_feature_enabled":true,"jetpack_social_post_already_shared":false,"jetpack_social_options":{"image_generator_settings":{"template":"highway","enabled":false},"version":2}},"categories":[1],"tags":[15],"class_list":["post-3751","post","type-post","status-publish","format-standard","hentry","category-la-piedad","tag-la-piedad"],"jetpack_publicize_connections":[],"jetpack_sharing_enabled":true,"featured_image_urls":{"full":"","thumbnail":"","medium":"","medium_large":"","large":"","post-slider-thumb-size":"","post-category-slider-size":"","1536x1536":"","2048x2048":"","newsium-slider-full":"","newsium-featured":"","newsium-medium":""},"author_info":{"info":["tvalairenoti"]},"category_info":"<a href=\"http:\/\/tvalaire.com\/?cat=1\" rel=\"category\">La Piedad<\/a>","tag_info":"La Piedad","comment_count":"0","jetpack_featured_media_url":"","_links":{"self":[{"href":"http:\/\/tvalaire.com\/index.php?rest_route=\/wp\/v2\/posts\/3751"}],"collection":[{"href":"http:\/\/tvalaire.com\/index.php?rest_route=\/wp\/v2\/posts"}],"about":[{"href":"http:\/\/tvalaire.com\/index.php?rest_route=\/wp\/v2\/types\/post"}],"author":[{"embeddable":true,"href":"http:\/\/tvalaire.com\/index.php?rest_route=\/wp\/v2\/users\/1"}],"replies":[{"embeddable":true,"href":"http:\/\/tvalaire.com\/index.php?rest_route=%2Fwp%2Fv2%2Fcomments&post=3751"}],"version-history":[{"count":1,"href":"http:\/\/tvalaire.com\/index.php?rest_route=\/wp\/v2\/posts\/3751\/revisions"}],"predecessor-version":[{"id":3752,"href":"http:\/\/tvalaire.com\/index.php?rest_route=\/wp\/v2\/posts\/3751\/revisions\/3752"}],"wp:attachment":[{"href":"http:\/\/tvalaire.com\/index.php?rest_route=%2Fwp%2Fv2%2Fmedia&parent=3751"}],"wp:term":[{"taxonomy":"category","embeddable":true,"href":"http:\/\/tvalaire.com\/index.php?rest_route=%2Fwp%2Fv2%2Fcategories&post=3751"},{"taxonomy":"post_tag","embeddable":true,"href":"http:\/\/tvalaire.com\/index.php?rest_route=%2Fwp%2Fv2%2Ftags&post=3751"}],"curies":[{"name":"wp","href":"https:\/\/api.w.org\/{rel}","templated":true}]}}