{"id":3748,"date":"2018-06-06T08:55:57","date_gmt":"2018-06-06T13:55:57","guid":{"rendered":"http:\/\/tvalaire.com\/?p=3748"},"modified":"2018-06-06T08:55:57","modified_gmt":"2018-06-06T13:55:57","slug":"alumnos-del-tecnologico-y-colegio-cristobal-colon-recibieron-reconocimiento-al-merito-ambiental","status":"publish","type":"post","link":"http:\/\/tvalaire.com\/?p=3748","title":{"rendered":"ALUMNOS DEL TECNOL\u00d3GICO Y COLEGIO CRIST\u00d3BAL COL\u00d3N RECIBIERON RECONOCIMIENTO AL \u201cM\u00c9RITO AMBIENTAL\u201d"},"content":{"rendered":"<p>Autoridades municipales representadas por el s\u00edndico, Nicol\u00e1s Hermosillo Garc\u00eda como encargado del despacho del Presidente, entregaron el reconocimiento al M\u00e9rito Ambiental \u201cNicol\u00e1s Castillo Hern\u00e1ndez\u201d, a estudiantes del Instituto Tecnol\u00f3gico La Piedad y alumnos del colegio Crist\u00f3bal Col\u00f3n, por ser parte fundamental para el mejoramiento de entorno ecol\u00f3gico de la localidad.<\/p>\n<p>La entrega de dicha distinci\u00f3n se hizo en el marco de la conmemoraci\u00f3n del D\u00eda Internacional del Medio Ambiente en un acto que encabez\u00f3 el s\u00edndico Nicol\u00e1s Hermosillo Garc\u00eda; Julio Ceja, subdirector del Instituto Tecnol\u00f3gico La Piedad; Graciela M\u00e9ndez representante del Colegio de Michoac\u00e1n; los regidores Dulce Jazm\u00edn Hern\u00e1ndez Z\u00e1rate y Ulises No\u00e9 Caratachea y el coordinador de ecolog\u00eda Erwin Monta\u00f1o Garc\u00eda, en las instalaciones de Ecolog\u00eda de La Piedad.<\/p>\n<p>El m\u00e9rito ambiental \u201cNicol\u00e1s Castillo Hern\u00e1ndez\u201d, fue instituido por este Gobierno Municipal el a\u00f1o pasado, con el fin de reconocer a aquellas personas que fueran merecedoras de este reconocimiento por su\u00a0 trabajo realizado en pro de la ecolog\u00eda y medio ambiente local.<\/p>\n<p>Al respecto, el S\u00edndico reconoci\u00f3 la participaci\u00f3n de los homenajeados quienes se han destacado por ser factores de un cambio importante en pro de todos los que habitamos en La Piedad.<\/p>\n<p>Los homenajeados este a\u00f1o fueron: Wendy Cano, Marcela Alvarado y Gil Torres alumnos del Instituto Tecnol\u00f3gico La Piedad; as\u00ed como la maestra Bertha Guadalupe Aranda Y\u00e9pez, directora del colegio Crist\u00f3bal Col\u00f3n, con quienes establecieron mancuerna para poner en marcha un programa de limpieza sobre el margen del r\u00edo Lerma.<\/p>\n<p>&nbsp;<\/p>\n","protected":false},"excerpt":{"rendered":"<p>Autoridades municipales representadas por el s\u00edndico, Nicol\u00e1s Hermosillo Garc\u00eda como encargado del despacho del Presidente,&#8230;<\/p>\n","protected":false},"author":1,"featured_media":3749,"comment_status":"open","ping_status":"open","sticky":false,"template":"","format":"standard","meta":{"jetpack_post_was_ever_published":false,"_jetpack_newsletter_access":"","_jetpack_dont_email_post_to_subs":false,"_jetpack_newsletter_tier_id":0,"_jetpack_memberships_contains_paywalled_content":false,"_jetpack_memberships_contains_paid_content":false,"footnotes":"","jetpack_publicize_message":"","jetpack_publicize_feature_enabled":true,"jetpack_social_post_already_shared":false,"jetpack_social_options":{"image_generator_settings":{"template":"highway","enabled":false},"version":2}},"categories":[1],"tags":[15,36],"class_list":["post-3748","post","type-post","status-publish","format-standard","has-post-thumbnail","hentry","category-la-piedad","tag-la-piedad","tag-principales"],"jetpack_publicize_connections":[],"jetpack_sharing_enabled":true,"featured_image_urls":{"full":["http:\/\/tvalaire.com\/wp-content\/uploads\/2018\/06\/thumbnail_DSC_6114.jpg",1280,853,false],"thumbnail":["http:\/\/tvalaire.com\/wp-content\/uploads\/2018\/06\/thumbnail_DSC_6114-150x150.jpg",150,150,true],"medium":["http:\/\/tvalaire.com\/wp-content\/uploads\/2018\/06\/thumbnail_DSC_6114-300x200.jpg",300,200,true],"medium_large":["http:\/\/tvalaire.com\/wp-content\/uploads\/2018\/06\/thumbnail_DSC_6114-768x512.jpg",640,427,true],"large":["http:\/\/tvalaire.com\/wp-content\/uploads\/2018\/06\/thumbnail_DSC_6114-1024x682.jpg",640,426,true],"post-slider-thumb-size":["http:\/\/tvalaire.com\/wp-content\/uploads\/2018\/06\/thumbnail_DSC_6114.jpg",285,190,false],"post-category-slider-size":["http:\/\/tvalaire.com\/wp-content\/uploads\/2018\/06\/thumbnail_DSC_6114.jpg",330,220,false],"1536x1536":["http:\/\/tvalaire.com\/wp-content\/uploads\/2018\/06\/thumbnail_DSC_6114.jpg",1280,853,false],"2048x2048":["http:\/\/tvalaire.com\/wp-content\/uploads\/2018\/06\/thumbnail_DSC_6114.jpg",1280,853,false],"newsium-slider-full":["http:\/\/tvalaire.com\/wp-content\/uploads\/2018\/06\/thumbnail_DSC_6114.jpg",1268,845,false],"newsium-featured":["http:\/\/tvalaire.com\/wp-content\/uploads\/2018\/06\/thumbnail_DSC_6114.jpg",1024,682,false],"newsium-medium":["http:\/\/tvalaire.com\/wp-content\/uploads\/2018\/06\/thumbnail_DSC_6114.jpg",713,475,false]},"author_info":{"info":["tvalairenoti"]},"category_info":"<a href=\"http:\/\/tvalaire.com\/?cat=1\" rel=\"category\">La Piedad<\/a>","tag_info":"La Piedad","comment_count":"0","jetpack_featured_media_url":"http:\/\/tvalaire.com\/wp-content\/uploads\/2018\/06\/thumbnail_DSC_6114.jpg","_links":{"self":[{"href":"http:\/\/tvalaire.com\/index.php?rest_route=\/wp\/v2\/posts\/3748"}],"collection":[{"href":"http:\/\/tvalaire.com\/index.php?rest_route=\/wp\/v2\/posts"}],"about":[{"href":"http:\/\/tvalaire.com\/index.php?rest_route=\/wp\/v2\/types\/post"}],"author":[{"embeddable":true,"href":"http:\/\/tvalaire.com\/index.php?rest_route=\/wp\/v2\/users\/1"}],"replies":[{"embeddable":true,"href":"http:\/\/tvalaire.com\/index.php?rest_route=%2Fwp%2Fv2%2Fcomments&post=3748"}],"version-history":[{"count":1,"href":"http:\/\/tvalaire.com\/index.php?rest_route=\/wp\/v2\/posts\/3748\/revisions"}],"predecessor-version":[{"id":3750,"href":"http:\/\/tvalaire.com\/index.php?rest_route=\/wp\/v2\/posts\/3748\/revisions\/3750"}],"wp:featuredmedia":[{"embeddable":true,"href":"http:\/\/tvalaire.com\/index.php?rest_route=\/wp\/v2\/media\/3749"}],"wp:attachment":[{"href":"http:\/\/tvalaire.com\/index.php?rest_route=%2Fwp%2Fv2%2Fmedia&parent=3748"}],"wp:term":[{"taxonomy":"category","embeddable":true,"href":"http:\/\/tvalaire.com\/index.php?rest_route=%2Fwp%2Fv2%2Fcategories&post=3748"},{"taxonomy":"post_tag","embeddable":true,"href":"http:\/\/tvalaire.com\/index.php?rest_route=%2Fwp%2Fv2%2Ftags&post=3748"}],"curies":[{"name":"wp","href":"https:\/\/api.w.org\/{rel}","templated":true}]}}