{"id":3741,"date":"2018-05-03T10:48:28","date_gmt":"2018-05-03T15:48:28","guid":{"rendered":"http:\/\/tvalaire.com\/?p=3741"},"modified":"2018-06-04T10:50:17","modified_gmt":"2018-06-04T15:50:17","slug":"el-tapaton-scout-la-piedad-llego-tambien-al-cereso","status":"publish","type":"post","link":"http:\/\/tvalaire.com\/?p=3741","title":{"rendered":"EL TAPAT\u00d3N SCOUT\u00a0LA\u00a0PIEDAD\u00a0LLEG\u00d3 TAMBI\u00c9N AL CERESO"},"content":{"rendered":"<p class=\"x_MsoNormal\" align=\"center\"><b><span class=\"mark6fzv2fthr\" data-markjs=\"true\">La<\/span>s personas que est\u00e1n privadas de su libertad co<span class=\"mark6fzv2fthr\" data-markjs=\"true\">la<\/span>boraron tambi\u00e9n para esta noble causa que busca brindar tratamientos gratuitos a ni\u00f1os enfermos de c\u00e1ncer<\/b><\/p>\n<p class=\"x_MsoNormal\">\n<p class=\"x_MsoNormal\"><span class=\"mark6fzv2fthr\" data-markjs=\"true\">La<\/span>\u00a0campa\u00f1a Tapat\u00f3n Scout\u00a0<span class=\"mark6fzv2fthr\" data-markjs=\"true\">La<\/span>\u00a0<span class=\"mark5nbqd63cu\" data-markjs=\"true\">Piedad<\/span>\u00a0<span class=\"mark0rh6d2os4\" data-markjs=\"true\">2018<\/span>, lleg\u00f3 este d\u00eda al Centro de Reinserci\u00f3n Social (CERESO), en donde\u00a0<span class=\"mark6fzv2fthr\" data-markjs=\"true\">la<\/span>s personas que est\u00e1n privadas de su libertad, tambi\u00e9n contribuyeron con esta noble causa con\u00a0<span class=\"mark6fzv2fthr\" data-markjs=\"true\">la<\/span>\u00a0cual se garantizar\u00e1n tratamientos gratuitos para ni\u00f1os enfermos de c\u00e1ncer.<\/p>\n<p class=\"x_MsoNormal\">Alejandro Sald\u00edvar Salda\u00f1a director del instituto de\u00a0<span class=\"mark6fzv2fthr\" data-markjs=\"true\">la<\/span>\u00a0juventud\u00a0<span class=\"mark5nbqd63cu\" data-markjs=\"true\">piedad<\/span>ense acudi\u00f3 en representaci\u00f3n del Alcalde a recibir\u00a0<span class=\"mark6fzv2fthr\" data-markjs=\"true\">la<\/span>s tapas de p<span class=\"mark6fzv2fthr\" data-markjs=\"true\">l\u00e1<\/span>stico con\u00a0<span class=\"mark6fzv2fthr\" data-markjs=\"true\">la<\/span>s que\u00a0<span class=\"mark6fzv2fthr\" data-markjs=\"true\">la<\/span>s personas que est\u00e1n privadas de su libertad participan.<\/p>\n<p class=\"x_MsoNormal\">A<span class=\"markprlqnh7fn\" data-markjs=\"true\">h<\/span>\u00ed expres\u00f3 que con esta acci\u00f3n, ellos daban el ejemplo de que desde cualquier trinc<span class=\"markprlqnh7fn\" data-markjs=\"true\">h<\/span>era en\u00a0<span class=\"mark6fzv2fthr\" data-markjs=\"true\">la<\/span>\u00a0que se encuentren, pueden apoyar a\u00a0<span class=\"mark6fzv2fthr\" data-markjs=\"true\">la<\/span>\u00a0salud de\u00a0<span class=\"mark6fzv2fthr\" data-markjs=\"true\">la<\/span>\u00a0pob<span class=\"mark6fzv2fthr\" data-markjs=\"true\">la<\/span>ci\u00f3n, por lo que agradeci\u00f3 el apoyo que otorgaron a esta campa\u00f1a con\u00a0<span class=\"mark6fzv2fthr\" data-markjs=\"true\">la<\/span>\u00a0que contribuyen a garantizar tratamientos gratuitos contra el c\u00e1ncer a muc<span class=\"markprlqnh7fn\" data-markjs=\"true\">h<\/span>os ni\u00f1os que padecen\u00a0<span class=\"markprlqnh7fn\" data-markjs=\"true\">h<\/span>oy esta enfermedad.<\/p>\n<p class=\"x_MsoNormal\">Evangelina Raya Arreo<span class=\"mark6fzv2fthr\" data-markjs=\"true\">la<\/span>\u00a0directora del CERESO recibi\u00f3 tambi\u00e9n a\u00a0<span class=\"mark6fzv2fthr\" data-markjs=\"true\">la<\/span>s regidoras Yelitza T\u00e9llez\u00a0<span class=\"markprlqnh7fn\" data-markjs=\"true\">H<\/span>ern\u00e1ndez de\u00a0<span class=\"mark6fzv2fthr\" data-markjs=\"true\">la<\/span>\u00a0comisi\u00f3n de salud; Estefan\u00eda Espinosa Gonz\u00e1lez y Crisanto Loeza Ru\u00edz.<\/p>\n<p class=\"x_MsoNormal\"><span class=\"mark6fzv2fthr\" data-markjs=\"true\">La<\/span>s tapitas de p<span class=\"mark6fzv2fthr\" data-markjs=\"true\">l\u00e1<\/span>stico que recibieron ser\u00e1n entregadas pr\u00f3ximamente a\u00a0<span class=\"mark6fzv2fthr\" data-markjs=\"true\">la<\/span>\u00a0Asociaci\u00f3n Mexicana de Ayuda a Ni\u00f1os con C\u00e1ncer (AMANC), para canjear<span class=\"mark6fzv2fthr\" data-markjs=\"true\">la<\/span>s por tratamientos para peque\u00f1os que est\u00e1n enfermos y que no tienen para pagar su proceso de intervenci\u00f3n y recuperaci\u00f3n.<\/p>\n<p class=\"x_MsoNormal\">Yelitza T\u00e9llez reconoci\u00f3 y felicit\u00f3 a\u00a0<span class=\"mark6fzv2fthr\" data-markjs=\"true\">la<\/span>s personas que est\u00e1n privadas de su libertad por co<span class=\"mark6fzv2fthr\" data-markjs=\"true\">la<\/span>borar en esta campa\u00f1a con\u00a0<span class=\"mark6fzv2fthr\" data-markjs=\"true\">la<\/span>\u00a0cual, contribuir\u00e1n a salvar muc<span class=\"markprlqnh7fn\" data-markjs=\"true\">h<\/span>as vidas de ni\u00f1os que<span class=\"markprlqnh7fn\" data-markjs=\"true\">h<\/span>oy padecen c\u00e1ncer.<\/p>\n<p class=\"x_MsoNormal\"><span class=\"mark6fzv2fthr\" data-markjs=\"true\">La<\/span>\u00a0gran colecta de este tapat\u00f3n se realizar\u00e1 en\u00a0<span class=\"mark6fzv2fthr\" data-markjs=\"true\">la<\/span>\u00a0P<span class=\"mark6fzv2fthr\" data-markjs=\"true\">la<\/span>za Principal en fec<span class=\"markprlqnh7fn\" data-markjs=\"true\">h<\/span>as pr\u00f3ximas en donde toda\u00a0<span class=\"mark6fzv2fthr\" data-markjs=\"true\">la<\/span>\u00a0pob<span class=\"mark6fzv2fthr\" data-markjs=\"true\">la<\/span>ci\u00f3n podr\u00e1 a su vez contribuir con esta noble causa.<\/p>\n","protected":false},"excerpt":{"rendered":"<p>Las personas que est\u00e1n privadas de su libertad colaboraron tambi\u00e9n para esta noble causa que&#8230;<\/p>\n","protected":false},"author":1,"featured_media":3742,"comment_status":"open","ping_status":"open","sticky":false,"template":"","format":"standard","meta":{"jetpack_post_was_ever_published":false,"_jetpack_newsletter_access":"","_jetpack_dont_email_post_to_subs":false,"_jetpack_newsletter_tier_id":0,"_jetpack_memberships_contains_paywalled_content":false,"_jetpack_memberships_contains_paid_content":false,"footnotes":"","jetpack_publicize_message":"","jetpack_publicize_feature_enabled":true,"jetpack_social_post_already_shared":false,"jetpack_social_options":{"image_generator_settings":{"template":"highway","enabled":false},"version":2}},"categories":[1],"tags":[15],"class_list":["post-3741","post","type-post","status-publish","format-standard","has-post-thumbnail","hentry","category-la-piedad","tag-la-piedad"],"jetpack_publicize_connections":[],"jetpack_sharing_enabled":true,"featured_image_urls":{"full":["http:\/\/tvalaire.com\/wp-content\/uploads\/2018\/06\/02-13.jpg",448,299,false],"thumbnail":["http:\/\/tvalaire.com\/wp-content\/uploads\/2018\/06\/02-13-150x150.jpg",150,150,true],"medium":["http:\/\/tvalaire.com\/wp-content\/uploads\/2018\/06\/02-13-300x200.jpg",300,200,true],"medium_large":["http:\/\/tvalaire.com\/wp-content\/uploads\/2018\/06\/02-13.jpg",448,299,false],"large":["http:\/\/tvalaire.com\/wp-content\/uploads\/2018\/06\/02-13.jpg",448,299,false],"post-slider-thumb-size":["http:\/\/tvalaire.com\/wp-content\/uploads\/2018\/06\/02-13.jpg",285,190,false],"post-category-slider-size":["http:\/\/tvalaire.com\/wp-content\/uploads\/2018\/06\/02-13.jpg",330,220,false],"1536x1536":["http:\/\/tvalaire.com\/wp-content\/uploads\/2018\/06\/02-13.jpg",448,299,false],"2048x2048":["http:\/\/tvalaire.com\/wp-content\/uploads\/2018\/06\/02-13.jpg",448,299,false],"newsium-slider-full":["http:\/\/tvalaire.com\/wp-content\/uploads\/2018\/06\/02-13.jpg",448,299,false],"newsium-featured":["http:\/\/tvalaire.com\/wp-content\/uploads\/2018\/06\/02-13.jpg",448,299,false],"newsium-medium":["http:\/\/tvalaire.com\/wp-content\/uploads\/2018\/06\/02-13.jpg",448,299,false]},"author_info":{"info":["tvalairenoti"]},"category_info":"<a href=\"http:\/\/tvalaire.com\/?cat=1\" rel=\"category\">La Piedad<\/a>","tag_info":"La Piedad","comment_count":"0","jetpack_featured_media_url":"http:\/\/tvalaire.com\/wp-content\/uploads\/2018\/06\/02-13.jpg","_links":{"self":[{"href":"http:\/\/tvalaire.com\/index.php?rest_route=\/wp\/v2\/posts\/3741"}],"collection":[{"href":"http:\/\/tvalaire.com\/index.php?rest_route=\/wp\/v2\/posts"}],"about":[{"href":"http:\/\/tvalaire.com\/index.php?rest_route=\/wp\/v2\/types\/post"}],"author":[{"embeddable":true,"href":"http:\/\/tvalaire.com\/index.php?rest_route=\/wp\/v2\/users\/1"}],"replies":[{"embeddable":true,"href":"http:\/\/tvalaire.com\/index.php?rest_route=%2Fwp%2Fv2%2Fcomments&post=3741"}],"version-history":[{"count":1,"href":"http:\/\/tvalaire.com\/index.php?rest_route=\/wp\/v2\/posts\/3741\/revisions"}],"predecessor-version":[{"id":3743,"href":"http:\/\/tvalaire.com\/index.php?rest_route=\/wp\/v2\/posts\/3741\/revisions\/3743"}],"wp:featuredmedia":[{"embeddable":true,"href":"http:\/\/tvalaire.com\/index.php?rest_route=\/wp\/v2\/media\/3742"}],"wp:attachment":[{"href":"http:\/\/tvalaire.com\/index.php?rest_route=%2Fwp%2Fv2%2Fmedia&parent=3741"}],"wp:term":[{"taxonomy":"category","embeddable":true,"href":"http:\/\/tvalaire.com\/index.php?rest_route=%2Fwp%2Fv2%2Fcategories&post=3741"},{"taxonomy":"post_tag","embeddable":true,"href":"http:\/\/tvalaire.com\/index.php?rest_route=%2Fwp%2Fv2%2Ftags&post=3741"}],"curies":[{"name":"wp","href":"https:\/\/api.w.org\/{rel}","templated":true}]}}