{"id":3738,"date":"2018-05-03T10:45:12","date_gmt":"2018-05-03T15:45:12","guid":{"rendered":"http:\/\/tvalaire.com\/?p=3738"},"modified":"2018-06-04T10:47:58","modified_gmt":"2018-06-04T15:47:58","slug":"pide-alcalde-tranquilidad-a-los-transportistas-y-les-ofrece-todo-el-respaldo","status":"publish","type":"post","link":"http:\/\/tvalaire.com\/?p=3738","title":{"rendered":"PIDE ALCALDE TRANQUILIDAD A LOS TRANSPORTISTAS Y LES OFRECE TODO EL RESPALDO"},"content":{"rendered":"<p class=\"x_MsoNormal\"><b>Reiter\u00f3 con los integrantes de este gremio que exigir\u00e1 a\u00a0<span class=\"mark6lygarrcb\" data-markjs=\"true\">la<\/span>s autoridades estatales que se respeten los derec<span class=\"marky5a5nimu3\" data-markjs=\"true\">h<\/span>os\u00a0<span class=\"marky5a5nimu3\" data-markjs=\"true\">h<\/span>umanos y que se resuelva esta situaci\u00f3n por\u00a0<span class=\"mark6lygarrcb\" data-markjs=\"true\">la<\/span>\u00a0v\u00eda legal.<\/b><\/p>\n<p class=\"x_MsoNormal\"><b>\u00a0<\/b><\/p>\n<p class=\"x_MsoNormal\">El Presidente Municipal en reuni\u00f3n esta ma\u00f1ana con representantes de los concesionarios del servicio colectivo en\u00a0<span class=\"mark6lygarrcb\" data-markjs=\"true\">la<\/span>\u00a0ciudad, dijo que pedir\u00eda al Secretario de Gobierno y Secretario de Seguridad P\u00fablica del Estado respetar los derec<span class=\"marky5a5nimu3\" data-markjs=\"true\">h<\/span>os\u00a0<span class=\"marky5a5nimu3\" data-markjs=\"true\">h<\/span>umanos de los transportistas detenidos y apoyar\u00eda para\u00a0<span class=\"mark6lygarrcb\" data-markjs=\"true\">la<\/span>\u00a0liberaci\u00f3n de los 22 l\u00edderes y conductores que se encuentran detenidos.<\/p>\n<p class=\"x_MsoNormal\">Durante\u00a0<span class=\"mark6lygarrcb\" data-markjs=\"true\">la<\/span>\u00a0reuni\u00f3n trascendi\u00f3 que con base al nuevo sistema de justicia penal en Mic<span class=\"marky5a5nimu3\" data-markjs=\"true\">h<\/span>oac\u00e1n,\u00a0<span class=\"mark6lygarrcb\" data-markjs=\"true\">la<\/span>\u00a0salida de los detenidos que se encuentran en\u00a0<span class=\"mark6lygarrcb\" data-markjs=\"true\">la<\/span>\u00a0Secretar\u00eda de Seguridad P\u00fablica de Morelia, ser\u00e1n liberados\u00a0<span class=\"marky5a5nimu3\" data-markjs=\"true\">h<\/span>asta despu\u00e9s de 48\u00a0<span class=\"marky5a5nimu3\" data-markjs=\"true\">h<\/span>oras como lo prev\u00e9 dic<span class=\"marky5a5nimu3\" data-markjs=\"true\">h<\/span>a ley, por tanto; ser\u00e1\u00a0<span class=\"marky5a5nimu3\" data-markjs=\"true\">h<\/span>asta ma\u00f1ana viernes cuando puedan quedar en libertad sin pago de alguna sanci\u00f3n como se\u00a0<span class=\"marky5a5nimu3\" data-markjs=\"true\">h<\/span>ab\u00eda rumorado.<\/p>\n<p class=\"x_MsoNormal\">Los l\u00edderes del transporte en\u00a0<span class=\"mark6lygarrcb\" data-markjs=\"true\">La<\/span>\u00a0<span class=\"markydsv6kzbb\" data-markjs=\"true\">Piedad<\/span>, dijeron estar entre\u00a0<span class=\"mark6lygarrcb\" data-markjs=\"true\">la<\/span>\u00a0espada y\u00a0<span class=\"mark6lygarrcb\" data-markjs=\"true\">la<\/span>\u00a0pared, pues reconocen que su trabajo se debe a\u00a0<span class=\"mark6lygarrcb\" data-markjs=\"true\">la<\/span>\u00a0pob<span class=\"mark6lygarrcb\" data-markjs=\"true\">la<\/span>ci\u00f3n quien es\u00a0<span class=\"mark6lygarrcb\" data-markjs=\"true\">la<\/span>\u00a0que est\u00e1 sufriendo los estragos, por lo que esperan que sus compa\u00f1eros sean liberados a\u00a0<span class=\"mark6lygarrcb\" data-markjs=\"true\">la<\/span>\u00a0brevedad.<\/p>\n<p class=\"x_MsoNormal\">Ante ello el Alcalde\u00a0<span class=\"mark6lygarrcb\" data-markjs=\"true\">la<\/span>ment\u00f3 que\u00a0<span class=\"mark6lygarrcb\" data-markjs=\"true\">la<\/span>s cosas\u00a0<span class=\"marky5a5nimu3\" data-markjs=\"true\">h<\/span>ayan llegado a este punto y m\u00e1s a\u00fan que sea<span class=\"mark6lygarrcb\" data-markjs=\"true\">la<\/span>\u00a0ciudadan\u00eda quien est\u00e9 sufriendo los estragos del problema, por lo que, reiter\u00f3 que se entrevistar\u00e1 con\u00a0<span class=\"mark6lygarrcb\" data-markjs=\"true\">la<\/span>s autoridades estatales para conocer de primera mano\u00a0<span class=\"mark6lygarrcb\" data-markjs=\"true\">la<\/span>\u00a0situaci\u00f3n jur\u00eddica de sus compa\u00f1eros en espera de su pronta liberaci\u00f3n y de esa manera por consiguiente retomen su trabajo.<\/p>\n<p class=\"x_MsoNormal\">En el mismo tenor, el abogado de los transportistas inform\u00f3 que\u00a0<span class=\"marky5a5nimu3\" data-markjs=\"true\">h<\/span>ab\u00eda promovido el amparo para 15 de ellos, quej\u00e1ndose que personal de Seguridad P\u00fablica no recibi\u00f3 al actuario para notificar sobre este medio de control de constitucionalidad.<\/p>\n<p class=\"x_MsoNormal\">En cuanto a\u00a0<span class=\"mark6lygarrcb\" data-markjs=\"true\">la<\/span>s unidades que les fueron retiradas y llevadas al corral\u00f3n, el Alcalde ofreci\u00f3 agilizar y apoyar en este tr\u00e1mite ante\u00a0<span class=\"mark6lygarrcb\" data-markjs=\"true\">la<\/span>s instancias correspondientes. De tal manera que concluyeron estar en constante comunicaci\u00f3n\u00a0<span class=\"marky5a5nimu3\" data-markjs=\"true\">h<\/span>asta tener el resultado final de los agremiados y\u00a0<span class=\"mark6lygarrcb\" data-markjs=\"true\">la<\/span>\u00a0reanudaci\u00f3n del transporte p\u00fablico en bien de\u00a0<span class=\"mark6lygarrcb\" data-markjs=\"true\">la<\/span>\u00a0ciudadan\u00eda.<\/p>\n","protected":false},"excerpt":{"rendered":"<p>Reiter\u00f3 con los integrantes de este gremio que exigir\u00e1 a\u00a0las autoridades estatales que se respeten&#8230;<\/p>\n","protected":false},"author":1,"featured_media":3739,"comment_status":"open","ping_status":"open","sticky":false,"template":"","format":"standard","meta":{"jetpack_post_was_ever_published":false,"_jetpack_newsletter_access":"","_jetpack_dont_email_post_to_subs":false,"_jetpack_newsletter_tier_id":0,"_jetpack_memberships_contains_paywalled_content":false,"_jetpack_memberships_contains_paid_content":false,"footnotes":"","jetpack_publicize_message":"","jetpack_publicize_feature_enabled":true,"jetpack_social_post_already_shared":false,"jetpack_social_options":{"image_generator_settings":{"template":"highway","enabled":false},"version":2}},"categories":[1],"tags":[15],"class_list":["post-3738","post","type-post","status-publish","format-standard","has-post-thumbnail","hentry","category-la-piedad","tag-la-piedad"],"jetpack_publicize_connections":[],"jetpack_sharing_enabled":true,"featured_image_urls":{"full":["http:\/\/tvalaire.com\/wp-content\/uploads\/2018\/06\/01-2.jpg",1024,683,false],"thumbnail":["http:\/\/tvalaire.com\/wp-content\/uploads\/2018\/06\/01-2-150x150.jpg",150,150,true],"medium":["http:\/\/tvalaire.com\/wp-content\/uploads\/2018\/06\/01-2-300x200.jpg",300,200,true],"medium_large":["http:\/\/tvalaire.com\/wp-content\/uploads\/2018\/06\/01-2-768x512.jpg",640,427,true],"large":["http:\/\/tvalaire.com\/wp-content\/uploads\/2018\/06\/01-2-1024x683.jpg",640,427,true],"post-slider-thumb-size":["http:\/\/tvalaire.com\/wp-content\/uploads\/2018\/06\/01-2.jpg",285,190,false],"post-category-slider-size":["http:\/\/tvalaire.com\/wp-content\/uploads\/2018\/06\/01-2.jpg",330,220,false],"1536x1536":["http:\/\/tvalaire.com\/wp-content\/uploads\/2018\/06\/01-2.jpg",1024,683,false],"2048x2048":["http:\/\/tvalaire.com\/wp-content\/uploads\/2018\/06\/01-2.jpg",1024,683,false],"newsium-slider-full":["http:\/\/tvalaire.com\/wp-content\/uploads\/2018\/06\/01-2.jpg",1024,683,false],"newsium-featured":["http:\/\/tvalaire.com\/wp-content\/uploads\/2018\/06\/01-2.jpg",1024,683,false],"newsium-medium":["http:\/\/tvalaire.com\/wp-content\/uploads\/2018\/06\/01-2.jpg",712,475,false]},"author_info":{"info":["tvalairenoti"]},"category_info":"<a href=\"http:\/\/tvalaire.com\/?cat=1\" rel=\"category\">La Piedad<\/a>","tag_info":"La Piedad","comment_count":"0","jetpack_featured_media_url":"http:\/\/tvalaire.com\/wp-content\/uploads\/2018\/06\/01-2.jpg","_links":{"self":[{"href":"http:\/\/tvalaire.com\/index.php?rest_route=\/wp\/v2\/posts\/3738"}],"collection":[{"href":"http:\/\/tvalaire.com\/index.php?rest_route=\/wp\/v2\/posts"}],"about":[{"href":"http:\/\/tvalaire.com\/index.php?rest_route=\/wp\/v2\/types\/post"}],"author":[{"embeddable":true,"href":"http:\/\/tvalaire.com\/index.php?rest_route=\/wp\/v2\/users\/1"}],"replies":[{"embeddable":true,"href":"http:\/\/tvalaire.com\/index.php?rest_route=%2Fwp%2Fv2%2Fcomments&post=3738"}],"version-history":[{"count":1,"href":"http:\/\/tvalaire.com\/index.php?rest_route=\/wp\/v2\/posts\/3738\/revisions"}],"predecessor-version":[{"id":3740,"href":"http:\/\/tvalaire.com\/index.php?rest_route=\/wp\/v2\/posts\/3738\/revisions\/3740"}],"wp:featuredmedia":[{"embeddable":true,"href":"http:\/\/tvalaire.com\/index.php?rest_route=\/wp\/v2\/media\/3739"}],"wp:attachment":[{"href":"http:\/\/tvalaire.com\/index.php?rest_route=%2Fwp%2Fv2%2Fmedia&parent=3738"}],"wp:term":[{"taxonomy":"category","embeddable":true,"href":"http:\/\/tvalaire.com\/index.php?rest_route=%2Fwp%2Fv2%2Fcategories&post=3738"},{"taxonomy":"post_tag","embeddable":true,"href":"http:\/\/tvalaire.com\/index.php?rest_route=%2Fwp%2Fv2%2Ftags&post=3738"}],"curies":[{"name":"wp","href":"https:\/\/api.w.org\/{rel}","templated":true}]}}