{"id":3736,"date":"2018-05-02T10:41:59","date_gmt":"2018-05-02T15:41:59","guid":{"rendered":"http:\/\/tvalaire.com\/?p=3736"},"modified":"2018-06-04T10:43:57","modified_gmt":"2018-06-04T15:43:57","slug":"posicionamiento-institucional-2","status":"publish","type":"post","link":"http:\/\/tvalaire.com\/?p=3736","title":{"rendered":"POSICIONAMIENTO INSTITUCIONAL"},"content":{"rendered":"<p>GOBIERNO MUNICIPAL DE LA PIEDAD 2015-2018<\/p>\n<p>POSICIONAMIENTO INSTITUCIONAL<\/p>\n<p>Con relaci\u00f3n a los bloqueos realizados el d\u00eda de hoy por la ma\u00f1ana en diferentes puntos de este Municipio por parte de concesionarios y transportistas del servicio colectivo y en su modalidad de taxi, es preciso hacer el siguiente posicionamiento de parte de este Gobierno Municipal.<\/p>\n<p>Reiterar que como Gobierno Municipal se ha actuado y conducido con respeto a las leyes, y siempre nos hemos mantenido abiertos al di\u00e1logo con todos los actores sociales de este municipio; en este sentido, se ha garantizado el respeto a la libre manifestaci\u00f3n y expresi\u00f3n de todas y cada una de sus ideas.<\/p>\n<p>Por lo anterior y tomando en cuenta que se trat\u00f3 de un tema que ata\u00f1e a la seguridad de los ciudadanos, de inmediato se activaron Protocolos de Seguridad P\u00fablica ya establecidos y correspondi\u00f3 al Gobierno del Estado a trav\u00e9s de la Secretaria de Seguridad P\u00fablica, tomar el control de los operativos de vigilancia.<\/p>\n<p>Dichos Protocolos de Seguridad, se realizan con base a la ley y anteponiendo la seguridad de los ciudadanos que son a quienes nos debemos.<\/p>\n<p>Abogamos ante todo por la prudencia y la cordura de los manifestantes y del personal de Seguridad P\u00fablica del Estado para que por la v\u00eda pac\u00edfica y a trav\u00e9s del di\u00e1logo, se puedan superar las ideas y expresiones que ellos manifiesten.<\/p>\n<p>Reitero al pueblo de La Piedad, que como Gobierno Municipal, siempre hemos respetado los derechos humanos de los ciudadanos y hemos velado porque haya libre tr\u00e1nsito de las personas as\u00ed como la libre manifestaci\u00f3n y de esta manera seguiremos hasta el \u00faltimo d\u00eda de nuestro mandato.<\/p>\n<p>Como Gobierno Municipal seguiremos con la pol\u00edtica de puertas abiertas para escuchar y atender las inquietudes de los ciudadanos.<\/p>\n<p>De igual manera estaremos atentos a la situaci\u00f3n legal de los operadores que fueron detenidos por elementos de la Secretaria de Seguridad P\u00fablica del Estado, a la espera de su pronta liberaci\u00f3n y el pleno respeto a sus derechos humanos.<\/p>\n<p>Atte<\/p>\n<p>DIRECCI\u00d3N DE COMUNICACI\u00d3N SOCIAL<\/p>\n<p>GOBIERNO MUNICIPAL DE LA PIEDAD<\/p>\n<p>2015 \u2013 2018<\/p>\n","protected":false},"excerpt":{"rendered":"<p>GOBIERNO MUNICIPAL DE LA PIEDAD 2015-2018 POSICIONAMIENTO INSTITUCIONAL Con relaci\u00f3n a los bloqueos realizados el&#8230;<\/p>\n","protected":false},"author":1,"featured_media":0,"comment_status":"open","ping_status":"open","sticky":false,"template":"","format":"standard","meta":{"jetpack_post_was_ever_published":false,"_jetpack_newsletter_access":"","_jetpack_dont_email_post_to_subs":false,"_jetpack_newsletter_tier_id":0,"_jetpack_memberships_contains_paywalled_content":false,"_jetpack_memberships_contains_paid_content":false,"footnotes":"","jetpack_publicize_message":"","jetpack_publicize_feature_enabled":true,"jetpack_social_post_already_shared":false,"jetpack_social_options":{"image_generator_settings":{"template":"highway","enabled":false},"version":2}},"categories":[1],"tags":[15,36],"class_list":["post-3736","post","type-post","status-publish","format-standard","hentry","category-la-piedad","tag-la-piedad","tag-principales"],"jetpack_publicize_connections":[],"jetpack_sharing_enabled":true,"featured_image_urls":{"full":"","thumbnail":"","medium":"","medium_large":"","large":"","post-slider-thumb-size":"","post-category-slider-size":"","1536x1536":"","2048x2048":"","newsium-slider-full":"","newsium-featured":"","newsium-medium":""},"author_info":{"info":["tvalairenoti"]},"category_info":"<a href=\"http:\/\/tvalaire.com\/?cat=1\" rel=\"category\">La Piedad<\/a>","tag_info":"La Piedad","comment_count":"0","jetpack_featured_media_url":"","_links":{"self":[{"href":"http:\/\/tvalaire.com\/index.php?rest_route=\/wp\/v2\/posts\/3736"}],"collection":[{"href":"http:\/\/tvalaire.com\/index.php?rest_route=\/wp\/v2\/posts"}],"about":[{"href":"http:\/\/tvalaire.com\/index.php?rest_route=\/wp\/v2\/types\/post"}],"author":[{"embeddable":true,"href":"http:\/\/tvalaire.com\/index.php?rest_route=\/wp\/v2\/users\/1"}],"replies":[{"embeddable":true,"href":"http:\/\/tvalaire.com\/index.php?rest_route=%2Fwp%2Fv2%2Fcomments&post=3736"}],"version-history":[{"count":1,"href":"http:\/\/tvalaire.com\/index.php?rest_route=\/wp\/v2\/posts\/3736\/revisions"}],"predecessor-version":[{"id":3737,"href":"http:\/\/tvalaire.com\/index.php?rest_route=\/wp\/v2\/posts\/3736\/revisions\/3737"}],"wp:attachment":[{"href":"http:\/\/tvalaire.com\/index.php?rest_route=%2Fwp%2Fv2%2Fmedia&parent=3736"}],"wp:term":[{"taxonomy":"category","embeddable":true,"href":"http:\/\/tvalaire.com\/index.php?rest_route=%2Fwp%2Fv2%2Fcategories&post=3736"},{"taxonomy":"post_tag","embeddable":true,"href":"http:\/\/tvalaire.com\/index.php?rest_route=%2Fwp%2Fv2%2Ftags&post=3736"}],"curies":[{"name":"wp","href":"https:\/\/api.w.org\/{rel}","templated":true}]}}